{"id":13131,"date":"2024-03-15T14:00:00","date_gmt":"2024-03-15T13:00:00","guid":{"rendered":"https:\/\/www.kunstloft.de\/magazin\/?p=10590"},"modified":"2025-09-10T16:55:22","modified_gmt":"2025-09-10T14:55:22","slug":"9-palette-di-colori-di-primavera-per-la-vostra-casa","status":"publish","type":"post","link":"https:\/\/www.kunstloft.it\/rivista\/9-palette-di-colori-di-primavera-per-la-vostra-casa\/","title":{"rendered":"9 Migliori Palette di Colori Primaverili per Rinfrescare la Casa"},"content":{"rendered":"\t\t<div data-elementor-type=\"wp-post\" data-elementor-id=\"13131\" class=\"elementor elementor-13131\">\n\t\t\t\t\t\t<section class=\"elementor-section elementor-top-section elementor-element elementor-element-1c5c757 elementor-section-boxed elementor-section-height-default elementor-section-height-default\" data-id=\"1c5c757\" data-element_type=\"section\" data-e-type=\"section\">\n\t\t\t\t\t\t<div class=\"elementor-container elementor-column-gap-default\">\n\t\t\t\t\t<div class=\"elementor-column elementor-col-100 elementor-top-column elementor-element elementor-element-8b78a0a\" data-id=\"8b78a0a\" data-element_type=\"column\" data-e-type=\"column\">\n\t\t\t<div class=\"elementor-widget-wrap elementor-element-populated\">\n\t\t\t\t\t\t<div class=\"elementor-element elementor-element-818576a elementor-widget elementor-widget-heading\" data-id=\"818576a\" data-element_type=\"widget\" data-e-type=\"widget\" data-widget_type=\"heading.default\">\n\t\t\t\t<div class=\"elementor-widget-container\">\n\t\t\t\t\t<h1 class=\"elementor-heading-title elementor-size-default\">9 Migliori Colori di Primavera per <br \/>Rinfrescare la Casa<\/h1>\t\t\t\t<\/div>\n\t\t\t\t<\/div>\n\t\t\t\t<div class=\"elementor-element elementor-element-765bf1c elementor-widget elementor-widget-text-editor\" data-id=\"765bf1c\" data-element_type=\"widget\" data-e-type=\"widget\" data-widget_type=\"text-editor.default\">\n\t\t\t\t<div class=\"elementor-widget-container\">\n\t\t\t\t\t\t\t\t\t<p>La <b>primavera<\/b> porta con s\u00e9 una gamma di colori che ispirano e ravvivano il mondo del design d&#8217;interni. La nostra guida alle <b>9 migliori palette di colori per la primavera<\/b> presenta i colori pi\u00f9 incantevoli per la primavera, dai pastelli morbidi e tranquilli alle tonalit\u00e0 audaci e vibranti. Questa selezione \u00e8 pensata per trasformare il vostro spazio e riflettere la bellezza e la freschezza della stagione. Sfruttate il potere delle palette primaverili per rinfrescare e rivitalizzare la vostra casa con le migliori tendenze della stagione.<\/p>\t\t\t\t\t\t\t\t<\/div>\n\t\t\t\t<\/div>\n\t\t\t\t<div class=\"elementor-element elementor-element-4d6a84e elementor-widget elementor-widget-image\" data-id=\"4d6a84e\" data-element_type=\"widget\" data-e-type=\"widget\" data-widget_type=\"image.default\">\n\t\t\t\t<div class=\"elementor-widget-container\">\n\t\t\t\t\t\t\t\t\t\t\t\t\t\t\t\t<a href=\"https:\/\/www.kunstloft.it\/19792-stampa-artistica-explosion-of-flowers-wide\/\" target=\"_blank\">\n\t\t\t\t\t\t\t<img fetchpriority=\"high\" decoding=\"async\" width=\"950\" height=\"558\" src=\"https:\/\/www.kunstloft.it\/rivista\/wp-content\/uploads\/2024\/03\/spring-colour-palette-feat-image-1024x601.webp\" class=\"attachment-large size-large wp-image-12997\" alt=\"palette di colori di primavera immagine feat\" srcset=\"https:\/\/www.kunstloft.it\/rivista\/wp-content\/uploads\/2024\/03\/spring-colour-palette-feat-image-1024x601.webp 1024w, https:\/\/www.kunstloft.it\/rivista\/wp-content\/uploads\/2024\/03\/spring-colour-palette-feat-image-300x176.webp 300w, https:\/\/www.kunstloft.it\/rivista\/wp-content\/uploads\/2024\/03\/spring-colour-palette-feat-image-768x451.webp 768w, https:\/\/www.kunstloft.it\/rivista\/wp-content\/uploads\/2024\/03\/spring-colour-palette-feat-image-640x376.webp 640w, https:\/\/www.kunstloft.it\/rivista\/wp-content\/uploads\/2024\/03\/spring-colour-palette-feat-image.webp 1280w\" sizes=\"100vw\" \/>\t\t\t\t\t\t\t\t<\/a>\n\t\t\t\t\t\t\t\t\t\t\t\t\t\t\t<\/div>\n\t\t\t\t<\/div>\n\t\t\t\t\t<\/div>\n\t\t<\/div>\n\t\t\t\t\t<\/div>\n\t\t<\/section>\n\t\t\t\t<section class=\"elementor-section elementor-top-section elementor-element elementor-element-fda2244 elementor-section-boxed elementor-section-height-default elementor-section-height-default\" data-id=\"fda2244\" data-element_type=\"section\" data-e-type=\"section\">\n\t\t\t\t\t\t<div class=\"elementor-container elementor-column-gap-default\">\n\t\t\t\t\t<div class=\"elementor-column elementor-col-100 elementor-top-column elementor-element elementor-element-b578651\" data-id=\"b578651\" data-element_type=\"column\" data-e-type=\"column\" data-settings=\"{&quot;background_background&quot;:&quot;classic&quot;}\">\n\t\t\t<div class=\"elementor-widget-wrap elementor-element-populated\">\n\t\t\t\t\t\t<section class=\"elementor-section elementor-inner-section elementor-element elementor-element-f85c2aa elementor-section-boxed elementor-section-height-default elementor-section-height-default\" data-id=\"f85c2aa\" data-element_type=\"section\" data-e-type=\"section\">\n\t\t\t\t\t\t<div class=\"elementor-container elementor-column-gap-default\">\n\t\t\t\t\t<div class=\"elementor-column elementor-col-100 elementor-inner-column elementor-element elementor-element-dc29bb4\" data-id=\"dc29bb4\" data-element_type=\"column\" data-e-type=\"column\" data-settings=\"{&quot;background_background&quot;:&quot;classic&quot;}\">\n\t\t\t<div class=\"elementor-widget-wrap elementor-element-populated\">\n\t\t\t\t\t\t<div class=\"elementor-element elementor-element-02bbff7 elementor-widget elementor-widget-heading\" data-id=\"02bbff7\" data-element_type=\"widget\" data-e-type=\"widget\" data-widget_type=\"heading.default\">\n\t\t\t\t<div class=\"elementor-widget-container\">\n\t\t\t\t\t<h3 class=\"elementor-heading-title elementor-size-default\">Indice dei Contenuti<\/h3>\t\t\t\t<\/div>\n\t\t\t\t<\/div>\n\t\t\t\t<div class=\"elementor-element elementor-element-84efbe0 elementor-widget elementor-widget-text-editor\" data-id=\"84efbe0\" data-element_type=\"widget\" data-e-type=\"widget\" data-widget_type=\"text-editor.default\">\n\t\t\t\t<div class=\"elementor-widget-container\">\n\t\t\t\t\t\t\t\t\t<ul><li><a href=\"#Primavera\">Le Palette di Colori di Primavera e come si presentano in ogni ambiente<\/a><ul><li><a href=\"#Pastello\"><i><span style=\"font-weight: 400;\">Morbidi toni Pastello<\/span><\/i><\/a><\/li><li><a href=\"#Audace\"><i><span style=\"font-weight: 400;\">Luminoso e Audace<\/span><\/i><\/a><\/li><li><em><a href=\"#Terrosi\">Toni Neutri e Terrosi<\/a><\/em><\/li><li><a href=\"#Floreali\"><i><span style=\"font-weight: 400;\">Ispirazioni Floreali<\/span><\/i><\/a><\/li><li><i><\/i><a href=\"#Fresco\"><i>Fresco e Rinfrescante<\/i><\/a><\/li><li><em><a href=\"#Solari\">Tonalit\u00e0 Solari<\/a><\/em><\/li><li><a href=\"#Monocromatiche\"><i><span style=\"font-weight: 400;\">Tonalit\u00e0 Monocromatiche di Verde<\/span><\/i><\/a><\/li><li><em><a href=\"#Tropicale\">Luminosit\u00e0 Tropicale<\/a><\/em><\/li><li><a href=\"#Neutre\"><i><span style=\"font-weight: 400;\">Tonalit\u00e0 Neutre e Pastello<\/span><\/i><\/a><\/li><\/ul><\/li><li><a href=\"#Ravvivate\">Ravvivate la vostra casa con queste Palette di Colori di Primavera<\/a><\/li><li><a href=\"#FAQs\"><span style=\"font-weight: 400;\">FAQs &#8211; Domande frequenti<\/span><\/a><\/li><\/ul>\t\t\t\t\t\t\t\t<\/div>\n\t\t\t\t<\/div>\n\t\t\t\t\t<\/div>\n\t\t<\/div>\n\t\t\t\t\t<\/div>\n\t\t<\/section>\n\t\t\t\t\t<\/div>\n\t\t<\/div>\n\t\t\t\t\t<\/div>\n\t\t<\/section>\n\t\t\t\t<section class=\"elementor-section elementor-top-section elementor-element elementor-element-3132b86 elementor-section-boxed elementor-section-height-default elementor-section-height-default\" data-id=\"3132b86\" data-element_type=\"section\" data-e-type=\"section\">\n\t\t\t\t\t\t<div class=\"elementor-container elementor-column-gap-default\">\n\t\t\t\t\t<div class=\"elementor-column elementor-col-100 elementor-top-column elementor-element elementor-element-6241ea3\" data-id=\"6241ea3\" data-element_type=\"column\" data-e-type=\"column\">\n\t\t\t<div class=\"elementor-widget-wrap elementor-element-populated\">\n\t\t\t\t\t\t<div class=\"elementor-element elementor-element-90a4069 elementor-widget elementor-widget-heading\" data-id=\"90a4069\" data-element_type=\"widget\" data-e-type=\"widget\" id=\"Spring\" data-widget_type=\"heading.default\">\n\t\t\t\t<div class=\"elementor-widget-container\">\n\t\t\t\t\t<h2 class=\"elementor-heading-title elementor-size-default\">Le Palette di Colori di Primavera e come si presentano in ogni ambiente<\/h2>\t\t\t\t<\/div>\n\t\t\t\t<\/div>\n\t\t\t\t<div class=\"elementor-element elementor-element-2295b2e elementor-widget elementor-widget-heading\" data-id=\"2295b2e\" data-element_type=\"widget\" data-e-type=\"widget\" id=\"Pastello\" data-widget_type=\"heading.default\">\n\t\t\t\t<div class=\"elementor-widget-container\">\n\t\t\t\t\t<h3 class=\"elementor-heading-title elementor-size-default\">Morbidi toni Pastello<\/h3>\t\t\t\t<\/div>\n\t\t\t\t<\/div>\n\t\t\t\t<div class=\"elementor-element elementor-element-a7abe0c elementor-widget elementor-widget-text-editor\" data-id=\"a7abe0c\" data-element_type=\"widget\" data-e-type=\"widget\" data-widget_type=\"text-editor.default\">\n\t\t\t\t<div class=\"elementor-widget-container\">\n\t\t\t\t\t\t\t\t\t<p>La palette Soft Pastels ricorda i primi bagliori della primavera e offre una delicata tavolozza di colori composta da rosa tenui, azzurri, lavanda e verde menta. Queste tonalit\u00e0 catturano l&#8217;essenza delle delicate fioriture primaverili e creano un&#8217;atmosfera di serenit\u00e0 e calma. Questa tavolozza \u00e8 ideale per gli ambienti in cui si desidera un sottile accento di colore. Calma i sensi e porta la calma in casa.<\/p>\t\t\t\t\t\t\t\t<\/div>\n\t\t\t\t<\/div>\n\t\t\t\t<div class=\"elementor-element elementor-element-f594a67 elementor-widget elementor-widget-image\" data-id=\"f594a67\" data-element_type=\"widget\" data-e-type=\"widget\" data-widget_type=\"image.default\">\n\t\t\t\t<div class=\"elementor-widget-container\">\n\t\t\t\t\t\t\t\t\t\t\t\t\t\t\t\t<a href=\"https:\/\/www.kunstloft.fr\/8466-huile-sur-toile-change-of-times\/\" target=\"_blank\">\n\t\t\t\t\t\t\t<img decoding=\"async\" width=\"950\" height=\"640\" src=\"https:\/\/www.kunstloft.it\/rivista\/wp-content\/uploads\/2024\/03\/Pale-pink-and-mint-green-the-spring-colours-in-the-bedroom-1024x690.webp\" class=\"attachment-large size-large wp-image-12995\" alt=\"Rosa pallido e verde menta i colori di primavera in camera da letto\" srcset=\"https:\/\/www.kunstloft.it\/rivista\/wp-content\/uploads\/2024\/03\/Pale-pink-and-mint-green-the-spring-colours-in-the-bedroom-1024x690.webp 1024w, https:\/\/www.kunstloft.it\/rivista\/wp-content\/uploads\/2024\/03\/Pale-pink-and-mint-green-the-spring-colours-in-the-bedroom-300x202.webp 300w, https:\/\/www.kunstloft.it\/rivista\/wp-content\/uploads\/2024\/03\/Pale-pink-and-mint-green-the-spring-colours-in-the-bedroom-768x517.webp 768w, https:\/\/www.kunstloft.it\/rivista\/wp-content\/uploads\/2024\/03\/Pale-pink-and-mint-green-the-spring-colours-in-the-bedroom.webp 1085w\" sizes=\"100vw\" \/>\t\t\t\t\t\t\t\t<\/a>\n\t\t\t\t\t\t\t\t\t\t\t\t\t\t\t<\/div>\n\t\t\t\t<\/div>\n\t\t\t\t<section class=\"elementor-section elementor-inner-section elementor-element elementor-element-37b287a elementor-section-boxed elementor-section-height-default elementor-section-height-default\" data-id=\"37b287a\" data-element_type=\"section\" data-e-type=\"section\">\n\t\t\t\t\t\t<div class=\"elementor-container elementor-column-gap-default\">\n\t\t\t\t\t<div class=\"elementor-column elementor-col-100 elementor-inner-column elementor-element elementor-element-07de65e\" data-id=\"07de65e\" data-element_type=\"column\" data-e-type=\"column\">\n\t\t\t<div class=\"elementor-widget-wrap elementor-element-populated\">\n\t\t\t\t\t\t<div class=\"elementor-element elementor-element-fed67d9 elementor-widget__width-auto elementor-widget-tablet__width-auto elementor-widget elementor-widget-image\" data-id=\"fed67d9\" data-element_type=\"widget\" data-e-type=\"widget\" data-widget_type=\"image.default\">\n\t\t\t\t<div class=\"elementor-widget-container\">\n\t\t\t\t\t\t\t\t\t\t\t\t\t\t\t\t<a href=\"https:\/\/www.kunstloft.it\/wordpress\/it_IT\/it\/wp-content\/uploads\/2024\/03\/oil-painting-change-of-times-3.webp\" data-elementor-open-lightbox=\"yes\" data-elementor-lightbox-title=\"pittura ad olio cambiamento dei tempi\" data-elementor-lightbox-description=\"pittura ad olio cambiamento dei tempi\" data-e-action-hash=\"#elementor-action%3Aaction%3Dlightbox%26settings%3DeyJpZCI6MTI5OTQsInVybCI6Imh0dHBzOlwvXC93d3cua3Vuc3Rsb2Z0Lml0XC9yaXZpc3RhXC93cC1jb250ZW50XC91cGxvYWRzXC8yMDI0XC8wM1wvb2lsLXBhaW50aW5nLWNoYW5nZS1vZi10aW1lcy0zLndlYnAifQ%3D%3D\">\n\t\t\t\t\t\t\t<img decoding=\"async\" width=\"300\" height=\"200\" src=\"https:\/\/www.kunstloft.it\/rivista\/wp-content\/uploads\/2024\/03\/oil-painting-change-of-times-3-300x200.webp\" class=\"attachment-medium size-medium wp-image-12994\" alt=\"pittura ad olio cambiamento dei tempi\" srcset=\"https:\/\/www.kunstloft.it\/rivista\/wp-content\/uploads\/2024\/03\/oil-painting-change-of-times-3-300x200.webp 300w, https:\/\/www.kunstloft.it\/rivista\/wp-content\/uploads\/2024\/03\/oil-painting-change-of-times-3-768x512.webp 768w, https:\/\/www.kunstloft.it\/rivista\/wp-content\/uploads\/2024\/03\/oil-painting-change-of-times-3.webp 800w\" sizes=\"100vw\" \/>\t\t\t\t\t\t\t\t<\/a>\n\t\t\t\t\t\t\t\t\t\t\t\t\t\t\t<\/div>\n\t\t\t\t<\/div>\n\t\t\t\t<div class=\"elementor-element elementor-element-5df65d4 elementor-widget__width-auto elementor-widget-tablet__width-auto elementor-widget elementor-widget-image\" data-id=\"5df65d4\" data-element_type=\"widget\" data-e-type=\"widget\" data-widget_type=\"image.default\">\n\t\t\t\t<div class=\"elementor-widget-container\">\n\t\t\t\t\t\t\t\t\t\t\t\t\t\t\t\t<a href=\"https:\/\/www.kunstloft.it\/wordpress\/it_IT\/it\/wp-content\/uploads\/2024\/03\/oil-painting-change-of-times-2.webp\" data-elementor-open-lightbox=\"yes\" data-elementor-lightbox-title=\"pittura ad olio cambiamento dei tempi\" data-elementor-lightbox-description=\"pittura ad olio cambiamento dei tempi\" data-e-action-hash=\"#elementor-action%3Aaction%3Dlightbox%26settings%3DeyJpZCI6MTI5OTMsInVybCI6Imh0dHBzOlwvXC93d3cua3Vuc3Rsb2Z0Lml0XC9yaXZpc3RhXC93cC1jb250ZW50XC91cGxvYWRzXC8yMDI0XC8wM1wvb2lsLXBhaW50aW5nLWNoYW5nZS1vZi10aW1lcy0yLndlYnAifQ%3D%3D\">\n\t\t\t\t\t\t\t<img loading=\"lazy\" decoding=\"async\" width=\"300\" height=\"200\" src=\"https:\/\/www.kunstloft.it\/rivista\/wp-content\/uploads\/2024\/03\/oil-painting-change-of-times-2-300x200.webp\" class=\"attachment-medium size-medium wp-image-12993\" alt=\"pittura ad olio cambiamento dei tempi\" srcset=\"https:\/\/www.kunstloft.it\/rivista\/wp-content\/uploads\/2024\/03\/oil-painting-change-of-times-2-300x200.webp 300w, https:\/\/www.kunstloft.it\/rivista\/wp-content\/uploads\/2024\/03\/oil-painting-change-of-times-2-768x512.webp 768w, https:\/\/www.kunstloft.it\/rivista\/wp-content\/uploads\/2024\/03\/oil-painting-change-of-times-2.webp 800w\" sizes=\"100vw\" \/>\t\t\t\t\t\t\t\t<\/a>\n\t\t\t\t\t\t\t\t\t\t\t\t\t\t\t<\/div>\n\t\t\t\t<\/div>\n\t\t\t\t<div class=\"elementor-element elementor-element-9133906 elementor-widget__width-auto elementor-widget-tablet__width-auto elementor-widget elementor-widget-image\" data-id=\"9133906\" data-element_type=\"widget\" data-e-type=\"widget\" data-widget_type=\"image.default\">\n\t\t\t\t<div class=\"elementor-widget-container\">\n\t\t\t\t\t\t\t\t\t\t\t\t\t\t\t\t<a href=\"https:\/\/www.kunstloft.it\/wordpress\/it_IT\/it\/wp-content\/uploads\/2024\/03\/oil-painting-change-of-times-1.webp\" data-elementor-open-lightbox=\"yes\" data-elementor-lightbox-title=\"pittura ad olio cambiamento dei tempi\" data-elementor-lightbox-description=\"pittura ad olio cambiamento dei tempi\" data-e-action-hash=\"#elementor-action%3Aaction%3Dlightbox%26settings%3DeyJpZCI6MTI5OTIsInVybCI6Imh0dHBzOlwvXC93d3cua3Vuc3Rsb2Z0Lml0XC9yaXZpc3RhXC93cC1jb250ZW50XC91cGxvYWRzXC8yMDI0XC8wM1wvb2lsLXBhaW50aW5nLWNoYW5nZS1vZi10aW1lcy0xLndlYnAifQ%3D%3D\">\n\t\t\t\t\t\t\t<img loading=\"lazy\" decoding=\"async\" width=\"300\" height=\"200\" src=\"https:\/\/www.kunstloft.it\/rivista\/wp-content\/uploads\/2024\/03\/oil-painting-change-of-times-1-300x200.webp\" class=\"attachment-medium size-medium wp-image-12992\" alt=\"pittura ad olio cambiamento dei tempi\" srcset=\"https:\/\/www.kunstloft.it\/rivista\/wp-content\/uploads\/2024\/03\/oil-painting-change-of-times-1-300x200.webp 300w, https:\/\/www.kunstloft.it\/rivista\/wp-content\/uploads\/2024\/03\/oil-painting-change-of-times-1-768x512.webp 768w, https:\/\/www.kunstloft.it\/rivista\/wp-content\/uploads\/2024\/03\/oil-painting-change-of-times-1.webp 800w\" sizes=\"100vw\" \/>\t\t\t\t\t\t\t\t<\/a>\n\t\t\t\t\t\t\t\t\t\t\t\t\t\t\t<\/div>\n\t\t\t\t<\/div>\n\t\t\t\t\t<\/div>\n\t\t<\/div>\n\t\t\t\t\t<\/div>\n\t\t<\/section>\n\t\t\t\t<div class=\"elementor-element elementor-element-fc0c035 elementor-widget elementor-widget-text-editor\" data-id=\"fc0c035\" data-element_type=\"widget\" data-e-type=\"widget\" data-widget_type=\"text-editor.default\">\n\t\t\t\t<div class=\"elementor-widget-container\">\n\t\t\t\t\t\t\t\t\t<p style=\"text-align: center;\"><a href=\"https:\/\/www.kunstloft.fr\/8466-huile-sur-toile-change-of-times\/\" target=\"_blank\" rel=\"noopener\">XXL Tableaux \u00e0 l&#8217;huile &#8216;Change of Times&#8217; 180x120cm<\/a><\/p>\t\t\t\t\t\t\t\t<\/div>\n\t\t\t\t<\/div>\n\t\t\t\t\t<\/div>\n\t\t<\/div>\n\t\t\t\t\t<\/div>\n\t\t<\/section>\n\t\t\t\t<section class=\"elementor-section elementor-top-section elementor-element elementor-element-6d7af77 elementor-section-boxed elementor-section-height-default elementor-section-height-default\" data-id=\"6d7af77\" data-element_type=\"section\" data-e-type=\"section\">\n\t\t\t\t\t\t<div class=\"elementor-container elementor-column-gap-default\">\n\t\t\t\t\t<div class=\"elementor-column elementor-col-100 elementor-top-column elementor-element elementor-element-31aba11\" data-id=\"31aba11\" data-element_type=\"column\" data-e-type=\"column\">\n\t\t\t<div class=\"elementor-widget-wrap elementor-element-populated\">\n\t\t\t\t\t\t<div class=\"elementor-element elementor-element-fde3ab4 elementor-widget elementor-widget-heading\" data-id=\"fde3ab4\" data-element_type=\"widget\" data-e-type=\"widget\" id=\"Audace\" data-widget_type=\"heading.default\">\n\t\t\t\t<div class=\"elementor-widget-container\">\n\t\t\t\t\t<h3 class=\"elementor-heading-title elementor-size-default\">Luminoso e Audace<\/h3>\t\t\t\t<\/div>\n\t\t\t\t<\/div>\n\t\t\t\t<div class=\"elementor-element elementor-element-95f7cab elementor-widget elementor-widget-text-editor\" data-id=\"95f7cab\" data-element_type=\"widget\" data-e-type=\"widget\" data-widget_type=\"text-editor.default\">\n\t\t\t\t<div class=\"elementor-widget-container\">\n\t\t\t\t\t\t\t\t\t<p>Questa tavolozza celebra l&#8217;energia vibrante della primavera con tonalit\u00e0 audaci e vivaci come il fucsia, il giallo limone e il blu elettrico. Questi colori sono perfetti per aggiungere dinamismo e vitalit\u00e0 agli ambienti e riflettono lo spirito vibrante della stagione. Ideale per pareti d&#8217;accento, elementi di spicco o accenti decorativi, questa tavolozza trasformer\u00e0 qualsiasi ambiente in uno spazio vibrante ed energico.<\/p>\t\t\t\t\t\t\t\t<\/div>\n\t\t\t\t<\/div>\n\t\t\t\t<div class=\"elementor-element elementor-element-fd3ee47 elementor-widget elementor-widget-image\" data-id=\"fd3ee47\" data-element_type=\"widget\" data-e-type=\"widget\" data-widget_type=\"image.default\">\n\t\t\t\t<div class=\"elementor-widget-container\">\n\t\t\t\t\t\t\t\t\t\t\t\t\t\t\t\t<a href=\"https:\/\/www.kunstloft.it\/900-dipinto-olio-pink-spring\/\" target=\"_blank\">\n\t\t\t\t\t\t\t<img decoding=\"async\" src=\"https:\/\/www.kunstloft.de\/wordpress\/de_DE\/de\/wp-content\/uploads\/2024\/04\/helle-und-kraeftige-Fruehlingsfarben-im-wohnzimmer-4.webp\" title=\"\" alt=\"helle und kraeftige Fruehlingsfarben im wohnzimmer\" loading=\"lazy\" \/>\t\t\t\t\t\t\t\t<\/a>\n\t\t\t\t\t\t\t\t\t\t\t\t\t\t\t<\/div>\n\t\t\t\t<\/div>\n\t\t\t\t<div class=\"elementor-element elementor-element-00d0987 elementor-widget elementor-widget-text-editor\" data-id=\"00d0987\" data-element_type=\"widget\" data-e-type=\"widget\" data-widget_type=\"text-editor.default\">\n\t\t\t\t<div class=\"elementor-widget-container\">\n\t\t\t\t\t\t\t\t\t<p style=\"text-align: center;\"><a href=\"https:\/\/www.kunstloft.it\/900-dipinto-olio-pink-spring\/\" target=\"_blank\" rel=\"noopener\">XXL Dipinti a olio &#8216;Pink Spring&#8217; 180x120cm<\/a><\/p>\t\t\t\t\t\t\t\t<\/div>\n\t\t\t\t<\/div>\n\t\t\t\t\t<\/div>\n\t\t<\/div>\n\t\t\t\t\t<\/div>\n\t\t<\/section>\n\t\t\t\t<section class=\"elementor-section elementor-top-section elementor-element elementor-element-706e6eb elementor-section-boxed elementor-section-height-default elementor-section-height-default\" data-id=\"706e6eb\" data-element_type=\"section\" data-e-type=\"section\">\n\t\t\t\t\t\t<div class=\"elementor-container elementor-column-gap-default\">\n\t\t\t\t\t<div class=\"elementor-column elementor-col-100 elementor-top-column elementor-element elementor-element-0cfd2f5\" data-id=\"0cfd2f5\" data-element_type=\"column\" data-e-type=\"column\">\n\t\t\t<div class=\"elementor-widget-wrap elementor-element-populated\">\n\t\t\t\t\t\t<div class=\"elementor-element elementor-element-eccd712 elementor-widget-divider--view-line_text elementor-widget-divider--element-align-center elementor-widget elementor-widget-divider\" data-id=\"eccd712\" data-element_type=\"widget\" data-e-type=\"widget\" data-widget_type=\"divider.default\">\n\t\t\t\t<div class=\"elementor-widget-container\">\n\t\t\t\t\t\t\t<div class=\"elementor-divider\">\n\t\t\t<span class=\"elementor-divider-separator\">\n\t\t\t\t\t\t\t<span class=\"elementor-divider__text elementor-divider__element\">\n\t\t\t\tPALETTE DI COLORI PRIMAVERILI VIVACI E AUDACI CON OPERE D'ARTE DA PARETE IN METALLO\t\t\t\t<\/span>\n\t\t\t\t\t\t<\/span>\n\t\t<\/div>\n\t\t\t\t\t\t<\/div>\n\t\t\t\t<\/div>\n\t\t\t\t\t<\/div>\n\t\t<\/div>\n\t\t\t\t\t<\/div>\n\t\t<\/section>\n\t\t\t\t<section class=\"elementor-section elementor-top-section elementor-element elementor-element-769c487 elementor-section-boxed elementor-section-height-default elementor-section-height-default\" data-id=\"769c487\" data-element_type=\"section\" data-e-type=\"section\">\n\t\t\t\t\t\t<div class=\"elementor-container elementor-column-gap-default\">\n\t\t\t\t\t<div class=\"elementor-column elementor-col-25 elementor-top-column elementor-element elementor-element-6b2656d\" data-id=\"6b2656d\" data-element_type=\"column\" data-e-type=\"column\">\n\t\t\t<div class=\"elementor-widget-wrap elementor-element-populated\">\n\t\t\t\t\t\t<div class=\"elementor-element elementor-element-115fd74 elementor-widget elementor-widget-image\" data-id=\"115fd74\" data-element_type=\"widget\" data-e-type=\"widget\" data-widget_type=\"image.default\">\n\t\t\t\t<div class=\"elementor-widget-container\">\n\t\t\t\t\t\t\t\t\t\t\t\t\t\t\t\t<a href=\"https:\/\/www.kunstloft.it\/553-scultura-parete-metallo-crescita-selvaggia\/\" target=\"_blank\">\n\t\t\t\t\t\t\t<img loading=\"lazy\" decoding=\"async\" width=\"768\" height=\"512\" src=\"https:\/\/www.kunstloft.it\/rivista\/wp-content\/uploads\/2024\/03\/metal-wall-sculpture-wild-growth-768x512.webp\" class=\"attachment-medium_large size-medium_large wp-image-12990\" alt=\"Scultura da parete in metallo &apos;Crescita selvaggia&apos;\" srcset=\"https:\/\/www.kunstloft.it\/rivista\/wp-content\/uploads\/2024\/03\/metal-wall-sculpture-wild-growth-768x512.webp 768w, https:\/\/www.kunstloft.it\/rivista\/wp-content\/uploads\/2024\/03\/metal-wall-sculpture-wild-growth-300x200.webp 300w, https:\/\/www.kunstloft.it\/rivista\/wp-content\/uploads\/2024\/03\/metal-wall-sculpture-wild-growth.webp 800w\" sizes=\"100vw\" \/>\t\t\t\t\t\t\t\t<\/a>\n\t\t\t\t\t\t\t\t\t\t\t\t\t\t\t<\/div>\n\t\t\t\t<\/div>\n\t\t\t\t<div class=\"elementor-element elementor-element-a4b95ec elementor-widget elementor-widget-text-editor\" data-id=\"a4b95ec\" data-element_type=\"widget\" data-e-type=\"widget\" data-widget_type=\"text-editor.default\">\n\t\t\t\t<div class=\"elementor-widget-container\">\n\t\t\t\t\t\t\t\t\t<p style=\"text-align: center;\"><a href=\"https:\/\/www.kunstloft.it\/553-scultura-parete-metallo-crescita-selvaggia\/\" target=\"_blank\" rel=\"noopener\">Scultura da parete in metallo &#8216;Crescita selvaggia&#8217;<\/a><\/p>\t\t\t\t\t\t\t\t<\/div>\n\t\t\t\t<\/div>\n\t\t\t\t\t<\/div>\n\t\t<\/div>\n\t\t\t\t<div class=\"elementor-column elementor-col-25 elementor-top-column elementor-element elementor-element-5f0dd79\" data-id=\"5f0dd79\" data-element_type=\"column\" data-e-type=\"column\">\n\t\t\t<div class=\"elementor-widget-wrap elementor-element-populated\">\n\t\t\t\t\t\t<div class=\"elementor-element elementor-element-244d0eb elementor-widget elementor-widget-image\" data-id=\"244d0eb\" data-element_type=\"widget\" data-e-type=\"widget\" data-widget_type=\"image.default\">\n\t\t\t\t<div class=\"elementor-widget-container\">\n\t\t\t\t\t\t\t\t\t\t\t\t\t\t\t\t<a href=\"https:\/\/www.kunstloft.it\/5574-scultura-parete-metallo\/\" target=\"_blank\">\n\t\t\t\t\t\t\t<img loading=\"lazy\" decoding=\"async\" width=\"768\" height=\"512\" src=\"https:\/\/www.kunstloft.it\/rivista\/wp-content\/uploads\/2024\/03\/metal-wall-sculpture-flower-greeting-768x512.webp\" class=\"attachment-medium_large size-medium_large wp-image-12986\" alt=\"Scultura da parete in metallo &apos;Greeting of Flowers&apos;\" srcset=\"https:\/\/www.kunstloft.it\/rivista\/wp-content\/uploads\/2024\/03\/metal-wall-sculpture-flower-greeting-768x512.webp 768w, https:\/\/www.kunstloft.it\/rivista\/wp-content\/uploads\/2024\/03\/metal-wall-sculpture-flower-greeting-300x200.webp 300w, https:\/\/www.kunstloft.it\/rivista\/wp-content\/uploads\/2024\/03\/metal-wall-sculpture-flower-greeting.webp 800w\" sizes=\"100vw\" \/>\t\t\t\t\t\t\t\t<\/a>\n\t\t\t\t\t\t\t\t\t\t\t\t\t\t\t<\/div>\n\t\t\t\t<\/div>\n\t\t\t\t<div class=\"elementor-element elementor-element-12254e7 elementor-widget elementor-widget-text-editor\" data-id=\"12254e7\" data-element_type=\"widget\" data-e-type=\"widget\" data-widget_type=\"text-editor.default\">\n\t\t\t\t<div class=\"elementor-widget-container\">\n\t\t\t\t\t\t\t\t\t<p style=\"text-align: center;\"><a href=\"https:\/\/www.kunstloft.it\/5574-scultura-parete-metallo\/\" target=\"_blank\" rel=\"noopener\">Scultura da parete in metallo &#8216;Greeting of Flowers&#8217;<\/a><\/p>\t\t\t\t\t\t\t\t<\/div>\n\t\t\t\t<\/div>\n\t\t\t\t\t<\/div>\n\t\t<\/div>\n\t\t\t\t<div class=\"elementor-column elementor-col-25 elementor-top-column elementor-element elementor-element-c482b68\" data-id=\"c482b68\" data-element_type=\"column\" data-e-type=\"column\">\n\t\t\t<div class=\"elementor-widget-wrap elementor-element-populated\">\n\t\t\t\t\t\t<div class=\"elementor-element elementor-element-3c0f741 elementor-widget elementor-widget-image\" data-id=\"3c0f741\" data-element_type=\"widget\" data-e-type=\"widget\" data-widget_type=\"image.default\">\n\t\t\t\t<div class=\"elementor-widget-container\">\n\t\t\t\t\t\t\t\t\t\t\t\t\t\t\t\t<a href=\"https:\/\/www.kunstloft.it\/3677-scultura-parete-metallo-passeri-solitari\/\" target=\"_blank\">\n\t\t\t\t\t\t\t<img loading=\"lazy\" decoding=\"async\" width=\"768\" height=\"512\" src=\"https:\/\/www.kunstloft.it\/rivista\/wp-content\/uploads\/2024\/03\/metal-wall-sculpture-blue-beads-768x512.webp\" class=\"attachment-medium_large size-medium_large wp-image-12984\" alt=\"Scultura da parete in metallo &apos;Passeri solitari&apos;\" srcset=\"https:\/\/www.kunstloft.it\/rivista\/wp-content\/uploads\/2024\/03\/metal-wall-sculpture-blue-beads-768x512.webp 768w, https:\/\/www.kunstloft.it\/rivista\/wp-content\/uploads\/2024\/03\/metal-wall-sculpture-blue-beads-300x200.webp 300w, https:\/\/www.kunstloft.it\/rivista\/wp-content\/uploads\/2024\/03\/metal-wall-sculpture-blue-beads.webp 800w\" sizes=\"100vw\" \/>\t\t\t\t\t\t\t\t<\/a>\n\t\t\t\t\t\t\t\t\t\t\t\t\t\t\t<\/div>\n\t\t\t\t<\/div>\n\t\t\t\t<div class=\"elementor-element elementor-element-7c42ab6 elementor-widget elementor-widget-text-editor\" data-id=\"7c42ab6\" data-element_type=\"widget\" data-e-type=\"widget\" data-widget_type=\"text-editor.default\">\n\t\t\t\t<div class=\"elementor-widget-container\">\n\t\t\t\t\t\t\t\t\t<p style=\"text-align: center;\"><a href=\"https:\/\/www.kunstloft.it\/3677-scultura-parete-metallo-passeri-solitari\/\" target=\"_blank\" rel=\"noopener\">Scultura da parete in metallo &#8216;Passeri solitari&#8217;<\/a><\/p>\t\t\t\t\t\t\t\t<\/div>\n\t\t\t\t<\/div>\n\t\t\t\t\t<\/div>\n\t\t<\/div>\n\t\t\t\t<div class=\"elementor-column elementor-col-25 elementor-top-column elementor-element elementor-element-66e36e3\" data-id=\"66e36e3\" data-element_type=\"column\" data-e-type=\"column\">\n\t\t\t<div class=\"elementor-widget-wrap elementor-element-populated\">\n\t\t\t\t\t\t<div class=\"elementor-element elementor-element-908a108 elementor-widget elementor-widget-image\" data-id=\"908a108\" data-element_type=\"widget\" data-e-type=\"widget\" data-widget_type=\"image.default\">\n\t\t\t\t<div class=\"elementor-widget-container\">\n\t\t\t\t\t\t\t\t\t\t\t\t\t\t\t\t<a href=\"https:\/\/www.kunstloft.it\/7434-scultura-parete-metallo-magical-leaf-world\/\" target=\"_blank\">\n\t\t\t\t\t\t\t<img loading=\"lazy\" decoding=\"async\" width=\"768\" height=\"512\" src=\"https:\/\/www.kunstloft.it\/rivista\/wp-content\/uploads\/2024\/03\/metal-wall-sculpture-magical-leaf-world-768x512.webp\" class=\"attachment-medium_large size-medium_large wp-image-12988\" alt=\"Scultura da parete in metallo &apos;Magical Leaf World&apos;\" srcset=\"https:\/\/www.kunstloft.it\/rivista\/wp-content\/uploads\/2024\/03\/metal-wall-sculpture-magical-leaf-world-768x512.webp 768w, https:\/\/www.kunstloft.it\/rivista\/wp-content\/uploads\/2024\/03\/metal-wall-sculpture-magical-leaf-world-300x200.webp 300w, https:\/\/www.kunstloft.it\/rivista\/wp-content\/uploads\/2024\/03\/metal-wall-sculpture-magical-leaf-world.webp 800w\" sizes=\"100vw\" \/>\t\t\t\t\t\t\t\t<\/a>\n\t\t\t\t\t\t\t\t\t\t\t\t\t\t\t<\/div>\n\t\t\t\t<\/div>\n\t\t\t\t<div class=\"elementor-element elementor-element-a551c7e elementor-widget elementor-widget-text-editor\" data-id=\"a551c7e\" data-element_type=\"widget\" data-e-type=\"widget\" data-widget_type=\"text-editor.default\">\n\t\t\t\t<div class=\"elementor-widget-container\">\n\t\t\t\t\t\t\t\t\t<p style=\"text-align: center;\"><a href=\"https:\/\/www.kunstloft.it\/7434-scultura-parete-metallo-magical-leaf-world\/\" target=\"_blank\" rel=\"noopener\">Scultura da parete in metallo &#8216;Magical Leaf World&#8217;<\/a><\/p>\t\t\t\t\t\t\t\t<\/div>\n\t\t\t\t<\/div>\n\t\t\t\t\t<\/div>\n\t\t<\/div>\n\t\t\t\t\t<\/div>\n\t\t<\/section>\n\t\t\t\t<section class=\"elementor-section elementor-top-section elementor-element elementor-element-fabe3a9 elementor-section-boxed elementor-section-height-default elementor-section-height-default\" data-id=\"fabe3a9\" data-element_type=\"section\" data-e-type=\"section\">\n\t\t\t\t\t\t<div class=\"elementor-container elementor-column-gap-default\">\n\t\t\t\t\t<div class=\"elementor-column elementor-col-100 elementor-top-column elementor-element elementor-element-f1ef40c\" data-id=\"f1ef40c\" data-element_type=\"column\" data-e-type=\"column\">\n\t\t\t<div class=\"elementor-widget-wrap elementor-element-populated\">\n\t\t\t\t\t\t<div class=\"elementor-element elementor-element-146a6c3 elementor-widget elementor-widget-heading\" data-id=\"146a6c3\" data-element_type=\"widget\" data-e-type=\"widget\" id=\"Terrosi\" data-widget_type=\"heading.default\">\n\t\t\t\t<div class=\"elementor-widget-container\">\n\t\t\t\t\t<h3 class=\"elementor-heading-title elementor-size-default\">Toni Neutri e Terrosi<\/h3>\t\t\t\t<\/div>\n\t\t\t\t<\/div>\n\t\t\t\t<div class=\"elementor-element elementor-element-7a31153 elementor-widget elementor-widget-text-editor\" data-id=\"7a31153\" data-element_type=\"widget\" data-e-type=\"widget\" data-widget_type=\"text-editor.default\">\n\t\t\t\t<div class=\"elementor-widget-container\">\n\t\t\t\t\t\t\t\t\t<p>Ispirata alla rinascita della natura, la tavolozza Earthy Neutrals comprende calde tonalit\u00e0 di terracotta, ricchi beige, grigi morbidi e verdi muschiati. Questa tavolozza conferisce un senso di stabilit\u00e0 e di calma agli interni grazie al suo legame con il mondo naturale. \u00c8 perfetta per chi vuole portare un pezzo di natura nella propria casa e creare un rifugio accogliente e ispirato alla natura.<\/p>\t\t\t\t\t\t\t\t<\/div>\n\t\t\t\t<\/div>\n\t\t\t\t<div class=\"elementor-element elementor-element-19c038e elementor-widget elementor-widget-image\" data-id=\"19c038e\" data-element_type=\"widget\" data-e-type=\"widget\" data-widget_type=\"image.default\">\n\t\t\t\t<div class=\"elementor-widget-container\">\n\t\t\t\t\t\t\t\t\t\t\t\t\t\t\t\t<a href=\"https:\/\/www.kunstloft.it\/4800-dipinto-acrilico-gathering-of-flowers\/\" target=\"_blank\">\n\t\t\t\t\t\t\t<img loading=\"lazy\" decoding=\"async\" width=\"950\" height=\"565\" src=\"https:\/\/www.kunstloft.it\/rivista\/wp-content\/uploads\/2024\/03\/earthy-neutrals-spring-colour-palette-in-the-living-room-1-1024x609.webp\" class=\"attachment-large size-large wp-image-12982\" alt=\"\" srcset=\"https:\/\/www.kunstloft.it\/rivista\/wp-content\/uploads\/2024\/03\/earthy-neutrals-spring-colour-palette-in-the-living-room-1-1024x609.webp 1024w, https:\/\/www.kunstloft.it\/rivista\/wp-content\/uploads\/2024\/03\/earthy-neutrals-spring-colour-palette-in-the-living-room-1-300x178.webp 300w, https:\/\/www.kunstloft.it\/rivista\/wp-content\/uploads\/2024\/03\/earthy-neutrals-spring-colour-palette-in-the-living-room-1-768x457.webp 768w, https:\/\/www.kunstloft.it\/rivista\/wp-content\/uploads\/2024\/03\/earthy-neutrals-spring-colour-palette-in-the-living-room-1.webp 1280w\" sizes=\"100vw\" \/>\t\t\t\t\t\t\t\t<\/a>\n\t\t\t\t\t\t\t\t\t\t\t\t\t\t\t<\/div>\n\t\t\t\t<\/div>\n\t\t\t\t<div class=\"elementor-element elementor-element-2909057 elementor-widget elementor-widget-text-editor\" data-id=\"2909057\" data-element_type=\"widget\" data-e-type=\"widget\" data-widget_type=\"text-editor.default\">\n\t\t\t\t<div class=\"elementor-widget-container\">\n\t\t\t\t\t\t\t\t\t<p style=\"text-align: center;\"><a href=\"https:\/\/www.kunstloft.it\/4800-dipinto-acrilico-gathering-of-flowers\/\" target=\"_blank\" rel=\"noopener\">Quadro dipinto a mano &#8216;Gathering of Flowers&#8217; 80x80cm<\/a><\/p>\t\t\t\t\t\t\t\t<\/div>\n\t\t\t\t<\/div>\n\t\t\t\t\t<\/div>\n\t\t<\/div>\n\t\t\t\t\t<\/div>\n\t\t<\/section>\n\t\t\t\t<section class=\"elementor-section elementor-top-section elementor-element elementor-element-4b571c3 elementor-section-boxed elementor-section-height-default elementor-section-height-default\" data-id=\"4b571c3\" data-element_type=\"section\" data-e-type=\"section\">\n\t\t\t\t\t\t<div class=\"elementor-container elementor-column-gap-default\">\n\t\t\t\t\t<div class=\"elementor-column elementor-col-100 elementor-top-column elementor-element elementor-element-81c02bc\" data-id=\"81c02bc\" data-element_type=\"column\" data-e-type=\"column\">\n\t\t\t<div class=\"elementor-widget-wrap elementor-element-populated\">\n\t\t\t\t\t\t<div class=\"elementor-element elementor-element-739fbf7 elementor-widget-divider--view-line_text elementor-widget-divider--element-align-center elementor-widget elementor-widget-divider\" data-id=\"739fbf7\" data-element_type=\"widget\" data-e-type=\"widget\" data-widget_type=\"divider.default\">\n\t\t\t\t<div class=\"elementor-widget-container\">\n\t\t\t\t\t\t\t<div class=\"elementor-divider\">\n\t\t\t<span class=\"elementor-divider-separator\">\n\t\t\t\t\t\t\t<span class=\"elementor-divider__text elementor-divider__element\">\n\t\t\t\tIMMAGINI DIPINTE A MANO CHE COMPLETANO LA PALETTE DI COLORI DI PRIMAVERA NEUTRI E TERROSI\t\t\t\t<\/span>\n\t\t\t\t\t\t<\/span>\n\t\t<\/div>\n\t\t\t\t\t\t<\/div>\n\t\t\t\t<\/div>\n\t\t\t\t\t<\/div>\n\t\t<\/div>\n\t\t\t\t\t<\/div>\n\t\t<\/section>\n\t\t\t\t<section class=\"elementor-section elementor-top-section elementor-element elementor-element-38a1f64 elementor-section-boxed elementor-section-height-default elementor-section-height-default\" data-id=\"38a1f64\" data-element_type=\"section\" data-e-type=\"section\">\n\t\t\t\t\t\t<div class=\"elementor-container elementor-column-gap-default\">\n\t\t\t\t\t<div class=\"elementor-column elementor-col-33 elementor-top-column elementor-element elementor-element-ca5cbc5\" data-id=\"ca5cbc5\" data-element_type=\"column\" data-e-type=\"column\">\n\t\t\t<div class=\"elementor-widget-wrap elementor-element-populated\">\n\t\t\t\t\t\t<div class=\"elementor-element elementor-element-d9fa68b elementor-widget elementor-widget-image\" data-id=\"d9fa68b\" data-element_type=\"widget\" data-e-type=\"widget\" data-widget_type=\"image.default\">\n\t\t\t\t<div class=\"elementor-widget-container\">\n\t\t\t\t\t\t\t\t\t\t\t\t\t\t\t\t<a href=\"https:\/\/www.kunstloft.it\/295-dipinto-acrilico-concorso-per-la-gloria\/\" target=\"_blank\">\n\t\t\t\t\t\t\t<img loading=\"lazy\" decoding=\"async\" width=\"768\" height=\"512\" src=\"https:\/\/www.kunstloft.it\/rivista\/wp-content\/uploads\/2024\/03\/acrylic-paintings-competition-of-glory-768x512.webp\" class=\"attachment-medium_large size-medium_large wp-image-13009\" alt=\"Quadro dipinto a mano &apos;Concorso per la gloria&apos;\" srcset=\"https:\/\/www.kunstloft.it\/rivista\/wp-content\/uploads\/2024\/03\/acrylic-paintings-competition-of-glory-768x512.webp 768w, https:\/\/www.kunstloft.it\/rivista\/wp-content\/uploads\/2024\/03\/acrylic-paintings-competition-of-glory-300x200.webp 300w, https:\/\/www.kunstloft.it\/rivista\/wp-content\/uploads\/2024\/03\/acrylic-paintings-competition-of-glory.webp 800w\" sizes=\"100vw\" \/>\t\t\t\t\t\t\t\t<\/a>\n\t\t\t\t\t\t\t\t\t\t\t\t\t\t\t<\/div>\n\t\t\t\t<\/div>\n\t\t\t\t<div class=\"elementor-element elementor-element-cf01f43 elementor-widget elementor-widget-text-editor\" data-id=\"cf01f43\" data-element_type=\"widget\" data-e-type=\"widget\" data-widget_type=\"text-editor.default\">\n\t\t\t\t<div class=\"elementor-widget-container\">\n\t\t\t\t\t\t\t\t\t<p style=\"text-align: center;\"><a href=\"https:\/\/www.kunstloft.it\/295-dipinto-acrilico-concorso-per-la-gloria\/\" target=\"_blank\" rel=\"noopener\">Quadro dipinto a mano <br\/>&#8216;Concorso per la gloria&#8217;<\/a><\/p>\t\t\t\t\t\t\t\t<\/div>\n\t\t\t\t<\/div>\n\t\t\t\t\t<\/div>\n\t\t<\/div>\n\t\t\t\t<div class=\"elementor-column elementor-col-33 elementor-top-column elementor-element elementor-element-e0dab53\" data-id=\"e0dab53\" data-element_type=\"column\" data-e-type=\"column\">\n\t\t\t<div class=\"elementor-widget-wrap elementor-element-populated\">\n\t\t\t\t\t\t<div class=\"elementor-element elementor-element-1d8170a elementor-widget elementor-widget-image\" data-id=\"1d8170a\" data-element_type=\"widget\" data-e-type=\"widget\" data-widget_type=\"image.default\">\n\t\t\t\t<div class=\"elementor-widget-container\">\n\t\t\t\t\t\t\t\t\t\t\t\t\t\t\t\t<a href=\"https:\/\/www.kunstloft.it\/809-dipinto-acrilico-energia-in-fiore\/\" target=\"_blank\">\n\t\t\t\t\t\t\t<img loading=\"lazy\" decoding=\"async\" width=\"768\" height=\"512\" src=\"https:\/\/www.kunstloft.it\/rivista\/wp-content\/uploads\/2024\/03\/acrylic-paintings-blueing-power-768x512.webp\" class=\"attachment-medium_large size-medium_large wp-image-13007\" alt=\"Quadro dipinto a mano &apos;Energia in fiore&apos;\" srcset=\"https:\/\/www.kunstloft.it\/rivista\/wp-content\/uploads\/2024\/03\/acrylic-paintings-blueing-power-768x512.webp 768w, https:\/\/www.kunstloft.it\/rivista\/wp-content\/uploads\/2024\/03\/acrylic-paintings-blueing-power-300x200.webp 300w, https:\/\/www.kunstloft.it\/rivista\/wp-content\/uploads\/2024\/03\/acrylic-paintings-blueing-power.webp 800w\" sizes=\"100vw\" \/>\t\t\t\t\t\t\t\t<\/a>\n\t\t\t\t\t\t\t\t\t\t\t\t\t\t\t<\/div>\n\t\t\t\t<\/div>\n\t\t\t\t<div class=\"elementor-element elementor-element-098f629 elementor-widget elementor-widget-text-editor\" data-id=\"098f629\" data-element_type=\"widget\" data-e-type=\"widget\" data-widget_type=\"text-editor.default\">\n\t\t\t\t<div class=\"elementor-widget-container\">\n\t\t\t\t\t\t\t\t\t<p style=\"text-align: center;\"><a href=\"https:\/\/www.kunstloft.it\/809-dipinto-acrilico-energia-in-fiore\/\" target=\"_blank\" rel=\"noopener\">Quadro dipinto a mano <br\/>&#8216;Energia in fiore&#8217;<\/a><\/p>\t\t\t\t\t\t\t\t<\/div>\n\t\t\t\t<\/div>\n\t\t\t\t\t<\/div>\n\t\t<\/div>\n\t\t\t\t<div class=\"elementor-column elementor-col-33 elementor-top-column elementor-element elementor-element-90852c4\" data-id=\"90852c4\" data-element_type=\"column\" data-e-type=\"column\">\n\t\t\t<div class=\"elementor-widget-wrap elementor-element-populated\">\n\t\t\t\t\t\t<div class=\"elementor-element elementor-element-43ddc2c elementor-widget elementor-widget-image\" data-id=\"43ddc2c\" data-element_type=\"widget\" data-e-type=\"widget\" data-widget_type=\"image.default\">\n\t\t\t\t<div class=\"elementor-widget-container\">\n\t\t\t\t\t\t\t\t\t\t\t\t\t\t\t\t<a href=\"https:\/\/www.kunstloft.it\/291-dipinto-acrilico-ricordo-sbiadito\/\" target=\"_blank\">\n\t\t\t\t\t\t\t<img loading=\"lazy\" decoding=\"async\" width=\"768\" height=\"512\" src=\"https:\/\/www.kunstloft.it\/rivista\/wp-content\/uploads\/2024\/03\/acrylic-paintings-faded-memory-768x512.webp\" class=\"attachment-medium_large size-medium_large wp-image-13011\" alt=\"Quadro dipinto a mano &apos;Ricordo sbiadito&apos;\" srcset=\"https:\/\/www.kunstloft.it\/rivista\/wp-content\/uploads\/2024\/03\/acrylic-paintings-faded-memory-768x512.webp 768w, https:\/\/www.kunstloft.it\/rivista\/wp-content\/uploads\/2024\/03\/acrylic-paintings-faded-memory-300x200.webp 300w, https:\/\/www.kunstloft.it\/rivista\/wp-content\/uploads\/2024\/03\/acrylic-paintings-faded-memory.webp 800w\" sizes=\"100vw\" \/>\t\t\t\t\t\t\t\t<\/a>\n\t\t\t\t\t\t\t\t\t\t\t\t\t\t\t<\/div>\n\t\t\t\t<\/div>\n\t\t\t\t<div class=\"elementor-element elementor-element-f8c3f45 elementor-widget elementor-widget-text-editor\" data-id=\"f8c3f45\" data-element_type=\"widget\" data-e-type=\"widget\" data-widget_type=\"text-editor.default\">\n\t\t\t\t<div class=\"elementor-widget-container\">\n\t\t\t\t\t\t\t\t\t<p style=\"text-align: center;\"><a href=\"https:\/\/www.kunstloft.it\/291-dipinto-acrilico-ricordo-sbiadito\/\" target=\"_blank\" rel=\"noopener\">Quadro dipinto a mano <br\/>&#8216;Ricordo sbiadito&#8217;<\/a><\/p>\t\t\t\t\t\t\t\t<\/div>\n\t\t\t\t<\/div>\n\t\t\t\t\t<\/div>\n\t\t<\/div>\n\t\t\t\t\t<\/div>\n\t\t<\/section>\n\t\t\t\t<section class=\"elementor-section elementor-top-section elementor-element elementor-element-45fbaa0 elementor-section-boxed elementor-section-height-default elementor-section-height-default\" data-id=\"45fbaa0\" data-element_type=\"section\" data-e-type=\"section\">\n\t\t\t\t\t\t<div class=\"elementor-container elementor-column-gap-default\">\n\t\t\t\t\t<div class=\"elementor-column elementor-col-100 elementor-top-column elementor-element elementor-element-b786fb5\" data-id=\"b786fb5\" data-element_type=\"column\" data-e-type=\"column\">\n\t\t\t<div class=\"elementor-widget-wrap elementor-element-populated\">\n\t\t\t\t\t\t<div class=\"elementor-element elementor-element-7163150 elementor-widget elementor-widget-heading\" data-id=\"7163150\" data-element_type=\"widget\" data-e-type=\"widget\" id=\"Floral\" data-widget_type=\"heading.default\">\n\t\t\t\t<div class=\"elementor-widget-container\">\n\t\t\t\t\t<h3 class=\"elementor-heading-title elementor-size-default\">Ispirazioni Floreali<\/h3>\t\t\t\t<\/div>\n\t\t\t\t<\/div>\n\t\t\t\t<div class=\"elementor-element elementor-element-86b4368 elementor-widget elementor-widget-text-editor\" data-id=\"86b4368\" data-element_type=\"widget\" data-e-type=\"widget\" data-widget_type=\"text-editor.default\">\n\t\t\t\t<div class=\"elementor-widget-container\">\n\t\t\t\t\t\t\t\t\t<p>Questa tavolozza riprende i colori vivaci dello splendore floreale della primavera e contiene rosa peonia, giallo narciso, viola giacinto e rosso papavero. \u00c8 stata sviluppata per riempire gli ambienti con l&#8217;energia allegra dei fiori primaverili e creare un&#8217;atmosfera dinamica e stimolante. Questa tavolozza \u00e8 ideale per aggiungere accenti di colore brillante con accessori, tessuti o <a href=\"https:\/\/www.kunstloft.it\/collezioni\/\">opere d&#8217;arte da parete<\/a> per ravvivare qualsiasi interno.<\/p>\t\t\t\t\t\t\t\t<\/div>\n\t\t\t\t<\/div>\n\t\t\t\t<div class=\"elementor-element elementor-element-fe819d3 elementor-widget elementor-widget-image\" data-id=\"fe819d3\" data-element_type=\"widget\" data-e-type=\"widget\" data-widget_type=\"image.default\">\n\t\t\t\t<div class=\"elementor-widget-container\">\n\t\t\t\t\t\t\t\t\t\t\t\t\t\t\t\t<a href=\"https:\/\/www.kunstloft.it\/224-dipinto-acrilico-nel-giardino-di-domani\/\" target=\"_blank\">\n\t\t\t\t\t\t\t<img loading=\"lazy\" decoding=\"async\" width=\"950\" height=\"543\" src=\"https:\/\/www.kunstloft.it\/rivista\/wp-content\/uploads\/2024\/03\/floral-inspiration-spring-colors-in-the-living-room-1024x585.webp\" class=\"attachment-large size-large wp-image-13136\" alt=\"ispirazione floreale colori di primavera in salotto\" srcset=\"https:\/\/www.kunstloft.it\/rivista\/wp-content\/uploads\/2024\/03\/floral-inspiration-spring-colors-in-the-living-room-1024x585.webp 1024w, https:\/\/www.kunstloft.it\/rivista\/wp-content\/uploads\/2024\/03\/floral-inspiration-spring-colors-in-the-living-room-300x171.webp 300w, https:\/\/www.kunstloft.it\/rivista\/wp-content\/uploads\/2024\/03\/floral-inspiration-spring-colors-in-the-living-room-768x439.webp 768w, https:\/\/www.kunstloft.it\/rivista\/wp-content\/uploads\/2024\/03\/floral-inspiration-spring-colors-in-the-living-room-1536x878.webp 1536w, https:\/\/www.kunstloft.it\/rivista\/wp-content\/uploads\/2024\/03\/floral-inspiration-spring-colors-in-the-living-room.webp 1792w\" sizes=\"100vw\" \/>\t\t\t\t\t\t\t\t<\/a>\n\t\t\t\t\t\t\t\t\t\t\t\t\t\t\t<\/div>\n\t\t\t\t<\/div>\n\t\t\t\t<section class=\"elementor-section elementor-inner-section elementor-element elementor-element-743f093 elementor-section-boxed elementor-section-height-default elementor-section-height-default\" data-id=\"743f093\" data-element_type=\"section\" data-e-type=\"section\">\n\t\t\t\t\t\t<div class=\"elementor-container elementor-column-gap-default\">\n\t\t\t\t\t<div class=\"elementor-column elementor-col-100 elementor-inner-column elementor-element elementor-element-d4f1cc0\" data-id=\"d4f1cc0\" data-element_type=\"column\" data-e-type=\"column\">\n\t\t\t<div class=\"elementor-widget-wrap elementor-element-populated\">\n\t\t\t\t\t\t<div class=\"elementor-element elementor-element-eaf69a9 elementor-widget__width-auto elementor-widget-tablet__width-auto elementor-widget elementor-widget-image\" data-id=\"eaf69a9\" data-element_type=\"widget\" data-e-type=\"widget\" data-widget_type=\"image.default\">\n\t\t\t\t<div class=\"elementor-widget-container\">\n\t\t\t\t\t\t\t\t\t\t\t\t\t\t\t\t<a href=\"https:\/\/www.kunstloft.it\/wordpress\/it_IT\/it\/wp-content\/uploads\/2024\/03\/acrylic-paintings-in-the-garden-from-tomorrow-3.webp\" data-elementor-open-lightbox=\"yes\" data-elementor-lightbox-title=\"dipinti ad acrilico in giardino da domani\" data-elementor-lightbox-description=\"dipinti ad acrilico in giardino da domani\" data-e-action-hash=\"#elementor-action%3Aaction%3Dlightbox%26settings%3DeyJpZCI6MTI5NzIsInVybCI6Imh0dHBzOlwvXC93d3cua3Vuc3Rsb2Z0Lml0XC9yaXZpc3RhXC93cC1jb250ZW50XC91cGxvYWRzXC8yMDI0XC8wM1wvYWNyeWxpYy1wYWludGluZ3MtaW4tdGhlLWdhcmRlbi1mcm9tLXRvbW9ycm93LTMud2VicCJ9\">\n\t\t\t\t\t\t\t<img loading=\"lazy\" decoding=\"async\" width=\"300\" height=\"200\" src=\"https:\/\/www.kunstloft.it\/rivista\/wp-content\/uploads\/2024\/03\/acrylic-paintings-in-the-garden-from-tomorrow-3-300x200.webp\" class=\"attachment-medium size-medium wp-image-12972\" alt=\"dipinti ad acrilico in giardino da domani\" srcset=\"https:\/\/www.kunstloft.it\/rivista\/wp-content\/uploads\/2024\/03\/acrylic-paintings-in-the-garden-from-tomorrow-3-300x200.webp 300w, https:\/\/www.kunstloft.it\/rivista\/wp-content\/uploads\/2024\/03\/acrylic-paintings-in-the-garden-from-tomorrow-3-768x512.webp 768w, https:\/\/www.kunstloft.it\/rivista\/wp-content\/uploads\/2024\/03\/acrylic-paintings-in-the-garden-from-tomorrow-3.webp 800w\" sizes=\"100vw\" \/>\t\t\t\t\t\t\t\t<\/a>\n\t\t\t\t\t\t\t\t\t\t\t\t\t\t\t<\/div>\n\t\t\t\t<\/div>\n\t\t\t\t<div class=\"elementor-element elementor-element-cda15de elementor-widget__width-auto elementor-widget-tablet__width-auto elementor-widget elementor-widget-image\" data-id=\"cda15de\" data-element_type=\"widget\" data-e-type=\"widget\" data-widget_type=\"image.default\">\n\t\t\t\t<div class=\"elementor-widget-container\">\n\t\t\t\t\t\t\t\t\t\t\t\t\t\t\t\t<a href=\"https:\/\/www.kunstloft.it\/wordpress\/it_IT\/it\/wp-content\/uploads\/2024\/03\/acrylic-paintings-in-the-garden-from-tomorrow-1.webp\" data-elementor-open-lightbox=\"yes\" data-elementor-lightbox-title=\"dipinti ad acrilico in giardino da domani\" data-elementor-lightbox-description=\"dipinti ad acrilico in giardino da domani\" data-e-action-hash=\"#elementor-action%3Aaction%3Dlightbox%26settings%3DeyJpZCI6MTI5NzAsInVybCI6Imh0dHBzOlwvXC93d3cua3Vuc3Rsb2Z0Lml0XC9yaXZpc3RhXC93cC1jb250ZW50XC91cGxvYWRzXC8yMDI0XC8wM1wvYWNyeWxpYy1wYWludGluZ3MtaW4tdGhlLWdhcmRlbi1mcm9tLXRvbW9ycm93LTEud2VicCJ9\">\n\t\t\t\t\t\t\t<img loading=\"lazy\" decoding=\"async\" width=\"300\" height=\"200\" src=\"https:\/\/www.kunstloft.it\/rivista\/wp-content\/uploads\/2024\/03\/acrylic-paintings-in-the-garden-from-tomorrow-1-300x200.webp\" class=\"attachment-medium size-medium wp-image-12970\" alt=\"dipinti ad acrilico in giardino da domani\" srcset=\"https:\/\/www.kunstloft.it\/rivista\/wp-content\/uploads\/2024\/03\/acrylic-paintings-in-the-garden-from-tomorrow-1-300x200.webp 300w, https:\/\/www.kunstloft.it\/rivista\/wp-content\/uploads\/2024\/03\/acrylic-paintings-in-the-garden-from-tomorrow-1-768x512.webp 768w, https:\/\/www.kunstloft.it\/rivista\/wp-content\/uploads\/2024\/03\/acrylic-paintings-in-the-garden-from-tomorrow-1.webp 800w\" sizes=\"100vw\" \/>\t\t\t\t\t\t\t\t<\/a>\n\t\t\t\t\t\t\t\t\t\t\t\t\t\t\t<\/div>\n\t\t\t\t<\/div>\n\t\t\t\t<div class=\"elementor-element elementor-element-262d5e0 elementor-widget__width-auto elementor-widget-tablet__width-auto elementor-widget elementor-widget-image\" data-id=\"262d5e0\" data-element_type=\"widget\" data-e-type=\"widget\" data-widget_type=\"image.default\">\n\t\t\t\t<div class=\"elementor-widget-container\">\n\t\t\t\t\t\t\t\t\t\t\t\t\t\t\t\t<a href=\"https:\/\/www.kunstloft.it\/wordpress\/it_IT\/it\/wp-content\/uploads\/2024\/03\/acrylic-paintings-in-the-garden-from-tomorrow-2.webp\" data-elementor-open-lightbox=\"yes\" data-elementor-lightbox-title=\"dipinti ad acrilico in giardino da domani\" data-elementor-lightbox-description=\"dipinti ad acrilico in giardino da domani\" data-e-action-hash=\"#elementor-action%3Aaction%3Dlightbox%26settings%3DeyJpZCI6MTI5NzEsInVybCI6Imh0dHBzOlwvXC93d3cua3Vuc3Rsb2Z0Lml0XC9yaXZpc3RhXC93cC1jb250ZW50XC91cGxvYWRzXC8yMDI0XC8wM1wvYWNyeWxpYy1wYWludGluZ3MtaW4tdGhlLWdhcmRlbi1mcm9tLXRvbW9ycm93LTIud2VicCJ9\">\n\t\t\t\t\t\t\t<img loading=\"lazy\" decoding=\"async\" width=\"300\" height=\"200\" src=\"https:\/\/www.kunstloft.it\/rivista\/wp-content\/uploads\/2024\/03\/acrylic-paintings-in-the-garden-from-tomorrow-2-300x200.webp\" class=\"attachment-medium size-medium wp-image-12971\" alt=\"dipinti ad acrilico in giardino da domani\" srcset=\"https:\/\/www.kunstloft.it\/rivista\/wp-content\/uploads\/2024\/03\/acrylic-paintings-in-the-garden-from-tomorrow-2-300x200.webp 300w, https:\/\/www.kunstloft.it\/rivista\/wp-content\/uploads\/2024\/03\/acrylic-paintings-in-the-garden-from-tomorrow-2-768x512.webp 768w, https:\/\/www.kunstloft.it\/rivista\/wp-content\/uploads\/2024\/03\/acrylic-paintings-in-the-garden-from-tomorrow-2.webp 800w\" sizes=\"100vw\" \/>\t\t\t\t\t\t\t\t<\/a>\n\t\t\t\t\t\t\t\t\t\t\t\t\t\t\t<\/div>\n\t\t\t\t<\/div>\n\t\t\t\t\t<\/div>\n\t\t<\/div>\n\t\t\t\t\t<\/div>\n\t\t<\/section>\n\t\t\t\t<div class=\"elementor-element elementor-element-ac2a298 elementor-widget elementor-widget-text-editor\" data-id=\"ac2a298\" data-element_type=\"widget\" data-e-type=\"widget\" data-widget_type=\"text-editor.default\">\n\t\t\t\t<div class=\"elementor-widget-container\">\n\t\t\t\t\t\t\t\t\t<p style=\"text-align: center;\"><a href=\"https:\/\/www.kunstloft.it\/224-dipinto-acrilico-nel-giardino-di-domani\/\" target=\"_blank\" rel=\"noopener\">Quadro dipinto a mano &#8216;Nel giardino di domani&#8217; 90x60cm<\/a><\/p>\t\t\t\t\t\t\t\t<\/div>\n\t\t\t\t<\/div>\n\t\t\t\t\t<\/div>\n\t\t<\/div>\n\t\t\t\t\t<\/div>\n\t\t<\/section>\n\t\t\t\t<section class=\"elementor-section elementor-top-section elementor-element elementor-element-8fd8ca1 elementor-section-boxed elementor-section-height-default elementor-section-height-default\" data-id=\"8fd8ca1\" data-element_type=\"section\" data-e-type=\"section\">\n\t\t\t\t\t\t<div class=\"elementor-container elementor-column-gap-default\">\n\t\t\t\t\t<div class=\"elementor-column elementor-col-100 elementor-top-column elementor-element elementor-element-f128852\" data-id=\"f128852\" data-element_type=\"column\" data-e-type=\"column\">\n\t\t\t<div class=\"elementor-widget-wrap elementor-element-populated\">\n\t\t\t\t\t\t<div class=\"elementor-element elementor-element-440da87 elementor-widget-divider--view-line_text elementor-widget-divider--element-align-center elementor-widget elementor-widget-divider\" data-id=\"440da87\" data-element_type=\"widget\" data-e-type=\"widget\" data-widget_type=\"divider.default\">\n\t\t\t\t<div class=\"elementor-widget-container\">\n\t\t\t\t\t\t\t<div class=\"elementor-divider\">\n\t\t\t<span class=\"elementor-divider-separator\">\n\t\t\t\t\t\t\t<span class=\"elementor-divider__text elementor-divider__element\">\n\t\t\t\tSFONDI CON ISPIRAZIONI FLOREALI\t\t\t\t<\/span>\n\t\t\t\t\t\t<\/span>\n\t\t<\/div>\n\t\t\t\t\t\t<\/div>\n\t\t\t\t<\/div>\n\t\t\t\t\t<\/div>\n\t\t<\/div>\n\t\t\t\t\t<\/div>\n\t\t<\/section>\n\t\t\t\t<section class=\"elementor-section elementor-top-section elementor-element elementor-element-a875430 elementor-section-boxed elementor-section-height-default elementor-section-height-default\" data-id=\"a875430\" data-element_type=\"section\" data-e-type=\"section\">\n\t\t\t\t\t\t<div class=\"elementor-container elementor-column-gap-default\">\n\t\t\t\t\t<div class=\"elementor-column elementor-col-33 elementor-top-column elementor-element elementor-element-68a6898\" data-id=\"68a6898\" data-element_type=\"column\" data-e-type=\"column\">\n\t\t\t<div class=\"elementor-widget-wrap elementor-element-populated\">\n\t\t\t\t\t\t<div class=\"elementor-element elementor-element-5847a4a elementor-widget elementor-widget-image\" data-id=\"5847a4a\" data-element_type=\"widget\" data-e-type=\"widget\" data-widget_type=\"image.default\">\n\t\t\t\t<div class=\"elementor-widget-container\">\n\t\t\t\t\t\t\t\t\t\t\t\t\t\t\t\t<a href=\"https:\/\/www.kunstloft.it\/18541-carta-parati-moderna-waterfall-of-roses-first-variant\/\" target=\"_blank\">\n\t\t\t\t\t\t\t<img loading=\"lazy\" decoding=\"async\" width=\"768\" height=\"768\" src=\"https:\/\/www.kunstloft.it\/rivista\/wp-content\/uploads\/2024\/03\/wallpaper-waterfall-of-roses-first-variant-768x768.webp\" class=\"attachment-medium_large size-medium_large wp-image-13006\" alt=\"Carta da parati &apos;Waterfall of Roses - First Variant&apos;\" srcset=\"https:\/\/www.kunstloft.it\/rivista\/wp-content\/uploads\/2024\/03\/wallpaper-waterfall-of-roses-first-variant-768x768.webp 768w, https:\/\/www.kunstloft.it\/rivista\/wp-content\/uploads\/2024\/03\/wallpaper-waterfall-of-roses-first-variant-300x300.webp 300w, https:\/\/www.kunstloft.it\/rivista\/wp-content\/uploads\/2024\/03\/wallpaper-waterfall-of-roses-first-variant-150x150.webp 150w, https:\/\/www.kunstloft.it\/rivista\/wp-content\/uploads\/2024\/03\/wallpaper-waterfall-of-roses-first-variant.webp 800w\" sizes=\"100vw\" \/>\t\t\t\t\t\t\t\t<\/a>\n\t\t\t\t\t\t\t\t\t\t\t\t\t\t\t<\/div>\n\t\t\t\t<\/div>\n\t\t\t\t<div class=\"elementor-element elementor-element-7f651a8 elementor-widget elementor-widget-text-editor\" data-id=\"7f651a8\" data-element_type=\"widget\" data-e-type=\"widget\" data-widget_type=\"text-editor.default\">\n\t\t\t\t<div class=\"elementor-widget-container\">\n\t\t\t\t\t\t\t\t\t<p style=\"text-align: center;\"><a href=\"https:\/\/www.kunstloft.it\/18541-carta-parati-moderna-waterfall-of-roses-first-variant\/\" target=\"_blank\" rel=\"noopener\">Carta da parati <br\/>&#8216;Waterfall of Roses &#8211; First Variant&#8217;<\/a><\/p>\t\t\t\t\t\t\t\t<\/div>\n\t\t\t\t<\/div>\n\t\t\t\t\t<\/div>\n\t\t<\/div>\n\t\t\t\t<div class=\"elementor-column elementor-col-33 elementor-top-column elementor-element elementor-element-e0cc582\" data-id=\"e0cc582\" data-element_type=\"column\" data-e-type=\"column\">\n\t\t\t<div class=\"elementor-widget-wrap elementor-element-populated\">\n\t\t\t\t\t\t<div class=\"elementor-element elementor-element-c806d0c elementor-widget elementor-widget-image\" data-id=\"c806d0c\" data-element_type=\"widget\" data-e-type=\"widget\" data-widget_type=\"image.default\">\n\t\t\t\t<div class=\"elementor-widget-container\">\n\t\t\t\t\t\t\t\t\t\t\t\t\t\t\t\t<a href=\"https:\/\/www.kunstloft.it\/18623-carta-parati-moderna-sunk-in-stone-second-variant\/\" target=\"_blank\">\n\t\t\t\t\t\t\t<img loading=\"lazy\" decoding=\"async\" width=\"768\" height=\"768\" src=\"https:\/\/www.kunstloft.it\/rivista\/wp-content\/uploads\/2024\/03\/wallpaper-sunk-in-stone-second-variant-768x768.webp\" class=\"attachment-medium_large size-medium_large wp-image-13005\" alt=\"Carta da parati &apos;Sunk in Stone - Second Variant&apos;\" srcset=\"https:\/\/www.kunstloft.it\/rivista\/wp-content\/uploads\/2024\/03\/wallpaper-sunk-in-stone-second-variant-768x768.webp 768w, https:\/\/www.kunstloft.it\/rivista\/wp-content\/uploads\/2024\/03\/wallpaper-sunk-in-stone-second-variant-300x300.webp 300w, https:\/\/www.kunstloft.it\/rivista\/wp-content\/uploads\/2024\/03\/wallpaper-sunk-in-stone-second-variant-150x150.webp 150w, https:\/\/www.kunstloft.it\/rivista\/wp-content\/uploads\/2024\/03\/wallpaper-sunk-in-stone-second-variant.webp 800w\" sizes=\"100vw\" \/>\t\t\t\t\t\t\t\t<\/a>\n\t\t\t\t\t\t\t\t\t\t\t\t\t\t\t<\/div>\n\t\t\t\t<\/div>\n\t\t\t\t<div class=\"elementor-element elementor-element-b45c699 elementor-widget elementor-widget-text-editor\" data-id=\"b45c699\" data-element_type=\"widget\" data-e-type=\"widget\" data-widget_type=\"text-editor.default\">\n\t\t\t\t<div class=\"elementor-widget-container\">\n\t\t\t\t\t\t\t\t\t<p style=\"text-align: center;\"><a href=\"https:\/\/www.kunstloft.it\/18623-carta-parati-moderna-sunk-in-stone-second-variant\/\" target=\"_blank\" rel=\"noopener\">Carta da parati <br\/>&#8216;Sunk in Stone &#8211; Second Variant&#8217;<\/a><\/p>\t\t\t\t\t\t\t\t<\/div>\n\t\t\t\t<\/div>\n\t\t\t\t\t<\/div>\n\t\t<\/div>\n\t\t\t\t<div class=\"elementor-column elementor-col-33 elementor-top-column elementor-element elementor-element-520544c\" data-id=\"520544c\" data-element_type=\"column\" data-e-type=\"column\">\n\t\t\t<div class=\"elementor-widget-wrap elementor-element-populated\">\n\t\t\t\t\t\t<div class=\"elementor-element elementor-element-b8d0b17 elementor-widget elementor-widget-image\" data-id=\"b8d0b17\" data-element_type=\"widget\" data-e-type=\"widget\" data-widget_type=\"image.default\">\n\t\t\t\t<div class=\"elementor-widget-container\">\n\t\t\t\t\t\t\t\t\t\t\t\t\t\t\t\t<a href=\"https:\/\/www.kunstloft.it\/17963-carta-parati-moderna-flowery-marble\/\" target=\"_blank\">\n\t\t\t\t\t\t\t<img loading=\"lazy\" decoding=\"async\" width=\"768\" height=\"768\" src=\"https:\/\/www.kunstloft.it\/rivista\/wp-content\/uploads\/2024\/03\/wallpaper-flowery-marble-768x768.webp\" class=\"attachment-medium_large size-medium_large wp-image-13004\" alt=\"Carta da parati &apos;Flowery Marble&apos;\" srcset=\"https:\/\/www.kunstloft.it\/rivista\/wp-content\/uploads\/2024\/03\/wallpaper-flowery-marble-768x768.webp 768w, https:\/\/www.kunstloft.it\/rivista\/wp-content\/uploads\/2024\/03\/wallpaper-flowery-marble-300x300.webp 300w, https:\/\/www.kunstloft.it\/rivista\/wp-content\/uploads\/2024\/03\/wallpaper-flowery-marble-150x150.webp 150w, https:\/\/www.kunstloft.it\/rivista\/wp-content\/uploads\/2024\/03\/wallpaper-flowery-marble.webp 800w\" sizes=\"100vw\" \/>\t\t\t\t\t\t\t\t<\/a>\n\t\t\t\t\t\t\t\t\t\t\t\t\t\t\t<\/div>\n\t\t\t\t<\/div>\n\t\t\t\t<div class=\"elementor-element elementor-element-ee80ddc elementor-widget elementor-widget-text-editor\" data-id=\"ee80ddc\" data-element_type=\"widget\" data-e-type=\"widget\" data-widget_type=\"text-editor.default\">\n\t\t\t\t<div class=\"elementor-widget-container\">\n\t\t\t\t\t\t\t\t\t<p style=\"text-align: center;\"><a href=\"https:\/\/www.kunstloft.it\/17963-carta-parati-moderna-flowery-marble\/\" target=\"_blank\" rel=\"noopener\">Carta da parati <br\/>&#8216;Flowery Marble&#8217;<\/a><\/p>\t\t\t\t\t\t\t\t<\/div>\n\t\t\t\t<\/div>\n\t\t\t\t\t<\/div>\n\t\t<\/div>\n\t\t\t\t\t<\/div>\n\t\t<\/section>\n\t\t\t\t<section class=\"elementor-section elementor-top-section elementor-element elementor-element-0f21b25 elementor-section-boxed elementor-section-height-default elementor-section-height-default\" data-id=\"0f21b25\" data-element_type=\"section\" data-e-type=\"section\">\n\t\t\t\t\t\t<div class=\"elementor-container elementor-column-gap-default\">\n\t\t\t\t\t<div class=\"elementor-column elementor-col-100 elementor-top-column elementor-element elementor-element-3b3fc36\" data-id=\"3b3fc36\" data-element_type=\"column\" data-e-type=\"column\">\n\t\t\t<div class=\"elementor-widget-wrap elementor-element-populated\">\n\t\t\t\t\t\t<div class=\"elementor-element elementor-element-1b3ac25 elementor-widget elementor-widget-heading\" data-id=\"1b3ac25\" data-element_type=\"widget\" data-e-type=\"widget\" id=\"Rinfrescante\" data-widget_type=\"heading.default\">\n\t\t\t\t<div class=\"elementor-widget-container\">\n\t\t\t\t\t<h3 class=\"elementor-heading-title elementor-size-default\">Fresco e Rinfrescante<\/h3>\t\t\t\t<\/div>\n\t\t\t\t<\/div>\n\t\t\t\t<div class=\"elementor-element elementor-element-a4edfb0 elementor-widget elementor-widget-text-editor\" data-id=\"a4edfb0\" data-element_type=\"widget\" data-e-type=\"widget\" data-widget_type=\"text-editor.default\">\n\t\t\t\t<div class=\"elementor-widget-container\">\n\t\t\t\t\t\t\t\t\t<p>La tavolozza Cool and Refreshing riflette le mattine fresche e frizzanti della stagione e comprende il blu cielo, il verde mare, il viola freddo e l&#8217;acqua chiara. Questi colori trasmettono una sensazione di freschezza e ariosit\u00e0 che \u00e8 rinvigorente e calmante. Perfetta per le camere da letto e i bagni, questa tavolozza porta una ventata di aria fresca in casa, riflettendo la qualit\u00e0 rigenerante della primavera stessa.<\/p>\t\t\t\t\t\t\t\t<\/div>\n\t\t\t\t<\/div>\n\t\t\t\t<div class=\"elementor-element elementor-element-4a24ffe elementor-widget elementor-widget-image\" data-id=\"4a24ffe\" data-element_type=\"widget\" data-e-type=\"widget\" data-widget_type=\"image.default\">\n\t\t\t\t<div class=\"elementor-widget-container\">\n\t\t\t\t\t\t\t\t\t\t\t\t\t\t\t\t<a href=\"https:\/\/www.kunstloft.it\/840-dipinto-acrilico-corona-di-fiori-bianchi\/\" target=\"_blank\">\n\t\t\t\t\t\t\t<img loading=\"lazy\" decoding=\"async\" width=\"950\" height=\"593\" src=\"https:\/\/www.kunstloft.it\/rivista\/wp-content\/uploads\/2024\/03\/cool-and-refreshing-spring-colour-palette-in-the-bathroom-1024x639.webp\" class=\"attachment-large size-large wp-image-12981\" alt=\"una fresca e rinfrescante palette di colori di primavera nella stanza da bagno\" srcset=\"https:\/\/www.kunstloft.it\/rivista\/wp-content\/uploads\/2024\/03\/cool-and-refreshing-spring-colour-palette-in-the-bathroom-1024x639.webp 1024w, https:\/\/www.kunstloft.it\/rivista\/wp-content\/uploads\/2024\/03\/cool-and-refreshing-spring-colour-palette-in-the-bathroom-300x187.webp 300w, https:\/\/www.kunstloft.it\/rivista\/wp-content\/uploads\/2024\/03\/cool-and-refreshing-spring-colour-palette-in-the-bathroom-768x479.webp 768w, https:\/\/www.kunstloft.it\/rivista\/wp-content\/uploads\/2024\/03\/cool-and-refreshing-spring-colour-palette-in-the-bathroom.webp 1172w\" sizes=\"100vw\" \/>\t\t\t\t\t\t\t\t<\/a>\n\t\t\t\t\t\t\t\t\t\t\t\t\t\t\t<\/div>\n\t\t\t\t<\/div>\n\t\t\t\t<div class=\"elementor-element elementor-element-d7aedaa elementor-widget elementor-widget-text-editor\" data-id=\"d7aedaa\" data-element_type=\"widget\" data-e-type=\"widget\" data-widget_type=\"text-editor.default\">\n\t\t\t\t<div class=\"elementor-widget-container\">\n\t\t\t\t\t\t\t\t\t<p style=\"text-align: center;\"><a href=\"https:\/\/www.kunstloft.it\/840-dipinto-acrilico-corona-di-fiori-bianchi\/\" target=\"_blank\" rel=\"noopener\">Quadro dipinto a mano &#8216;Corona di fiori bianchi&#8217; 80x80cm<\/a><\/p>\t\t\t\t\t\t\t\t<\/div>\n\t\t\t\t<\/div>\n\t\t\t\t\t<\/div>\n\t\t<\/div>\n\t\t\t\t\t<\/div>\n\t\t<\/section>\n\t\t\t\t<section class=\"elementor-section elementor-top-section elementor-element elementor-element-ea8e973 elementor-section-boxed elementor-section-height-default elementor-section-height-default\" data-id=\"ea8e973\" data-element_type=\"section\" data-e-type=\"section\">\n\t\t\t\t\t\t<div class=\"elementor-container elementor-column-gap-default\">\n\t\t\t\t\t<div class=\"elementor-column elementor-col-100 elementor-top-column elementor-element elementor-element-3a6eb8e\" data-id=\"3a6eb8e\" data-element_type=\"column\" data-e-type=\"column\">\n\t\t\t<div class=\"elementor-widget-wrap elementor-element-populated\">\n\t\t\t\t\t\t<div class=\"elementor-element elementor-element-bb81d06 elementor-widget-divider--view-line_text elementor-widget-divider--element-align-center elementor-widget elementor-widget-divider\" data-id=\"bb81d06\" data-element_type=\"widget\" data-e-type=\"widget\" data-widget_type=\"divider.default\">\n\t\t\t\t<div class=\"elementor-widget-container\">\n\t\t\t\t\t\t\t<div class=\"elementor-divider\">\n\t\t\t<span class=\"elementor-divider-separator\">\n\t\t\t\t\t\t\t<span class=\"elementor-divider__text elementor-divider__element\">\n\t\t\t\tIMMAGINI DIPINTE A MANO CHE COMPLETANO LA FRESCA E RINFRESCANTE PALETTE DI COLORI PRIMAVERILI\t\t\t\t<\/span>\n\t\t\t\t\t\t<\/span>\n\t\t<\/div>\n\t\t\t\t\t\t<\/div>\n\t\t\t\t<\/div>\n\t\t\t\t\t<\/div>\n\t\t<\/div>\n\t\t\t\t\t<\/div>\n\t\t<\/section>\n\t\t\t\t<section class=\"elementor-section elementor-top-section elementor-element elementor-element-33bccb0 elementor-section-boxed elementor-section-height-default elementor-section-height-default\" data-id=\"33bccb0\" data-element_type=\"section\" data-e-type=\"section\">\n\t\t\t\t\t\t<div class=\"elementor-container elementor-column-gap-default\">\n\t\t\t\t\t<div class=\"elementor-column elementor-col-25 elementor-top-column elementor-element elementor-element-d259eda\" data-id=\"d259eda\" data-element_type=\"column\" data-e-type=\"column\">\n\t\t\t<div class=\"elementor-widget-wrap elementor-element-populated\">\n\t\t\t\t\t\t<div class=\"elementor-element elementor-element-c1ee962 elementor-widget elementor-widget-image\" data-id=\"c1ee962\" data-element_type=\"widget\" data-e-type=\"widget\" data-widget_type=\"image.default\">\n\t\t\t\t<div class=\"elementor-widget-container\">\n\t\t\t\t\t\t\t\t\t\t\t\t\t\t\t\t<a href=\"https:\/\/www.kunstloft.it\/7082-dipinto-acrilico-fragrant-roses\/\" target=\"_blank\">\n\t\t\t\t\t\t\t<img loading=\"lazy\" decoding=\"async\" width=\"600\" height=\"400\" src=\"https:\/\/www.kunstloft.it\/rivista\/wp-content\/uploads\/2024\/03\/acrylic-paintings-scented-roses.webp\" class=\"attachment-medium_large size-medium_large wp-image-12975\" alt=\"Quadro dipinto a mano &apos;Fragrant Roses&apos;\" srcset=\"https:\/\/www.kunstloft.it\/rivista\/wp-content\/uploads\/2024\/03\/acrylic-paintings-scented-roses.webp 600w, https:\/\/www.kunstloft.it\/rivista\/wp-content\/uploads\/2024\/03\/acrylic-paintings-scented-roses-300x200.webp 300w\" sizes=\"100vw\" \/>\t\t\t\t\t\t\t\t<\/a>\n\t\t\t\t\t\t\t\t\t\t\t\t\t\t\t<\/div>\n\t\t\t\t<\/div>\n\t\t\t\t<div class=\"elementor-element elementor-element-9ad9e31 elementor-widget elementor-widget-text-editor\" data-id=\"9ad9e31\" data-element_type=\"widget\" data-e-type=\"widget\" data-widget_type=\"text-editor.default\">\n\t\t\t\t<div class=\"elementor-widget-container\">\n\t\t\t\t\t\t\t\t\t<p style=\"text-align: center;\"><a href=\"https:\/\/www.kunstloft.it\/7082-dipinto-acrilico-fragrant-roses\/\" target=\"_blank\" rel=\"noopener\">Quadro dipinto a mano &#8216;Fragrant Roses&#8217;<\/a><\/p>\t\t\t\t\t\t\t\t<\/div>\n\t\t\t\t<\/div>\n\t\t\t\t\t<\/div>\n\t\t<\/div>\n\t\t\t\t<div class=\"elementor-column elementor-col-25 elementor-top-column elementor-element elementor-element-57f2f01\" data-id=\"57f2f01\" data-element_type=\"column\" data-e-type=\"column\">\n\t\t\t<div class=\"elementor-widget-wrap elementor-element-populated\">\n\t\t\t\t\t\t<div class=\"elementor-element elementor-element-9c2ab0a elementor-widget elementor-widget-image\" data-id=\"9c2ab0a\" data-element_type=\"widget\" data-e-type=\"widget\" data-widget_type=\"image.default\">\n\t\t\t\t<div class=\"elementor-widget-container\">\n\t\t\t\t\t\t\t\t\t\t\t\t\t\t\t\t<a href=\"https:\/\/www.kunstloft.it\/3272-dipinto-acrilico-pompon-flowers\/\" target=\"_blank\">\n\t\t\t\t\t\t\t<img loading=\"lazy\" decoding=\"async\" width=\"600\" height=\"400\" src=\"https:\/\/www.kunstloft.it\/rivista\/wp-content\/uploads\/2024\/03\/acrylic-paintings-pompon-flowers.webp\" class=\"attachment-medium_large size-medium_large wp-image-12974\" alt=\"Quadro dipinto a mano &apos;Pompon Flowers&apos;\" srcset=\"https:\/\/www.kunstloft.it\/rivista\/wp-content\/uploads\/2024\/03\/acrylic-paintings-pompon-flowers.webp 600w, https:\/\/www.kunstloft.it\/rivista\/wp-content\/uploads\/2024\/03\/acrylic-paintings-pompon-flowers-300x200.webp 300w\" sizes=\"100vw\" \/>\t\t\t\t\t\t\t\t<\/a>\n\t\t\t\t\t\t\t\t\t\t\t\t\t\t\t<\/div>\n\t\t\t\t<\/div>\n\t\t\t\t<div class=\"elementor-element elementor-element-b31282f elementor-widget elementor-widget-text-editor\" data-id=\"b31282f\" data-element_type=\"widget\" data-e-type=\"widget\" data-widget_type=\"text-editor.default\">\n\t\t\t\t<div class=\"elementor-widget-container\">\n\t\t\t\t\t\t\t\t\t<p style=\"text-align: center;\"><a href=\"https:\/\/www.kunstloft.it\/3272-dipinto-acrilico-pompon-flowers\/\" target=\"_blank\" rel=\"noopener\">Quadro dipinto a mano &#8216;Pompon Flowers&#8217;<\/a><\/p>\t\t\t\t\t\t\t\t<\/div>\n\t\t\t\t<\/div>\n\t\t\t\t\t<\/div>\n\t\t<\/div>\n\t\t\t\t<div class=\"elementor-column elementor-col-25 elementor-top-column elementor-element elementor-element-cd98afc\" data-id=\"cd98afc\" data-element_type=\"column\" data-e-type=\"column\">\n\t\t\t<div class=\"elementor-widget-wrap elementor-element-populated\">\n\t\t\t\t\t\t<div class=\"elementor-element elementor-element-276bbab elementor-widget elementor-widget-image\" data-id=\"276bbab\" data-element_type=\"widget\" data-e-type=\"widget\" data-widget_type=\"image.default\">\n\t\t\t\t<div class=\"elementor-widget-container\">\n\t\t\t\t\t\t\t\t\t\t\t\t\t\t\t\t<a href=\"https:\/\/www.kunstloft.it\/8218-dipinto-acrilico-poetry-and-flowers\/\" target=\"_blank\">\n\t\t\t\t\t\t\t<img loading=\"lazy\" decoding=\"async\" width=\"600\" height=\"400\" src=\"https:\/\/www.kunstloft.it\/rivista\/wp-content\/uploads\/2024\/03\/acrylic-paintings-poetry-and-flowers.webp\" class=\"attachment-medium_large size-medium_large wp-image-12973\" alt=\"\" srcset=\"https:\/\/www.kunstloft.it\/rivista\/wp-content\/uploads\/2024\/03\/acrylic-paintings-poetry-and-flowers.webp 600w, https:\/\/www.kunstloft.it\/rivista\/wp-content\/uploads\/2024\/03\/acrylic-paintings-poetry-and-flowers-300x200.webp 300w\" sizes=\"100vw\" \/>\t\t\t\t\t\t\t\t<\/a>\n\t\t\t\t\t\t\t\t\t\t\t\t\t\t\t<\/div>\n\t\t\t\t<\/div>\n\t\t\t\t<div class=\"elementor-element elementor-element-f412f43 elementor-widget elementor-widget-text-editor\" data-id=\"f412f43\" data-element_type=\"widget\" data-e-type=\"widget\" data-widget_type=\"text-editor.default\">\n\t\t\t\t<div class=\"elementor-widget-container\">\n\t\t\t\t\t\t\t\t\t<p style=\"text-align: center;\"><a href=\"https:\/\/www.kunstloft.it\/8218-dipinto-acrilico-poetry-and-flowers\/\" target=\"_blank\" rel=\"noopener\">Quadro dipinto a mano <br\/>&#8216;Poetry and Flowers&#8217;<\/a><\/p>\t\t\t\t\t\t\t\t<\/div>\n\t\t\t\t<\/div>\n\t\t\t\t\t<\/div>\n\t\t<\/div>\n\t\t\t\t<div class=\"elementor-column elementor-col-25 elementor-top-column elementor-element elementor-element-80af06a\" data-id=\"80af06a\" data-element_type=\"column\" data-e-type=\"column\">\n\t\t\t<div class=\"elementor-widget-wrap elementor-element-populated\">\n\t\t\t\t\t\t<div class=\"elementor-element elementor-element-3104248 elementor-widget elementor-widget-image\" data-id=\"3104248\" data-element_type=\"widget\" data-e-type=\"widget\" data-widget_type=\"image.default\">\n\t\t\t\t<div class=\"elementor-widget-container\">\n\t\t\t\t\t\t\t\t\t\t\t\t\t\t\t\t<a href=\"https:\/\/www.kunstloft.it\/3392-dipinto-acrilico-per-spazio-e-tempo\/\" target=\"_blank\">\n\t\t\t\t\t\t\t<img loading=\"lazy\" decoding=\"async\" width=\"600\" height=\"400\" src=\"https:\/\/www.kunstloft.it\/rivista\/wp-content\/uploads\/2024\/03\/acrylic-paintings-by-land-and-time.webp\" class=\"attachment-medium_large size-medium_large wp-image-13008\" alt=\"\" srcset=\"https:\/\/www.kunstloft.it\/rivista\/wp-content\/uploads\/2024\/03\/acrylic-paintings-by-land-and-time.webp 600w, https:\/\/www.kunstloft.it\/rivista\/wp-content\/uploads\/2024\/03\/acrylic-paintings-by-land-and-time-300x200.webp 300w\" sizes=\"100vw\" \/>\t\t\t\t\t\t\t\t<\/a>\n\t\t\t\t\t\t\t\t\t\t\t\t\t\t\t<\/div>\n\t\t\t\t<\/div>\n\t\t\t\t<div class=\"elementor-element elementor-element-c4048ee elementor-widget elementor-widget-text-editor\" data-id=\"c4048ee\" data-element_type=\"widget\" data-e-type=\"widget\" data-widget_type=\"text-editor.default\">\n\t\t\t\t<div class=\"elementor-widget-container\">\n\t\t\t\t\t\t\t\t\t<p style=\"text-align: center;\"><a href=\"https:\/\/www.kunstloft.it\/3392-dipinto-acrilico-per-spazio-e-tempo\/\" target=\"_blank\" rel=\"noopener\">Quadro dipinto a mano <br\/>&#8216;Per spazio e tempo&#8217;<\/a><\/p>\t\t\t\t\t\t\t\t<\/div>\n\t\t\t\t<\/div>\n\t\t\t\t\t<\/div>\n\t\t<\/div>\n\t\t\t\t\t<\/div>\n\t\t<\/section>\n\t\t\t\t<section class=\"elementor-section elementor-top-section elementor-element elementor-element-016a2f5 elementor-section-boxed elementor-section-height-default elementor-section-height-default\" data-id=\"016a2f5\" data-element_type=\"section\" data-e-type=\"section\">\n\t\t\t\t\t\t<div class=\"elementor-container elementor-column-gap-default\">\n\t\t\t\t\t<div class=\"elementor-column elementor-col-100 elementor-top-column elementor-element elementor-element-e06f5a4\" data-id=\"e06f5a4\" data-element_type=\"column\" data-e-type=\"column\">\n\t\t\t<div class=\"elementor-widget-wrap elementor-element-populated\">\n\t\t\t\t\t\t<div class=\"elementor-element elementor-element-094611d elementor-widget elementor-widget-heading\" data-id=\"094611d\" data-element_type=\"widget\" data-e-type=\"widget\" id=\"Solari\" data-widget_type=\"heading.default\">\n\t\t\t\t<div class=\"elementor-widget-container\">\n\t\t\t\t\t<h3 class=\"elementor-heading-title elementor-size-default\">Tonalit\u00e0 Solari<\/h3>\t\t\t\t<\/div>\n\t\t\t\t<\/div>\n\t\t\t\t<div class=\"elementor-element elementor-element-bde17aa elementor-widget elementor-widget-text-editor\" data-id=\"bde17aa\" data-element_type=\"widget\" data-e-type=\"widget\" data-widget_type=\"text-editor.default\">\n\t\t\t\t<div class=\"elementor-widget-container\">\n\t\t\t\t\t\t\t\t\t<p>Questa tavolozza cattura la bellezza tenue della primavera con colori come il corallo, il pesca, il giallo tenue e il denim sbiadito. Queste <a href=\"https:\/\/www.kunstloft.it\/rivista\/peach-fuzz-il-colore-dellanno-2024\/\">tonalit\u00e0 sbiadite<\/a> trasmettono una sensazione nostalgica e calda che ricorda la luce del sole dei pomeriggi primaverili. Questa tavolozza \u00e8 ideale per creare spazi accoglienti e invitanti e aggiunge un tocco di sobria eleganza e calore.<\/p>\t\t\t\t\t\t\t\t<\/div>\n\t\t\t\t<\/div>\n\t\t\t\t<div class=\"elementor-element elementor-element-c9ca4ef elementor-widget elementor-widget-image\" data-id=\"c9ca4ef\" data-element_type=\"widget\" data-e-type=\"widget\" data-widget_type=\"image.default\">\n\t\t\t\t<div class=\"elementor-widget-container\">\n\t\t\t\t\t\t\t\t\t\t\t\t\t\t\t\t<a href=\"https:\/\/www.kunstloft.it\/5583-dipinto-acrilico-fantastic-dream\/\" target=\"_blank\">\n\t\t\t\t\t\t\t<img loading=\"lazy\" decoding=\"async\" width=\"950\" height=\"581\" src=\"https:\/\/www.kunstloft.it\/rivista\/wp-content\/uploads\/2024\/03\/sunwashed-tones-spring-colours-in-the-living-room-1024x626.webp\" class=\"attachment-large size-large wp-image-12998\" alt=\"toni solari-colori di primavera nel soggiorno\" srcset=\"https:\/\/www.kunstloft.it\/rivista\/wp-content\/uploads\/2024\/03\/sunwashed-tones-spring-colours-in-the-living-room-1024x626.webp 1024w, https:\/\/www.kunstloft.it\/rivista\/wp-content\/uploads\/2024\/03\/sunwashed-tones-spring-colours-in-the-living-room-300x184.webp 300w, https:\/\/www.kunstloft.it\/rivista\/wp-content\/uploads\/2024\/03\/sunwashed-tones-spring-colours-in-the-living-room-768x470.webp 768w, https:\/\/www.kunstloft.it\/rivista\/wp-content\/uploads\/2024\/03\/sunwashed-tones-spring-colours-in-the-living-room.webp 1195w\" sizes=\"100vw\" \/>\t\t\t\t\t\t\t\t<\/a>\n\t\t\t\t\t\t\t\t\t\t\t\t\t\t\t<\/div>\n\t\t\t\t<\/div>\n\t\t\t\t<div class=\"elementor-element elementor-element-1baea0d elementor-widget elementor-widget-text-editor\" data-id=\"1baea0d\" data-element_type=\"widget\" data-e-type=\"widget\" data-widget_type=\"text-editor.default\">\n\t\t\t\t<div class=\"elementor-widget-container\">\n\t\t\t\t\t\t\t\t\t<p style=\"text-align: center;\"><a href=\"https:\/\/www.kunstloft.it\/5583-dipinto-acrilico-fantastic-dream\/\" target=\"_blank\" rel=\"noopener\">Quadro dipinto a mano &#8216;Fantastic Dream&#8217; 90x90cm<\/a><\/p>\t\t\t\t\t\t\t\t<\/div>\n\t\t\t\t<\/div>\n\t\t\t\t\t<\/div>\n\t\t<\/div>\n\t\t\t\t\t<\/div>\n\t\t<\/section>\n\t\t\t\t<section class=\"elementor-section elementor-top-section elementor-element elementor-element-ccec8a9 elementor-section-boxed elementor-section-height-default elementor-section-height-default\" data-id=\"ccec8a9\" data-element_type=\"section\" data-e-type=\"section\">\n\t\t\t\t\t\t<div class=\"elementor-container elementor-column-gap-default\">\n\t\t\t\t\t<div class=\"elementor-column elementor-col-100 elementor-top-column elementor-element elementor-element-3c74101\" data-id=\"3c74101\" data-element_type=\"column\" data-e-type=\"column\">\n\t\t\t<div class=\"elementor-widget-wrap elementor-element-populated\">\n\t\t\t\t\t\t<div class=\"elementor-element elementor-element-7eff131 elementor-widget-divider--view-line_text elementor-widget-divider--element-align-center elementor-widget elementor-widget-divider\" data-id=\"7eff131\" data-element_type=\"widget\" data-e-type=\"widget\" data-widget_type=\"divider.default\">\n\t\t\t\t<div class=\"elementor-widget-container\">\n\t\t\t\t\t\t\t<div class=\"elementor-divider\">\n\t\t\t<span class=\"elementor-divider-separator\">\n\t\t\t\t\t\t\t<span class=\"elementor-divider__text elementor-divider__element\">\n\t\t\t\tIMMAGINI DIPINTE A MANO CHE COMPLETANO LA TAVOLOZZA DEI COLORI PRIMAVERILI - TONI SOLARI\t\t\t\t<\/span>\n\t\t\t\t\t\t<\/span>\n\t\t<\/div>\n\t\t\t\t\t\t<\/div>\n\t\t\t\t<\/div>\n\t\t\t\t\t<\/div>\n\t\t<\/div>\n\t\t\t\t\t<\/div>\n\t\t<\/section>\n\t\t\t\t<section class=\"elementor-section elementor-top-section elementor-element elementor-element-68f526d elementor-section-boxed elementor-section-height-default elementor-section-height-default\" data-id=\"68f526d\" data-element_type=\"section\" data-e-type=\"section\">\n\t\t\t\t\t\t<div class=\"elementor-container elementor-column-gap-default\">\n\t\t\t\t\t<div class=\"elementor-column elementor-col-33 elementor-top-column elementor-element elementor-element-0a5177c\" data-id=\"0a5177c\" data-element_type=\"column\" data-e-type=\"column\">\n\t\t\t<div class=\"elementor-widget-wrap elementor-element-populated\">\n\t\t\t\t\t\t<div class=\"elementor-element elementor-element-a2ceb98 elementor-widget elementor-widget-image\" data-id=\"a2ceb98\" data-element_type=\"widget\" data-e-type=\"widget\" data-widget_type=\"image.default\">\n\t\t\t\t<div class=\"elementor-widget-container\">\n\t\t\t\t\t\t\t\t\t\t\t\t\t\t\t\t<a href=\"https:\/\/www.kunstloft.it\/6895-dipinto-acrilico-sea-of-poppies\/\" target=\"_blank\">\n\t\t\t\t\t\t\t<img loading=\"lazy\" decoding=\"async\" width=\"768\" height=\"512\" src=\"https:\/\/www.kunstloft.it\/rivista\/wp-content\/uploads\/2024\/03\/acrylic-painting-sea-of-flowers-768x512.webp\" class=\"attachment-medium_large size-medium_large wp-image-13010\" alt=\"Quadro dipinto a mano &apos;Sea of Poppies&apos;\" srcset=\"https:\/\/www.kunstloft.it\/rivista\/wp-content\/uploads\/2024\/03\/acrylic-painting-sea-of-flowers-768x512.webp 768w, https:\/\/www.kunstloft.it\/rivista\/wp-content\/uploads\/2024\/03\/acrylic-painting-sea-of-flowers-300x200.webp 300w, https:\/\/www.kunstloft.it\/rivista\/wp-content\/uploads\/2024\/03\/acrylic-painting-sea-of-flowers.webp 800w\" sizes=\"100vw\" \/>\t\t\t\t\t\t\t\t<\/a>\n\t\t\t\t\t\t\t\t\t\t\t\t\t\t\t<\/div>\n\t\t\t\t<\/div>\n\t\t\t\t<div class=\"elementor-element elementor-element-535a4ff elementor-widget elementor-widget-text-editor\" data-id=\"535a4ff\" data-element_type=\"widget\" data-e-type=\"widget\" data-widget_type=\"text-editor.default\">\n\t\t\t\t<div class=\"elementor-widget-container\">\n\t\t\t\t\t\t\t\t\t<p style=\"text-align: center;\"><a href=\"https:\/\/www.kunstloft.it\/6895-dipinto-acrilico-sea-of-poppies\/\" target=\"_blank\" rel=\"noopener\">Quadro dipinto a mano <br\/>&#8216;Sea of Poppies&#8217;<\/a><\/p>\t\t\t\t\t\t\t\t<\/div>\n\t\t\t\t<\/div>\n\t\t\t\t\t<\/div>\n\t\t<\/div>\n\t\t\t\t<div class=\"elementor-column elementor-col-33 elementor-top-column elementor-element elementor-element-6d82e13\" data-id=\"6d82e13\" data-element_type=\"column\" data-e-type=\"column\">\n\t\t\t<div class=\"elementor-widget-wrap elementor-element-populated\">\n\t\t\t\t\t\t<div class=\"elementor-element elementor-element-c243f9f elementor-widget elementor-widget-image\" data-id=\"c243f9f\" data-element_type=\"widget\" data-e-type=\"widget\" data-widget_type=\"image.default\">\n\t\t\t\t<div class=\"elementor-widget-container\">\n\t\t\t\t\t\t\t\t\t\t\t\t\t\t\t\t<a href=\"https:\/\/www.kunstloft.it\/9685-dipinto-acrilico-springtime-beauty\/\" target=\"_blank\">\n\t\t\t\t\t\t\t<img loading=\"lazy\" decoding=\"async\" width=\"768\" height=\"512\" src=\"https:\/\/www.kunstloft.it\/rivista\/wp-content\/uploads\/2024\/03\/acrylic-paintings-spring-beauty-768x512.webp\" class=\"attachment-medium_large size-medium_large wp-image-12976\" alt=\"Quadro dipinto a mano &apos;Springtime Beauty&apos;\" srcset=\"https:\/\/www.kunstloft.it\/rivista\/wp-content\/uploads\/2024\/03\/acrylic-paintings-spring-beauty-768x512.webp 768w, https:\/\/www.kunstloft.it\/rivista\/wp-content\/uploads\/2024\/03\/acrylic-paintings-spring-beauty-300x200.webp 300w, https:\/\/www.kunstloft.it\/rivista\/wp-content\/uploads\/2024\/03\/acrylic-paintings-spring-beauty.webp 800w\" sizes=\"100vw\" \/>\t\t\t\t\t\t\t\t<\/a>\n\t\t\t\t\t\t\t\t\t\t\t\t\t\t\t<\/div>\n\t\t\t\t<\/div>\n\t\t\t\t<div class=\"elementor-element elementor-element-7546d3b elementor-widget elementor-widget-text-editor\" data-id=\"7546d3b\" data-element_type=\"widget\" data-e-type=\"widget\" data-widget_type=\"text-editor.default\">\n\t\t\t\t<div class=\"elementor-widget-container\">\n\t\t\t\t\t\t\t\t\t<p style=\"text-align: center;\"><a href=\"https:\/\/www.kunstloft.it\/9685-dipinto-acrilico-springtime-beauty\/\" target=\"_blank\" rel=\"noopener\">Quadro dipinto a mano <br\/>&#8216;Springtime Beauty&#8217;<\/a><\/p>\t\t\t\t\t\t\t\t<\/div>\n\t\t\t\t<\/div>\n\t\t\t\t\t<\/div>\n\t\t<\/div>\n\t\t\t\t<div class=\"elementor-column elementor-col-33 elementor-top-column elementor-element elementor-element-6d668bb\" data-id=\"6d668bb\" data-element_type=\"column\" data-e-type=\"column\">\n\t\t\t<div class=\"elementor-widget-wrap elementor-element-populated\">\n\t\t\t\t\t\t<div class=\"elementor-element elementor-element-90c6611 elementor-widget elementor-widget-image\" data-id=\"90c6611\" data-element_type=\"widget\" data-e-type=\"widget\" data-widget_type=\"image.default\">\n\t\t\t\t<div class=\"elementor-widget-container\">\n\t\t\t\t\t\t\t\t\t\t\t\t\t\t\t\t<a href=\"https:\/\/www.kunstloft.it\/7613-dipinto-acrilico-harmony-of-colours\/\" target=\"_blank\">\n\t\t\t\t\t\t\t<img loading=\"lazy\" decoding=\"async\" width=\"768\" height=\"512\" src=\"https:\/\/www.kunstloft.it\/rivista\/wp-content\/uploads\/2024\/03\/acrylic-paintings-harmony-of-colours-768x512.webp\" class=\"attachment-medium_large size-medium_large wp-image-13012\" alt=\"Quadro dipinto a mano &apos;Harmony of Colours&apos;\" srcset=\"https:\/\/www.kunstloft.it\/rivista\/wp-content\/uploads\/2024\/03\/acrylic-paintings-harmony-of-colours-768x512.webp 768w, https:\/\/www.kunstloft.it\/rivista\/wp-content\/uploads\/2024\/03\/acrylic-paintings-harmony-of-colours-300x200.webp 300w, https:\/\/www.kunstloft.it\/rivista\/wp-content\/uploads\/2024\/03\/acrylic-paintings-harmony-of-colours.webp 800w\" sizes=\"100vw\" \/>\t\t\t\t\t\t\t\t<\/a>\n\t\t\t\t\t\t\t\t\t\t\t\t\t\t\t<\/div>\n\t\t\t\t<\/div>\n\t\t\t\t<div class=\"elementor-element elementor-element-5431835 elementor-widget elementor-widget-text-editor\" data-id=\"5431835\" data-element_type=\"widget\" data-e-type=\"widget\" data-widget_type=\"text-editor.default\">\n\t\t\t\t<div class=\"elementor-widget-container\">\n\t\t\t\t\t\t\t\t\t<p style=\"text-align: center;\"><a href=\"https:\/\/www.kunstloft.it\/7613-dipinto-acrilico-harmony-of-colours\/\" target=\"_blank\" rel=\"noopener\">Quadro dipinto a mano <br\/>&#8216;Harmony of Colours&#8217;<\/a><\/p>\t\t\t\t\t\t\t\t<\/div>\n\t\t\t\t<\/div>\n\t\t\t\t\t<\/div>\n\t\t<\/div>\n\t\t\t\t\t<\/div>\n\t\t<\/section>\n\t\t\t\t<section class=\"elementor-section elementor-top-section elementor-element elementor-element-bf9ea77 elementor-section-boxed elementor-section-height-default elementor-section-height-default\" data-id=\"bf9ea77\" data-element_type=\"section\" data-e-type=\"section\">\n\t\t\t\t\t\t<div class=\"elementor-container elementor-column-gap-default\">\n\t\t\t\t\t<div class=\"elementor-column elementor-col-100 elementor-top-column elementor-element elementor-element-93a7183\" data-id=\"93a7183\" data-element_type=\"column\" data-e-type=\"column\">\n\t\t\t<div class=\"elementor-widget-wrap elementor-element-populated\">\n\t\t\t\t\t\t<div class=\"elementor-element elementor-element-a2445b1 elementor-widget elementor-widget-heading\" data-id=\"a2445b1\" data-element_type=\"widget\" data-e-type=\"widget\" id=\"Monocromatiche\" data-widget_type=\"heading.default\">\n\t\t\t\t<div class=\"elementor-widget-container\">\n\t\t\t\t\t<h3 class=\"elementor-heading-title elementor-size-default\">Tonalit\u00e0 Monocromatiche di Verde<\/h3>\t\t\t\t<\/div>\n\t\t\t\t<\/div>\n\t\t\t\t<div class=\"elementor-element elementor-element-a7ec792 elementor-widget elementor-widget-text-editor\" data-id=\"a7ec792\" data-element_type=\"widget\" data-e-type=\"widget\" data-widget_type=\"text-editor.default\">\n\t\t\t\t<div class=\"elementor-widget-container\">\n\t\t\t\t\t\t\t\t\t<p>La tavolozza di verdi monocromatici spazia dal verde lime brillante al verde smeraldo intenso e al verde oliva tenue, celebrando la rigogliosit\u00e0 del nuovo fogliame. Questa tavolozza cattura la vitalit\u00e0 e la crescita della primavera e porta un&#8217;energia vibrante e naturale nel design d&#8217;interni. \u00c8 cos\u00ec versatile che si adatta a qualsiasi ambiente e lo arricchisce con la freschezza e la vivacit\u00e0 del verde.<\/p>\t\t\t\t\t\t\t\t<\/div>\n\t\t\t\t<\/div>\n\t\t\t\t<div class=\"elementor-element elementor-element-09224c1 elementor-widget elementor-widget-image\" data-id=\"09224c1\" data-element_type=\"widget\" data-e-type=\"widget\" data-widget_type=\"image.default\">\n\t\t\t\t<div class=\"elementor-widget-container\">\n\t\t\t\t\t\t\t\t\t\t\t\t\t\t\t<img loading=\"lazy\" decoding=\"async\" width=\"950\" height=\"594\" src=\"https:\/\/www.kunstloft.it\/rivista\/wp-content\/uploads\/2024\/03\/monochromatic-greens-spring-colours-in-an-office-space-2-1024x640.webp\" class=\"attachment-large size-large wp-image-12991\" alt=\"colori monocromatici verdi e di primavera in uno spazio d&apos;ufficio\" srcset=\"https:\/\/www.kunstloft.it\/rivista\/wp-content\/uploads\/2024\/03\/monochromatic-greens-spring-colours-in-an-office-space-2-1024x640.webp 1024w, https:\/\/www.kunstloft.it\/rivista\/wp-content\/uploads\/2024\/03\/monochromatic-greens-spring-colours-in-an-office-space-2-300x188.webp 300w, https:\/\/www.kunstloft.it\/rivista\/wp-content\/uploads\/2024\/03\/monochromatic-greens-spring-colours-in-an-office-space-2-768x480.webp 768w, https:\/\/www.kunstloft.it\/rivista\/wp-content\/uploads\/2024\/03\/monochromatic-greens-spring-colours-in-an-office-space-2.webp 1169w\" sizes=\"100vw\" \/>\t\t\t\t\t\t\t\t\t\t\t\t\t\t\t<\/div>\n\t\t\t\t<\/div>\n\t\t\t\t\t<\/div>\n\t\t<\/div>\n\t\t\t\t\t<\/div>\n\t\t<\/section>\n\t\t\t\t<section class=\"elementor-section elementor-top-section elementor-element elementor-element-f8a7c80 elementor-section-boxed elementor-section-height-default elementor-section-height-default\" data-id=\"f8a7c80\" data-element_type=\"section\" data-e-type=\"section\">\n\t\t\t\t\t\t<div class=\"elementor-container elementor-column-gap-default\">\n\t\t\t\t\t<div class=\"elementor-column elementor-col-100 elementor-top-column elementor-element elementor-element-c783da0\" data-id=\"c783da0\" data-element_type=\"column\" data-e-type=\"column\">\n\t\t\t<div class=\"elementor-widget-wrap elementor-element-populated\">\n\t\t\t\t\t\t<div class=\"elementor-element elementor-element-a107a73 elementor-widget-divider--view-line_text elementor-widget-divider--element-align-center elementor-widget elementor-widget-divider\" data-id=\"a107a73\" data-element_type=\"widget\" data-e-type=\"widget\" data-widget_type=\"divider.default\">\n\t\t\t\t<div class=\"elementor-widget-container\">\n\t\t\t\t\t\t\t<div class=\"elementor-divider\">\n\t\t\t<span class=\"elementor-divider-separator\">\n\t\t\t\t\t\t\t<span class=\"elementor-divider__text elementor-divider__element\">\n\t\t\t\tARTE DA PARETE IN METALLO PER COMPLETARE IL COLORE PRIMAVERILE - VERDE MONOCROMO\t\t\t\t<\/span>\n\t\t\t\t\t\t<\/span>\n\t\t<\/div>\n\t\t\t\t\t\t<\/div>\n\t\t\t\t<\/div>\n\t\t\t\t\t<\/div>\n\t\t<\/div>\n\t\t\t\t\t<\/div>\n\t\t<\/section>\n\t\t\t\t<section class=\"elementor-section elementor-top-section elementor-element elementor-element-c21f41f elementor-section-boxed elementor-section-height-default elementor-section-height-default\" data-id=\"c21f41f\" data-element_type=\"section\" data-e-type=\"section\">\n\t\t\t\t\t\t<div class=\"elementor-container elementor-column-gap-default\">\n\t\t\t\t\t<div class=\"elementor-column elementor-col-25 elementor-top-column elementor-element elementor-element-7fa4f0b\" data-id=\"7fa4f0b\" data-element_type=\"column\" data-e-type=\"column\">\n\t\t\t<div class=\"elementor-widget-wrap elementor-element-populated\">\n\t\t\t\t\t\t<div class=\"elementor-element elementor-element-877e8c7 elementor-widget elementor-widget-image\" data-id=\"877e8c7\" data-element_type=\"widget\" data-e-type=\"widget\" data-widget_type=\"image.default\">\n\t\t\t\t<div class=\"elementor-widget-container\">\n\t\t\t\t\t\t\t\t\t\t\t\t\t\t\t\t<a href=\"https:\/\/www.kunstloft.it\/536-scultura-parete-metallo-serenata-degli-alberi\/\" target=\"_blank\">\n\t\t\t\t\t\t\t<img loading=\"lazy\" decoding=\"async\" width=\"768\" height=\"512\" src=\"https:\/\/www.kunstloft.it\/rivista\/wp-content\/uploads\/2024\/03\/metal-wall-sculpture-serenade-of-trees-768x512.webp\" class=\"attachment-medium_large size-medium_large wp-image-12989\" alt=\"Scultura da parete in metallo &apos;Serenata degli alberi&apos;\" srcset=\"https:\/\/www.kunstloft.it\/rivista\/wp-content\/uploads\/2024\/03\/metal-wall-sculpture-serenade-of-trees-768x512.webp 768w, https:\/\/www.kunstloft.it\/rivista\/wp-content\/uploads\/2024\/03\/metal-wall-sculpture-serenade-of-trees-300x200.webp 300w, https:\/\/www.kunstloft.it\/rivista\/wp-content\/uploads\/2024\/03\/metal-wall-sculpture-serenade-of-trees.webp 800w\" sizes=\"100vw\" \/>\t\t\t\t\t\t\t\t<\/a>\n\t\t\t\t\t\t\t\t\t\t\t\t\t\t\t<\/div>\n\t\t\t\t<\/div>\n\t\t\t\t<div class=\"elementor-element elementor-element-e3afc83 elementor-widget elementor-widget-text-editor\" data-id=\"e3afc83\" data-element_type=\"widget\" data-e-type=\"widget\" data-widget_type=\"text-editor.default\">\n\t\t\t\t<div class=\"elementor-widget-container\">\n\t\t\t\t\t\t\t\t\t<p style=\"text-align: center;\"><a href=\"https:\/\/www.kunstloft.it\/536-scultura-parete-metallo-serenata-degli-alberi\/\" target=\"_blank\" rel=\"noopener\">Scultura da parete in metallo &#8216;Serenata degli alberi&#8217;<\/a><\/p>\t\t\t\t\t\t\t\t<\/div>\n\t\t\t\t<\/div>\n\t\t\t\t\t<\/div>\n\t\t<\/div>\n\t\t\t\t<div class=\"elementor-column elementor-col-25 elementor-top-column elementor-element elementor-element-29eae09\" data-id=\"29eae09\" data-element_type=\"column\" data-e-type=\"column\">\n\t\t\t<div class=\"elementor-widget-wrap elementor-element-populated\">\n\t\t\t\t\t\t<div class=\"elementor-element elementor-element-96d42eb elementor-widget elementor-widget-image\" data-id=\"96d42eb\" data-element_type=\"widget\" data-e-type=\"widget\" data-widget_type=\"image.default\">\n\t\t\t\t<div class=\"elementor-widget-container\">\n\t\t\t\t\t\t\t\t\t\t\t\t\t\t\t\t<a href=\"https:\/\/www.kunstloft.it\/527-scultura-parete-metallo-alberello-particolare\/\" target=\"_blank\">\n\t\t\t\t\t\t\t<img loading=\"lazy\" decoding=\"async\" width=\"768\" height=\"512\" src=\"https:\/\/www.kunstloft.it\/rivista\/wp-content\/uploads\/2024\/03\/metal-wall-sculpture-apartes-tree-768x512.webp\" class=\"attachment-medium_large size-medium_large wp-image-12983\" alt=\"Scultura da parete in metallo &apos;Alberello particolare&apos;\" srcset=\"https:\/\/www.kunstloft.it\/rivista\/wp-content\/uploads\/2024\/03\/metal-wall-sculpture-apartes-tree-768x512.webp 768w, https:\/\/www.kunstloft.it\/rivista\/wp-content\/uploads\/2024\/03\/metal-wall-sculpture-apartes-tree-300x200.webp 300w, https:\/\/www.kunstloft.it\/rivista\/wp-content\/uploads\/2024\/03\/metal-wall-sculpture-apartes-tree.webp 800w\" sizes=\"100vw\" \/>\t\t\t\t\t\t\t\t<\/a>\n\t\t\t\t\t\t\t\t\t\t\t\t\t\t\t<\/div>\n\t\t\t\t<\/div>\n\t\t\t\t<div class=\"elementor-element elementor-element-776f479 elementor-widget elementor-widget-text-editor\" data-id=\"776f479\" data-element_type=\"widget\" data-e-type=\"widget\" data-widget_type=\"text-editor.default\">\n\t\t\t\t<div class=\"elementor-widget-container\">\n\t\t\t\t\t\t\t\t\t<p style=\"text-align: center;\"><a href=\"https:\/\/www.kunstloft.it\/527-scultura-parete-metallo-alberello-particolare\/\" target=\"_blank\" rel=\"noopener\">Scultura da parete in metallo &#8216;Alberello particolare&#8217;<\/a><\/p>\t\t\t\t\t\t\t\t<\/div>\n\t\t\t\t<\/div>\n\t\t\t\t\t<\/div>\n\t\t<\/div>\n\t\t\t\t<div class=\"elementor-column elementor-col-25 elementor-top-column elementor-element elementor-element-cca73e5\" data-id=\"cca73e5\" data-element_type=\"column\" data-e-type=\"column\">\n\t\t\t<div class=\"elementor-widget-wrap elementor-element-populated\">\n\t\t\t\t\t\t<div class=\"elementor-element elementor-element-5f5999e elementor-widget elementor-widget-image\" data-id=\"5f5999e\" data-element_type=\"widget\" data-e-type=\"widget\" data-widget_type=\"image.default\">\n\t\t\t\t<div class=\"elementor-widget-container\">\n\t\t\t\t\t\t\t\t\t\t\t\t\t\t\t\t<a href=\"https:\/\/www.kunstloft.it\/11212-scultura-parete-metallo-gilded-water-lilies\/\" target=\"_blank\">\n\t\t\t\t\t\t\t<img loading=\"lazy\" decoding=\"async\" width=\"768\" height=\"512\" src=\"https:\/\/www.kunstloft.it\/rivista\/wp-content\/uploads\/2024\/03\/metal-wall-sculpture-gilded-water-lilies-768x512.webp\" class=\"attachment-medium_large size-medium_large wp-image-12987\" alt=\"Scultura da parete in metallo &apos;Gilded Water Lilies&apos;\" srcset=\"https:\/\/www.kunstloft.it\/rivista\/wp-content\/uploads\/2024\/03\/metal-wall-sculpture-gilded-water-lilies-768x512.webp 768w, https:\/\/www.kunstloft.it\/rivista\/wp-content\/uploads\/2024\/03\/metal-wall-sculpture-gilded-water-lilies-300x200.webp 300w, https:\/\/www.kunstloft.it\/rivista\/wp-content\/uploads\/2024\/03\/metal-wall-sculpture-gilded-water-lilies.webp 800w\" sizes=\"100vw\" \/>\t\t\t\t\t\t\t\t<\/a>\n\t\t\t\t\t\t\t\t\t\t\t\t\t\t\t<\/div>\n\t\t\t\t<\/div>\n\t\t\t\t<div class=\"elementor-element elementor-element-ad8e58b elementor-widget elementor-widget-text-editor\" data-id=\"ad8e58b\" data-element_type=\"widget\" data-e-type=\"widget\" data-widget_type=\"text-editor.default\">\n\t\t\t\t<div class=\"elementor-widget-container\">\n\t\t\t\t\t\t\t\t\t<p style=\"text-align: center;\"><a href=\"https:\/\/www.kunstloft.it\/11212-scultura-parete-metallo-gilded-water-lilies\/\" target=\"_blank\" rel=\"noopener\">Scultura da parete in metallo &#8216;Gilded Water Lilies&#8217;<\/a><\/p>\t\t\t\t\t\t\t\t<\/div>\n\t\t\t\t<\/div>\n\t\t\t\t\t<\/div>\n\t\t<\/div>\n\t\t\t\t<div class=\"elementor-column elementor-col-25 elementor-top-column elementor-element elementor-element-000c7b2\" data-id=\"000c7b2\" data-element_type=\"column\" data-e-type=\"column\">\n\t\t\t<div class=\"elementor-widget-wrap elementor-element-populated\">\n\t\t\t\t\t\t<div class=\"elementor-element elementor-element-39cd350 elementor-widget elementor-widget-image\" data-id=\"39cd350\" data-element_type=\"widget\" data-e-type=\"widget\" data-widget_type=\"image.default\">\n\t\t\t\t<div class=\"elementor-widget-container\">\n\t\t\t\t\t\t\t\t\t\t\t\t\t\t\t\t<a href=\"https:\/\/www.kunstloft.it\/5575-scultura-parete-metallo-delicate-forest-decoration\/\" target=\"_blank\">\n\t\t\t\t\t\t\t<img loading=\"lazy\" decoding=\"async\" width=\"768\" height=\"512\" src=\"https:\/\/www.kunstloft.it\/rivista\/wp-content\/uploads\/2024\/03\/metal-wall-sculpture-delicate-forest-jewellery-768x512.webp\" class=\"attachment-medium_large size-medium_large wp-image-12985\" alt=\"Scultura da parete in metallo &apos;Delicate Forest Decoration&apos;\" srcset=\"https:\/\/www.kunstloft.it\/rivista\/wp-content\/uploads\/2024\/03\/metal-wall-sculpture-delicate-forest-jewellery-768x512.webp 768w, https:\/\/www.kunstloft.it\/rivista\/wp-content\/uploads\/2024\/03\/metal-wall-sculpture-delicate-forest-jewellery-300x200.webp 300w, https:\/\/www.kunstloft.it\/rivista\/wp-content\/uploads\/2024\/03\/metal-wall-sculpture-delicate-forest-jewellery.webp 800w\" sizes=\"100vw\" \/>\t\t\t\t\t\t\t\t<\/a>\n\t\t\t\t\t\t\t\t\t\t\t\t\t\t\t<\/div>\n\t\t\t\t<\/div>\n\t\t\t\t<div class=\"elementor-element elementor-element-6f0f926 elementor-widget elementor-widget-text-editor\" data-id=\"6f0f926\" data-element_type=\"widget\" data-e-type=\"widget\" data-widget_type=\"text-editor.default\">\n\t\t\t\t<div class=\"elementor-widget-container\">\n\t\t\t\t\t\t\t\t\t<p style=\"text-align: center;\"><a href=\"https:\/\/www.kunstloft.it\/5575-scultura-parete-metallo-delicate-forest-decoration\/\" target=\"_blank\" rel=\"noopener\">Scultura da parete in metallo &#8216;Delicate Forest Decoration&#8217;<\/a><\/p>\t\t\t\t\t\t\t\t<\/div>\n\t\t\t\t<\/div>\n\t\t\t\t\t<\/div>\n\t\t<\/div>\n\t\t\t\t\t<\/div>\n\t\t<\/section>\n\t\t\t\t<section class=\"elementor-section elementor-top-section elementor-element elementor-element-4c4bf65 elementor-section-boxed elementor-section-height-default elementor-section-height-default\" data-id=\"4c4bf65\" data-element_type=\"section\" data-e-type=\"section\">\n\t\t\t\t\t\t<div class=\"elementor-container elementor-column-gap-default\">\n\t\t\t\t\t<div class=\"elementor-column elementor-col-100 elementor-top-column elementor-element elementor-element-ec27390\" data-id=\"ec27390\" data-element_type=\"column\" data-e-type=\"column\">\n\t\t\t<div class=\"elementor-widget-wrap elementor-element-populated\">\n\t\t\t\t\t\t<div class=\"elementor-element elementor-element-3bfdc13 elementor-widget elementor-widget-heading\" data-id=\"3bfdc13\" data-element_type=\"widget\" data-e-type=\"widget\" id=\"Tropicale\" data-widget_type=\"heading.default\">\n\t\t\t\t<div class=\"elementor-widget-container\">\n\t\t\t\t\t<h3 class=\"elementor-heading-title elementor-size-default\">Luminosit\u00e0 Tropicale<\/h3>\t\t\t\t<\/div>\n\t\t\t\t<\/div>\n\t\t\t\t<div class=\"elementor-element elementor-element-166c609 elementor-widget elementor-widget-text-editor\" data-id=\"166c609\" data-element_type=\"widget\" data-e-type=\"widget\" data-widget_type=\"text-editor.default\">\n\t\t\t\t<div class=\"elementor-widget-container\">\n\t\t\t\t\t\t\t\t\t<p>Per chi cerca un tocco avventuroso ed esotico, la palette Tropical Brights offre rosa caldo, turchese, giallo solare e verde lime. Questi colori esuberanti aggiungono un tocco audace e vibrante agli interni e sono perfetti per gli spazi che vogliono farsi notare. Ideale per stanze d&#8217;accento o a tema, questa tavolozza promette un&#8217;atmosfera allegra ed energica.<\/p>\t\t\t\t\t\t\t\t<\/div>\n\t\t\t\t<\/div>\n\t\t\t\t<div class=\"elementor-element elementor-element-20e9701 elementor-widget elementor-widget-image\" data-id=\"20e9701\" data-element_type=\"widget\" data-e-type=\"widget\" data-widget_type=\"image.default\">\n\t\t\t\t<div class=\"elementor-widget-container\">\n\t\t\t\t\t\t\t\t\t\t\t\t\t\t\t<img loading=\"lazy\" decoding=\"async\" width=\"950\" height=\"614\" src=\"https:\/\/www.kunstloft.it\/rivista\/wp-content\/uploads\/2024\/03\/tropical-bright-spring-colour-palette-in-a-kids-playroom-1024x662.webp\" class=\"attachment-large size-large wp-image-12999\" alt=\"Una palette di colori tropicali e di primavera nella stanza dei giochi dei bambini\" srcset=\"https:\/\/www.kunstloft.it\/rivista\/wp-content\/uploads\/2024\/03\/tropical-bright-spring-colour-palette-in-a-kids-playroom-1024x662.webp 1024w, https:\/\/www.kunstloft.it\/rivista\/wp-content\/uploads\/2024\/03\/tropical-bright-spring-colour-palette-in-a-kids-playroom-300x194.webp 300w, https:\/\/www.kunstloft.it\/rivista\/wp-content\/uploads\/2024\/03\/tropical-bright-spring-colour-palette-in-a-kids-playroom-768x496.webp 768w, https:\/\/www.kunstloft.it\/rivista\/wp-content\/uploads\/2024\/03\/tropical-bright-spring-colour-palette-in-a-kids-playroom.webp 1280w\" sizes=\"100vw\" \/>\t\t\t\t\t\t\t\t\t\t\t\t\t\t\t<\/div>\n\t\t\t\t<\/div>\n\t\t\t\t\t<\/div>\n\t\t<\/div>\n\t\t\t\t\t<\/div>\n\t\t<\/section>\n\t\t\t\t<section class=\"elementor-section elementor-top-section elementor-element elementor-element-2deabee elementor-section-boxed elementor-section-height-default elementor-section-height-default\" data-id=\"2deabee\" data-element_type=\"section\" data-e-type=\"section\">\n\t\t\t\t\t\t<div class=\"elementor-container elementor-column-gap-default\">\n\t\t\t\t\t<div class=\"elementor-column elementor-col-100 elementor-top-column elementor-element elementor-element-69828f1\" data-id=\"69828f1\" data-element_type=\"column\" data-e-type=\"column\">\n\t\t\t<div class=\"elementor-widget-wrap elementor-element-populated\">\n\t\t\t\t\t\t<div class=\"elementor-element elementor-element-4889061 elementor-widget-divider--view-line_text elementor-widget-divider--element-align-center elementor-widget elementor-widget-divider\" data-id=\"4889061\" data-element_type=\"widget\" data-e-type=\"widget\" data-widget_type=\"divider.default\">\n\t\t\t\t<div class=\"elementor-widget-container\">\n\t\t\t\t\t\t\t<div class=\"elementor-divider\">\n\t\t\t<span class=\"elementor-divider-separator\">\n\t\t\t\t\t\t\t<span class=\"elementor-divider__text elementor-divider__element\">\n\t\t\t\tI COLORI TROPICALI DI PRIMAVERA NELLA CAMERETTA CON LE DECORAZIONI MURALI IN CARTA\t\t\t\t<\/span>\n\t\t\t\t\t\t<\/span>\n\t\t<\/div>\n\t\t\t\t\t\t<\/div>\n\t\t\t\t<\/div>\n\t\t\t\t\t<\/div>\n\t\t<\/div>\n\t\t\t\t\t<\/div>\n\t\t<\/section>\n\t\t\t\t<section class=\"elementor-section elementor-top-section elementor-element elementor-element-7352d6b elementor-section-boxed elementor-section-height-default elementor-section-height-default\" data-id=\"7352d6b\" data-element_type=\"section\" data-e-type=\"section\">\n\t\t\t\t\t\t<div class=\"elementor-container elementor-column-gap-default\">\n\t\t\t\t\t<div class=\"elementor-column elementor-col-33 elementor-top-column elementor-element elementor-element-2ce54b3\" data-id=\"2ce54b3\" data-element_type=\"column\" data-e-type=\"column\">\n\t\t\t<div class=\"elementor-widget-wrap elementor-element-populated\">\n\t\t\t\t\t\t<div class=\"elementor-element elementor-element-27f820f elementor-widget elementor-widget-image\" data-id=\"27f820f\" data-element_type=\"widget\" data-e-type=\"widget\" data-widget_type=\"image.default\">\n\t\t\t\t<div class=\"elementor-widget-container\">\n\t\t\t\t\t\t\t\t\t\t\t\t\t\t\t\t<a href=\"https:\/\/www.kunstloft.it\/11750-scultura-da-parete-in-cartone-nias\/\" target=\"_blank\">\n\t\t\t\t\t\t\t<img decoding=\"async\" src=\"https:\/\/www.kunstloft.com\/wordpress\/en_UK\/eu\/wp-content\/uploads\/2024\/03\/wall-decoration-paper-nias.webp\" title=\"\" alt=\"Wall deco 3d of cardboard &apos;Nias&apos;\" loading=\"lazy\" \/>\t\t\t\t\t\t\t\t<\/a>\n\t\t\t\t\t\t\t\t\t\t\t\t\t\t\t<\/div>\n\t\t\t\t<\/div>\n\t\t\t\t<div class=\"elementor-element elementor-element-3f2b8f3 elementor-widget elementor-widget-text-editor\" data-id=\"3f2b8f3\" data-element_type=\"widget\" data-e-type=\"widget\" data-widget_type=\"text-editor.default\">\n\t\t\t\t<div class=\"elementor-widget-container\">\n\t\t\t\t\t\t\t\t\t<p style=\"text-align: center;\"><a href=\"https:\/\/www.kunstloft.it\/11750-scultura-da-parete-in-cartone-nias\/\" target=\"_blank\" rel=\"noopener\">Scultura da parete in cartone &#8216;Nias&#8217;<\/a><\/p>\t\t\t\t\t\t\t\t<\/div>\n\t\t\t\t<\/div>\n\t\t\t\t\t<\/div>\n\t\t<\/div>\n\t\t\t\t<div class=\"elementor-column elementor-col-33 elementor-top-column elementor-element elementor-element-59146fb\" data-id=\"59146fb\" data-element_type=\"column\" data-e-type=\"column\">\n\t\t\t<div class=\"elementor-widget-wrap elementor-element-populated\">\n\t\t\t\t\t\t<div class=\"elementor-element elementor-element-ba53c1c elementor-widget elementor-widget-image\" data-id=\"ba53c1c\" data-element_type=\"widget\" data-e-type=\"widget\" data-widget_type=\"image.default\">\n\t\t\t\t<div class=\"elementor-widget-container\">\n\t\t\t\t\t\t\t\t\t\t\t\t\t\t\t\t<a href=\"https:\/\/www.kunstloft.it\/11729-scultura-da-parete-in-cartone-jungle-puma\/\" target=\"_blank\">\n\t\t\t\t\t\t\t<img loading=\"lazy\" decoding=\"async\" width=\"768\" height=\"512\" src=\"https:\/\/www.kunstloft.it\/rivista\/wp-content\/uploads\/2024\/03\/wall-decoration-paper-jungle-puma-768x512.webp\" class=\"attachment-medium_large size-medium_large wp-image-13001\" alt=\"Scultura da parete in cartone &apos;Jungle Puma&apos;\" srcset=\"https:\/\/www.kunstloft.it\/rivista\/wp-content\/uploads\/2024\/03\/wall-decoration-paper-jungle-puma-768x512.webp 768w, https:\/\/www.kunstloft.it\/rivista\/wp-content\/uploads\/2024\/03\/wall-decoration-paper-jungle-puma-300x200.webp 300w, https:\/\/www.kunstloft.it\/rivista\/wp-content\/uploads\/2024\/03\/wall-decoration-paper-jungle-puma.webp 800w\" sizes=\"100vw\" \/>\t\t\t\t\t\t\t\t<\/a>\n\t\t\t\t\t\t\t\t\t\t\t\t\t\t\t<\/div>\n\t\t\t\t<\/div>\n\t\t\t\t<div class=\"elementor-element elementor-element-e49d65c elementor-widget elementor-widget-text-editor\" data-id=\"e49d65c\" data-element_type=\"widget\" data-e-type=\"widget\" data-widget_type=\"text-editor.default\">\n\t\t\t\t<div class=\"elementor-widget-container\">\n\t\t\t\t\t\t\t\t\t<p style=\"text-align: center;\"><a href=\"https:\/\/www.kunstloft.it\/11729-scultura-da-parete-in-cartone-jungle-puma\/\" target=\"_blank\" rel=\"noopener\">Scultura da parete in cartone <br\/>&#8216;Jungle Puma&#8217;<\/a><\/p>\t\t\t\t\t\t\t\t<\/div>\n\t\t\t\t<\/div>\n\t\t\t\t<div class=\"elementor-element elementor-element-c03317d elementor-widget elementor-widget-image\" data-id=\"c03317d\" data-element_type=\"widget\" data-e-type=\"widget\" data-widget_type=\"image.default\">\n\t\t\t\t<div class=\"elementor-widget-container\">\n\t\t\t\t\t\t\t\t\t\t\t\t\t\t\t\t<a href=\"https:\/\/www.kunstloft.it\/11730-scultura-da-parete-in-cartone-jungle-monkeys\/\" target=\"_blank\">\n\t\t\t\t\t\t\t<img loading=\"lazy\" decoding=\"async\" width=\"768\" height=\"512\" src=\"https:\/\/www.kunstloft.it\/rivista\/wp-content\/uploads\/2024\/03\/wall-decoration-paper-jungle-monkeys-768x512.webp\" class=\"attachment-medium_large size-medium_large wp-image-13000\" alt=\"\" srcset=\"https:\/\/www.kunstloft.it\/rivista\/wp-content\/uploads\/2024\/03\/wall-decoration-paper-jungle-monkeys-768x512.webp 768w, https:\/\/www.kunstloft.it\/rivista\/wp-content\/uploads\/2024\/03\/wall-decoration-paper-jungle-monkeys-300x200.webp 300w, https:\/\/www.kunstloft.it\/rivista\/wp-content\/uploads\/2024\/03\/wall-decoration-paper-jungle-monkeys.webp 800w\" sizes=\"100vw\" \/>\t\t\t\t\t\t\t\t<\/a>\n\t\t\t\t\t\t\t\t\t\t\t\t\t\t\t<\/div>\n\t\t\t\t<\/div>\n\t\t\t\t<div class=\"elementor-element elementor-element-ccdcd3d elementor-widget elementor-widget-text-editor\" data-id=\"ccdcd3d\" data-element_type=\"widget\" data-e-type=\"widget\" data-widget_type=\"text-editor.default\">\n\t\t\t\t<div class=\"elementor-widget-container\">\n\t\t\t\t\t\t\t\t\t<p style=\"text-align: center;\"><a href=\"https:\/\/www.kunstloft.it\/11730-scultura-da-parete-in-cartone-jungle-monkeys\/\" target=\"_blank\" rel=\"noopener\">Scultura da parete in cartone <br\/>&#8216;Jungle Monkeys&#8217;<\/a><\/p>\t\t\t\t\t\t\t\t<\/div>\n\t\t\t\t<\/div>\n\t\t\t\t\t<\/div>\n\t\t<\/div>\n\t\t\t\t<div class=\"elementor-column elementor-col-33 elementor-top-column elementor-element elementor-element-0f95994\" data-id=\"0f95994\" data-element_type=\"column\" data-e-type=\"column\">\n\t\t\t<div class=\"elementor-widget-wrap elementor-element-populated\">\n\t\t\t\t\t\t<div class=\"elementor-element elementor-element-161ba21 elementor-widget elementor-widget-image\" data-id=\"161ba21\" data-element_type=\"widget\" data-e-type=\"widget\" data-widget_type=\"image.default\">\n\t\t\t\t<div class=\"elementor-widget-container\">\n\t\t\t\t\t\t\t\t\t\t\t\t\t\t\t\t<a href=\"https:\/\/www.kunstloft.it\/11752-scultura-da-parete-in-cartone-obi\/\" target=\"_blank\">\n\t\t\t\t\t\t\t<img loading=\"lazy\" decoding=\"async\" width=\"768\" height=\"1152\" src=\"https:\/\/www.kunstloft.it\/rivista\/wp-content\/uploads\/2024\/03\/wall-decoration-paper-obi-768x1152.webp\" class=\"attachment-medium_large size-medium_large wp-image-13003\" alt=\"Scultura da parete in cartone &apos;Obi&apos;\" srcset=\"https:\/\/www.kunstloft.it\/rivista\/wp-content\/uploads\/2024\/03\/wall-decoration-paper-obi-768x1152.webp 768w, https:\/\/www.kunstloft.it\/rivista\/wp-content\/uploads\/2024\/03\/wall-decoration-paper-obi-200x300.webp 200w, https:\/\/www.kunstloft.it\/rivista\/wp-content\/uploads\/2024\/03\/wall-decoration-paper-obi-682x1024.webp 682w, https:\/\/www.kunstloft.it\/rivista\/wp-content\/uploads\/2024\/03\/wall-decoration-paper-obi.webp 853w\" sizes=\"100vw\" \/>\t\t\t\t\t\t\t\t<\/a>\n\t\t\t\t\t\t\t\t\t\t\t\t\t\t\t<\/div>\n\t\t\t\t<\/div>\n\t\t\t\t<div class=\"elementor-element elementor-element-a52cb48 elementor-widget elementor-widget-text-editor\" data-id=\"a52cb48\" data-element_type=\"widget\" data-e-type=\"widget\" data-widget_type=\"text-editor.default\">\n\t\t\t\t<div class=\"elementor-widget-container\">\n\t\t\t\t\t\t\t\t\t<p style=\"text-align: center;\"><a href=\"https:\/\/www.kunstloft.it\/11752-scultura-da-parete-in-cartone-obi\/\" target=\"_blank\" rel=\"noopener\">Scultura da parete in cartone &#8216;Obi&#8217;<\/a><\/p>\t\t\t\t\t\t\t\t<\/div>\n\t\t\t\t<\/div>\n\t\t\t\t\t<\/div>\n\t\t<\/div>\n\t\t\t\t\t<\/div>\n\t\t<\/section>\n\t\t\t\t<section class=\"elementor-section elementor-top-section elementor-element elementor-element-af49ff9 elementor-section-boxed elementor-section-height-default elementor-section-height-default\" data-id=\"af49ff9\" data-element_type=\"section\" data-e-type=\"section\">\n\t\t\t\t\t\t<div class=\"elementor-container elementor-column-gap-default\">\n\t\t\t\t\t<div class=\"elementor-column elementor-col-100 elementor-top-column elementor-element elementor-element-e6d9231\" data-id=\"e6d9231\" data-element_type=\"column\" data-e-type=\"column\">\n\t\t\t<div class=\"elementor-widget-wrap elementor-element-populated\">\n\t\t\t\t\t\t<div class=\"elementor-element elementor-element-61231c5 elementor-widget elementor-widget-heading\" data-id=\"61231c5\" data-element_type=\"widget\" data-e-type=\"widget\" id=\"Pastellt\u00f6ne\" data-widget_type=\"heading.default\">\n\t\t\t\t<div class=\"elementor-widget-container\">\n\t\t\t\t\t<h3 class=\"elementor-heading-title elementor-size-default\">Tonalit\u00e0 Neutre e Pastello<\/h3>\t\t\t\t<\/div>\n\t\t\t\t<\/div>\n\t\t\t\t<div class=\"elementor-element elementor-element-d69d66a elementor-widget elementor-widget-text-editor\" data-id=\"d69d66a\" data-element_type=\"widget\" data-e-type=\"widget\" data-widget_type=\"text-editor.default\">\n\t\t\t\t<div class=\"elementor-widget-container\">\n\t\t\t\t\t\t\t\t\t<p>Con una miscela di tenui colori pastello ed eleganti colori neutri, questa tavolozza crea un ambiente sofisticato e rilassante. Con le tonalit\u00e0 del rosa pallido, del tortora, del grigio pallido e del lavanda pallido, offre un approccio sofisticato ai colori primaverili. Questa tavolozza \u00e8 perfetta per gli ambienti che cercano un&#8217;atmosfera fresca e tranquilla con un tocco di moderna eleganza.<\/p>\t\t\t\t\t\t\t\t<\/div>\n\t\t\t\t<\/div>\n\t\t\t\t\t<\/div>\n\t\t<\/div>\n\t\t\t\t\t<\/div>\n\t\t<\/section>\n\t\t\t\t<section class=\"elementor-section elementor-top-section elementor-element elementor-element-c877c21 elementor-section-boxed elementor-section-height-default elementor-section-height-default\" data-id=\"c877c21\" data-element_type=\"section\" data-e-type=\"section\">\n\t\t\t\t\t\t<div class=\"elementor-container elementor-column-gap-default\">\n\t\t\t\t\t<div class=\"elementor-column elementor-col-100 elementor-top-column elementor-element elementor-element-768542c\" data-id=\"768542c\" data-element_type=\"column\" data-e-type=\"column\">\n\t\t\t<div class=\"elementor-widget-wrap elementor-element-populated\">\n\t\t\t\t\t\t<div class=\"elementor-element elementor-element-a382161 elementor-widget elementor-widget-image\" data-id=\"a382161\" data-element_type=\"widget\" data-e-type=\"widget\" data-widget_type=\"image.default\">\n\t\t\t\t<div class=\"elementor-widget-container\">\n\t\t\t\t\t\t\t\t\t\t\t\t\t\t\t\t<a href=\"https:\/\/www.kunstloft.it\/302-dipinto-acrilico-la-nebbia-si-dirada\/\" target=\"_blank\">\n\t\t\t\t\t\t\t<img loading=\"lazy\" decoding=\"async\" width=\"950\" height=\"623\" src=\"https:\/\/www.kunstloft.it\/rivista\/wp-content\/uploads\/2024\/03\/pastel-neutrals-spring-colour-palette-in-the-living-room-2-1024x672.webp\" class=\"attachment-large size-large wp-image-12996\" alt=\"palette di colori di primavera neutri e pastello in salotto\" srcset=\"https:\/\/www.kunstloft.it\/rivista\/wp-content\/uploads\/2024\/03\/pastel-neutrals-spring-colour-palette-in-the-living-room-2-1024x672.webp 1024w, https:\/\/www.kunstloft.it\/rivista\/wp-content\/uploads\/2024\/03\/pastel-neutrals-spring-colour-palette-in-the-living-room-2-300x197.webp 300w, https:\/\/www.kunstloft.it\/rivista\/wp-content\/uploads\/2024\/03\/pastel-neutrals-spring-colour-palette-in-the-living-room-2-768x504.webp 768w, https:\/\/www.kunstloft.it\/rivista\/wp-content\/uploads\/2024\/03\/pastel-neutrals-spring-colour-palette-in-the-living-room-2.webp 1280w\" sizes=\"100vw\" \/>\t\t\t\t\t\t\t\t<\/a>\n\t\t\t\t\t\t\t\t\t\t\t\t\t\t\t<\/div>\n\t\t\t\t<\/div>\n\t\t\t\t<section class=\"elementor-section elementor-inner-section elementor-element elementor-element-68fb8e4 elementor-section-boxed elementor-section-height-default elementor-section-height-default\" data-id=\"68fb8e4\" data-element_type=\"section\" data-e-type=\"section\">\n\t\t\t\t\t\t<div class=\"elementor-container elementor-column-gap-default\">\n\t\t\t\t\t<div class=\"elementor-column elementor-col-100 elementor-inner-column elementor-element elementor-element-ef66155\" data-id=\"ef66155\" data-element_type=\"column\" data-e-type=\"column\">\n\t\t\t<div class=\"elementor-widget-wrap elementor-element-populated\">\n\t\t\t\t\t\t<div class=\"elementor-element elementor-element-72bfcbe elementor-widget__width-auto elementor-widget-tablet__width-auto elementor-widget elementor-widget-image\" data-id=\"72bfcbe\" data-element_type=\"widget\" data-e-type=\"widget\" data-widget_type=\"image.default\">\n\t\t\t\t<div class=\"elementor-widget-container\">\n\t\t\t\t\t\t\t\t\t\t\t\t\t\t\t\t<a href=\"https:\/\/www.kunstloft.it\/wordpress\/it_IT\/it\/wp-content\/uploads\/2024\/03\/acrylic-paintings-the-fog-lights-itself-1.webp\" data-elementor-open-lightbox=\"yes\" data-elementor-lightbox-title=\"dipinti in acrilico i fendinebbia stessi\" data-elementor-lightbox-description=\"dipinti in acrilico i fendinebbia stessi\" data-e-action-hash=\"#elementor-action%3Aaction%3Dlightbox%26settings%3DeyJpZCI6MTI5NzcsInVybCI6Imh0dHBzOlwvXC93d3cua3Vuc3Rsb2Z0Lml0XC9yaXZpc3RhXC93cC1jb250ZW50XC91cGxvYWRzXC8yMDI0XC8wM1wvYWNyeWxpYy1wYWludGluZ3MtdGhlLWZvZy1saWdodHMtaXRzZWxmLTEud2VicCJ9\">\n\t\t\t\t\t\t\t<img loading=\"lazy\" decoding=\"async\" width=\"300\" height=\"200\" src=\"https:\/\/www.kunstloft.it\/rivista\/wp-content\/uploads\/2024\/03\/acrylic-paintings-the-fog-lights-itself-1-300x200.webp\" class=\"attachment-medium size-medium wp-image-12977\" alt=\"dipinti in acrilico i fendinebbia stessi\" srcset=\"https:\/\/www.kunstloft.it\/rivista\/wp-content\/uploads\/2024\/03\/acrylic-paintings-the-fog-lights-itself-1-300x200.webp 300w, https:\/\/www.kunstloft.it\/rivista\/wp-content\/uploads\/2024\/03\/acrylic-paintings-the-fog-lights-itself-1-768x512.webp 768w, https:\/\/www.kunstloft.it\/rivista\/wp-content\/uploads\/2024\/03\/acrylic-paintings-the-fog-lights-itself-1.webp 800w\" sizes=\"100vw\" \/>\t\t\t\t\t\t\t\t<\/a>\n\t\t\t\t\t\t\t\t\t\t\t\t\t\t\t<\/div>\n\t\t\t\t<\/div>\n\t\t\t\t<div class=\"elementor-element elementor-element-a81a366 elementor-widget__width-auto elementor-widget-tablet__width-auto elementor-widget elementor-widget-image\" data-id=\"a81a366\" data-element_type=\"widget\" data-e-type=\"widget\" data-widget_type=\"image.default\">\n\t\t\t\t<div class=\"elementor-widget-container\">\n\t\t\t\t\t\t\t\t\t\t\t\t\t\t\t\t<a href=\"https:\/\/www.kunstloft.it\/wordpress\/it_IT\/it\/wp-content\/uploads\/2024\/03\/acrylic-paintings-the-fog-lights-itself-2.webp\" data-elementor-open-lightbox=\"yes\" data-elementor-lightbox-title=\"dipinti in acrilico i fendinebbia stessi\" data-elementor-lightbox-description=\"dipinti in acrilico i fendinebbia stessi\" data-e-action-hash=\"#elementor-action%3Aaction%3Dlightbox%26settings%3DeyJpZCI6MTI5NzgsInVybCI6Imh0dHBzOlwvXC93d3cua3Vuc3Rsb2Z0Lml0XC9yaXZpc3RhXC93cC1jb250ZW50XC91cGxvYWRzXC8yMDI0XC8wM1wvYWNyeWxpYy1wYWludGluZ3MtdGhlLWZvZy1saWdodHMtaXRzZWxmLTIud2VicCJ9\">\n\t\t\t\t\t\t\t<img loading=\"lazy\" decoding=\"async\" width=\"300\" height=\"200\" src=\"https:\/\/www.kunstloft.it\/rivista\/wp-content\/uploads\/2024\/03\/acrylic-paintings-the-fog-lights-itself-2-300x200.webp\" class=\"attachment-medium size-medium wp-image-12978\" alt=\"dipinti in acrilico i fendinebbia stessi\" srcset=\"https:\/\/www.kunstloft.it\/rivista\/wp-content\/uploads\/2024\/03\/acrylic-paintings-the-fog-lights-itself-2-300x200.webp 300w, https:\/\/www.kunstloft.it\/rivista\/wp-content\/uploads\/2024\/03\/acrylic-paintings-the-fog-lights-itself-2-768x512.webp 768w, https:\/\/www.kunstloft.it\/rivista\/wp-content\/uploads\/2024\/03\/acrylic-paintings-the-fog-lights-itself-2.webp 800w\" sizes=\"100vw\" \/>\t\t\t\t\t\t\t\t<\/a>\n\t\t\t\t\t\t\t\t\t\t\t\t\t\t\t<\/div>\n\t\t\t\t<\/div>\n\t\t\t\t<div class=\"elementor-element elementor-element-7652dd5 elementor-widget__width-auto elementor-widget-tablet__width-auto elementor-widget elementor-widget-image\" data-id=\"7652dd5\" data-element_type=\"widget\" data-e-type=\"widget\" data-widget_type=\"image.default\">\n\t\t\t\t<div class=\"elementor-widget-container\">\n\t\t\t\t\t\t\t\t\t\t\t\t\t\t\t\t<a href=\"https:\/\/www.kunstloft.it\/wordpress\/it_IT\/it\/wp-content\/uploads\/2024\/03\/acrylic-paintings-the-fog-lights-itself-3.webp\" data-elementor-open-lightbox=\"yes\" data-elementor-lightbox-title=\"dipinti in acrilico i fendinebbia stessi\" data-elementor-lightbox-description=\"dipinti in acrilico i fendinebbia stessi\" data-e-action-hash=\"#elementor-action%3Aaction%3Dlightbox%26settings%3DeyJpZCI6MTI5NzksInVybCI6Imh0dHBzOlwvXC93d3cua3Vuc3Rsb2Z0Lml0XC9yaXZpc3RhXC93cC1jb250ZW50XC91cGxvYWRzXC8yMDI0XC8wM1wvYWNyeWxpYy1wYWludGluZ3MtdGhlLWZvZy1saWdodHMtaXRzZWxmLTMud2VicCJ9\">\n\t\t\t\t\t\t\t<img loading=\"lazy\" decoding=\"async\" width=\"300\" height=\"200\" src=\"https:\/\/www.kunstloft.it\/rivista\/wp-content\/uploads\/2024\/03\/acrylic-paintings-the-fog-lights-itself-3-300x200.webp\" class=\"attachment-medium size-medium wp-image-12979\" alt=\"dipinti in acrilico i fendinebbia stessi\" srcset=\"https:\/\/www.kunstloft.it\/rivista\/wp-content\/uploads\/2024\/03\/acrylic-paintings-the-fog-lights-itself-3-300x200.webp 300w, https:\/\/www.kunstloft.it\/rivista\/wp-content\/uploads\/2024\/03\/acrylic-paintings-the-fog-lights-itself-3-768x512.webp 768w, https:\/\/www.kunstloft.it\/rivista\/wp-content\/uploads\/2024\/03\/acrylic-paintings-the-fog-lights-itself-3.webp 800w\" sizes=\"100vw\" \/>\t\t\t\t\t\t\t\t<\/a>\n\t\t\t\t\t\t\t\t\t\t\t\t\t\t\t<\/div>\n\t\t\t\t<\/div>\n\t\t\t\t\t<\/div>\n\t\t<\/div>\n\t\t\t\t\t<\/div>\n\t\t<\/section>\n\t\t\t\t<div class=\"elementor-element elementor-element-2520cc9 elementor-widget elementor-widget-text-editor\" data-id=\"2520cc9\" data-element_type=\"widget\" data-e-type=\"widget\" data-widget_type=\"text-editor.default\">\n\t\t\t\t<div class=\"elementor-widget-container\">\n\t\t\t\t\t\t\t\t\t<p style=\"text-align: center;\"><a href=\"https:\/\/www.kunstloft.it\/302-dipinto-acrilico-la-nebbia-si-dirada\/\" target=\"_blank\" rel=\"noopener\">Quadro dipinto a mano &#8216;La nebbia si dirada&#8217; 120x75cm<\/a><\/p>\t\t\t\t\t\t\t\t<\/div>\n\t\t\t\t<\/div>\n\t\t\t\t\t<\/div>\n\t\t<\/div>\n\t\t\t\t\t<\/div>\n\t\t<\/section>\n\t\t\t\t<section class=\"elementor-section elementor-top-section elementor-element elementor-element-68caa03 elementor-section-boxed elementor-section-height-default elementor-section-height-default\" data-id=\"68caa03\" data-element_type=\"section\" data-e-type=\"section\">\n\t\t\t\t\t\t<div class=\"elementor-container elementor-column-gap-default\">\n\t\t\t\t\t<div class=\"elementor-column elementor-col-100 elementor-top-column elementor-element elementor-element-f9237bd\" data-id=\"f9237bd\" data-element_type=\"column\" data-e-type=\"column\">\n\t\t\t<div class=\"elementor-widget-wrap elementor-element-populated\">\n\t\t\t\t\t\t<div class=\"elementor-element elementor-element-b01b7c4 elementor-widget elementor-widget-heading\" data-id=\"b01b7c4\" data-element_type=\"widget\" data-e-type=\"widget\" id=\"Versch\u00f6nern\" data-widget_type=\"heading.default\">\n\t\t\t\t<div class=\"elementor-widget-container\">\n\t\t\t\t\t<h2 class=\"elementor-heading-title elementor-size-default\">Ravvivate la vostra casa con queste Palette di Colori di Primavera<\/h2>\t\t\t\t<\/div>\n\t\t\t\t<\/div>\n\t\t\t\t<div class=\"elementor-element elementor-element-c398dd1 elementor-widget elementor-widget-text-editor\" data-id=\"c398dd1\" data-element_type=\"widget\" data-e-type=\"widget\" data-widget_type=\"text-editor.default\">\n\t\t\t\t<div class=\"elementor-widget-container\">\n\t\t\t\t\t\t\t\t\t<p>Ognuna di queste palette di colori primaverili pu\u00f2 essere adattata a diversi stili di design d&#8217;interni, dal <a href=\"https:\/\/www.kunstloft.com\/magazine\/minimalism-experience-less-is-more\/\" data-wplink-edit=\"true\">minimalismo moderno<\/a> all&#8217;accogliente stile country. La chiave \u00e8 incorporare questi colori in un modo che rifletta il gusto personale e le esigenze funzionali dello spazio, sia attraverso la pittura, i tessuti, gli accessori o le opere d&#8217;arte. Incorporare i colori della primavera nel design d&#8217;interni non solo render\u00e0 lo spazio al passo con la stagione, ma migliorer\u00e0 anche l&#8217;umore e il benessere e render\u00e0 la casa un luogo accogliente.<\/p>\t\t\t\t\t\t\t\t<\/div>\n\t\t\t\t<\/div>\n\t\t\t\t\t<\/div>\n\t\t<\/div>\n\t\t\t\t\t<\/div>\n\t\t<\/section>\n\t\t\t\t<section class=\"elementor-section elementor-top-section elementor-element elementor-element-8ea5a14 elementor-section-boxed elementor-section-height-default elementor-section-height-default\" data-id=\"8ea5a14\" data-element_type=\"section\" data-e-type=\"section\">\n\t\t\t\t\t\t<div class=\"elementor-container elementor-column-gap-default\">\n\t\t\t\t\t<div class=\"elementor-column elementor-col-100 elementor-top-column elementor-element elementor-element-c9166f9\" data-id=\"c9166f9\" data-element_type=\"column\" data-e-type=\"column\">\n\t\t\t<div class=\"elementor-widget-wrap elementor-element-populated\">\n\t\t\t\t\t\t<div class=\"elementor-element elementor-element-d1dd5ba elementor-widget elementor-widget-heading\" data-id=\"d1dd5ba\" data-element_type=\"widget\" data-e-type=\"widget\" data-widget_type=\"heading.default\">\n\t\t\t\t<div class=\"elementor-widget-container\">\n\t\t\t\t\t<h3 class=\"elementor-heading-title elementor-size-default\">FAQs - Domande frequenti<\/h3>\t\t\t\t<\/div>\n\t\t\t\t<\/div>\n\t\t\t\t<div class=\"elementor-element elementor-element-332fc47 elementor-widget elementor-widget-toggle\" data-id=\"332fc47\" data-element_type=\"widget\" data-e-type=\"widget\" data-widget_type=\"toggle.default\">\n\t\t\t\t<div class=\"elementor-widget-container\">\n\t\t\t\t\t\t\t<div class=\"elementor-toggle\">\n\t\t\t\t\t\t\t<div class=\"elementor-toggle-item\">\n\t\t\t\t\t<div id=\"elementor-tab-title-5361\" class=\"elementor-tab-title\" data-tab=\"1\" role=\"button\" aria-controls=\"elementor-tab-content-5361\" aria-expanded=\"false\">\n\t\t\t\t\t\t\t\t\t\t\t\t<span class=\"elementor-toggle-icon elementor-toggle-icon-left\" aria-hidden=\"true\">\n\t\t\t\t\t\t\t\t\t\t\t\t\t\t\t<span class=\"elementor-toggle-icon-closed\"><i class=\"fas fa-caret-right\"><\/i><\/span>\n\t\t\t\t\t\t\t\t<span class=\"elementor-toggle-icon-opened\"><i class=\"elementor-toggle-icon-opened fas fa-caret-up\"><\/i><\/span>\n\t\t\t\t\t\t\t\t\t\t\t\t\t<\/span>\n\t\t\t\t\t\t\t\t\t\t\t\t<a class=\"elementor-toggle-title\" tabindex=\"0\">Come posso integrare la palette di colori della primavera in una stanza piccola senza sovraccaricarla?<\/a>\n\t\t\t\t\t<\/div>\n\n\t\t\t\t\t<div id=\"elementor-tab-content-5361\" class=\"elementor-tab-content elementor-clearfix\" data-tab=\"1\" role=\"region\" aria-labelledby=\"elementor-tab-title-5361\"><p>Per incorporare la tavolozza dei colori primaverili in uno spazio piccolo, puntate su colori leggeri e ariosi come i pastelli tenui o le tonalit\u00e0 fresche e rinfrescanti. Scegliete pezzi d&#8217;accento come cuscini, vasi o opere d&#8217;arte che richiamino i colori primaverili senza dominare la stanza. Anche gli specchi e le superfici riflettenti possono contribuire a diffondere la luce nella stanza, facendola apparire pi\u00f9 ampia e luminosa e riprendendo il tema della primavera.<\/p><\/div>\n\t\t\t\t<\/div>\n\t\t\t\t\t\t\t<div class=\"elementor-toggle-item\">\n\t\t\t\t\t<div id=\"elementor-tab-title-5362\" class=\"elementor-tab-title\" data-tab=\"2\" role=\"button\" aria-controls=\"elementor-tab-content-5362\" aria-expanded=\"false\">\n\t\t\t\t\t\t\t\t\t\t\t\t<span class=\"elementor-toggle-icon elementor-toggle-icon-left\" aria-hidden=\"true\">\n\t\t\t\t\t\t\t\t\t\t\t\t\t\t\t<span class=\"elementor-toggle-icon-closed\"><i class=\"fas fa-caret-right\"><\/i><\/span>\n\t\t\t\t\t\t\t\t<span class=\"elementor-toggle-icon-opened\"><i class=\"elementor-toggle-icon-opened fas fa-caret-up\"><\/i><\/span>\n\t\t\t\t\t\t\t\t\t\t\t\t\t<\/span>\n\t\t\t\t\t\t\t\t\t\t\t\t<a class=\"elementor-toggle-title\" tabindex=\"0\">Qual \u00e8 il modo migliore per combinare diversi colori primaverili in una stanza?<\/a>\n\t\t\t\t\t<\/div>\n\n\t\t\t\t\t<div id=\"elementor-tab-content-5362\" class=\"elementor-tab-content elementor-clearfix\" data-tab=\"2\" role=\"region\" aria-labelledby=\"elementor-tab-title-5362\"><p>Mescolare diversi colori primaverili in una stanza pu\u00f2 creare un look dinamico e armonioso. Iniziate con una base neutra dalla palette dei neutri terrosi e aggiungete dei tocchi di colore dalle palette di ispirazione luminosa e audace o floreale con accessori, tessuti e opere d&#8217;arte da parete. Create un equilibrio scegliendo uno o due colori dominanti e usando gli altri come accenti, in modo che la stanza risulti coesa e non troppo ingombra.<\/p><\/div>\n\t\t\t\t<\/div>\n\t\t\t\t\t\t\t<div class=\"elementor-toggle-item\">\n\t\t\t\t\t<div id=\"elementor-tab-title-5363\" class=\"elementor-tab-title\" data-tab=\"3\" role=\"button\" aria-controls=\"elementor-tab-content-5363\" aria-expanded=\"false\">\n\t\t\t\t\t\t\t\t\t\t\t\t<span class=\"elementor-toggle-icon elementor-toggle-icon-left\" aria-hidden=\"true\">\n\t\t\t\t\t\t\t\t\t\t\t\t\t\t\t<span class=\"elementor-toggle-icon-closed\"><i class=\"fas fa-caret-right\"><\/i><\/span>\n\t\t\t\t\t\t\t\t<span class=\"elementor-toggle-icon-opened\"><i class=\"elementor-toggle-icon-opened fas fa-caret-up\"><\/i><\/span>\n\t\t\t\t\t\t\t\t\t\t\t\t\t<\/span>\n\t\t\t\t\t\t\t\t\t\t\t\t<a class=\"elementor-toggle-title\" tabindex=\"0\">La tavolozza dei colori primaverili pu\u00f2 essere utilizzata in qualsiasi stile di design d'interni?<\/a>\n\t\t\t\t\t<\/div>\n\n\t\t\t\t\t<div id=\"elementor-tab-content-5363\" class=\"elementor-tab-content elementor-clearfix\" data-tab=\"3\" role=\"region\" aria-labelledby=\"elementor-tab-title-5363\"><p>S\u00ec, i colori primaverili possono essere utilizzati in qualsiasi stile di design d&#8217;interni. Negli interni moderni e minimalisti, i verdi monocromatici o i neutri pastello possono aggiungere una sottile vivacit\u00e0 senza stonare con le linee pulite. Negli interni pi\u00f9 tradizionali, le ispirazioni floreali o le palette tropicali e luminose possono aggiungere profondit\u00e0 e carattere. Il segreto \u00e8 abbinare i colori all&#8217;arredamento esistente e utilizzarli in modo da completare l&#8217;estetica generale del progetto.<\/p><\/div>\n\t\t\t\t<\/div>\n\t\t\t\t\t\t\t\t<\/div>\n\t\t\t\t\t\t<\/div>\n\t\t\t\t<\/div>\n\t\t\t\t\t<\/div>\n\t\t<\/div>\n\t\t\t\t\t<\/div>\n\t\t<\/section>\n\t\t\t\t<section class=\"elementor-section elementor-top-section elementor-element elementor-element-2937eb3 elementor-section-boxed elementor-section-height-default elementor-section-height-default\" data-id=\"2937eb3\" data-element_type=\"section\" data-e-type=\"section\">\n\t\t\t\t\t\t<div class=\"elementor-container elementor-column-gap-default\">\n\t\t\t\t\t<div class=\"elementor-column elementor-col-100 elementor-top-column elementor-element elementor-element-faa5573\" data-id=\"faa5573\" data-element_type=\"column\" data-e-type=\"column\">\n\t\t\t<div class=\"elementor-widget-wrap elementor-element-populated\">\n\t\t\t\t\t\t<div class=\"elementor-element elementor-element-2868bb5 elementor-widget elementor-widget-spacer\" data-id=\"2868bb5\" data-element_type=\"widget\" data-e-type=\"widget\" data-widget_type=\"spacer.default\">\n\t\t\t\t<div class=\"elementor-widget-container\">\n\t\t\t\t\t\t\t<div class=\"elementor-spacer\">\n\t\t\t<div class=\"elementor-spacer-inner\"><\/div>\n\t\t<\/div>\n\t\t\t\t\t\t<\/div>\n\t\t\t\t<\/div>\n\t\t\t\t\t<\/div>\n\t\t<\/div>\n\t\t\t\t\t<\/div>\n\t\t<\/section>\n\t\t\t\t<section class=\"elementor-section elementor-top-section elementor-element elementor-element-4b1903d elementor-section-boxed elementor-section-height-default elementor-section-height-default\" data-id=\"4b1903d\" data-element_type=\"section\" data-e-type=\"section\">\n\t\t\t\t\t\t<div class=\"elementor-container elementor-column-gap-default\">\n\t\t\t\t\t<div class=\"elementor-column elementor-col-100 elementor-top-column elementor-element elementor-element-2cfef08\" data-id=\"2cfef08\" data-element_type=\"column\" data-e-type=\"column\">\n\t\t\t<div class=\"elementor-widget-wrap elementor-element-populated\">\n\t\t\t\t\t\t<div class=\"elementor-element elementor-element-c42178f elementor-widget elementor-widget-heading\" data-id=\"c42178f\" data-element_type=\"widget\" data-e-type=\"widget\" data-widget_type=\"heading.default\">\n\t\t\t\t<div class=\"elementor-widget-container\">\n\t\t\t\t\t<h3 class=\"elementor-heading-title elementor-size-medium\">Articolo correlato per Palette Colori Primavera<\/h3>\t\t\t\t<\/div>\n\t\t\t\t<\/div>\n\t\t\t\t<div class=\"elementor-element elementor-element-0b9b255 elementor-widget elementor-widget-text-editor\" data-id=\"0b9b255\" data-element_type=\"widget\" data-e-type=\"widget\" data-widget_type=\"text-editor.default\">\n\t\t\t\t<div class=\"elementor-widget-container\">\n\t\t\t\t\t\t\t\t\t<ul><li><a href=\"https:\/\/www.kunstloft.it\/rivista\/palette-di-colori-romantici-per-san-valentino\/\"><span data-sheets-root=\"1\" data-sheets-value=\"{&quot;1&quot;:2,&quot;2&quot;:&quot;Palette di colori romantici per la vostra casa a San Valentino&quot;}\" data-sheets-userformat=\"{&quot;2&quot;:769,&quot;3&quot;:{&quot;1&quot;:0},&quot;11&quot;:4,&quot;12&quot;:0}\">Palette di colori romantici per la vostra casa a San Valentino<\/span><\/a><\/li><li><a href=\"https:\/\/www.kunstloft.it\/rivista\/peach-fuzz-il-colore-dellanno-2024\/\"><span data-sheets-root=\"1\" data-sheets-value=\"{&quot;1&quot;:2,&quot;2&quot;:&quot;Peach Fuzz: come il colore dell'anno 2024 cambier\u00e0 la vostra casa&quot;}\" data-sheets-userformat=\"{&quot;2&quot;:769,&quot;3&quot;:{&quot;1&quot;:0},&quot;11&quot;:4,&quot;12&quot;:0}\">Peach Fuzz: come il colore dell&#8217;anno 2024 cambier\u00e0 la vostra casa<\/span><\/a><\/li><li><a href=\"https:\/\/www.kunstloft.it\/rivista\/colour-blocking-nel-design-dinterni\/\"><span data-sheets-root=\"1\" data-sheets-value=\"{&quot;1&quot;:2,&quot;2&quot;:&quot;Colour Blocking: La rivoluzione dell'interior design&quot;}\" data-sheets-userformat=\"{&quot;2&quot;:769,&quot;3&quot;:{&quot;1&quot;:0},&quot;11&quot;:4,&quot;12&quot;:0}\">Colour Blocking: La rivoluzione dell&#8217;interior design<\/span><\/a><\/li><li><a href=\"https:\/\/www.kunstloft.it\/rivista\/tendenza-colore-2023-pantone\/\"><span data-sheets-root=\"1\" data-sheets-value=\"{&quot;1&quot;:2,&quot;2&quot;:&quot;Viva il magenta. I nostri consigli di interior design per il colore di tendenza del 2023.&quot;}\" data-sheets-userformat=\"{&quot;2&quot;:897,&quot;3&quot;:{&quot;1&quot;:0},&quot;10&quot;:1,&quot;11&quot;:4,&quot;12&quot;:0}\">Viva il magenta. I nostri consigli di interior design per il colore di tendenza del 2023<\/span><\/a><\/li><\/ul>\t\t\t\t\t\t\t\t<\/div>\n\t\t\t\t<\/div>\n\t\t\t\t\t<\/div>\n\t\t<\/div>\n\t\t\t\t\t<\/div>\n\t\t<\/section>\n\t\t\t\t<section class=\"elementor-section elementor-top-section elementor-element elementor-element-effe002 elementor-section-boxed elementor-section-height-default elementor-section-height-default\" data-id=\"effe002\" data-element_type=\"section\" data-e-type=\"section\">\n\t\t\t\t\t\t<div class=\"elementor-container elementor-column-gap-default\">\n\t\t\t\t\t<div class=\"elementor-column elementor-col-100 elementor-top-column elementor-element elementor-element-532a961\" data-id=\"532a961\" data-element_type=\"column\" data-e-type=\"column\">\n\t\t\t<div class=\"elementor-widget-wrap elementor-element-populated\">\n\t\t\t\t\t\t<div class=\"elementor-element elementor-element-55d3da4 elementor-widget elementor-widget-spacer\" data-id=\"55d3da4\" data-element_type=\"widget\" data-e-type=\"widget\" data-widget_type=\"spacer.default\">\n\t\t\t\t<div class=\"elementor-widget-container\">\n\t\t\t\t\t\t\t<div class=\"elementor-spacer\">\n\t\t\t<div class=\"elementor-spacer-inner\"><\/div>\n\t\t<\/div>\n\t\t\t\t\t\t<\/div>\n\t\t\t\t<\/div>\n\t\t\t\t\t<\/div>\n\t\t<\/div>\n\t\t\t\t\t<\/div>\n\t\t<\/section>\n\t\t\t\t<section class=\"elementor-section elementor-top-section elementor-element elementor-element-94f9ace elementor-section-boxed elementor-section-height-default elementor-section-height-default\" data-id=\"94f9ace\" data-element_type=\"section\" data-e-type=\"section\">\n\t\t\t\t\t\t<div class=\"elementor-container elementor-column-gap-default\">\n\t\t\t\t\t<div class=\"elementor-column elementor-col-100 elementor-top-column elementor-element elementor-element-68dbff1\" data-id=\"68dbff1\" data-element_type=\"column\" data-e-type=\"column\">\n\t\t\t<div class=\"elementor-widget-wrap elementor-element-populated\">\n\t\t\t\t\t\t<div class=\"elementor-element elementor-element-48dde3c elementor-widget elementor-widget-heading\" data-id=\"48dde3c\" data-element_type=\"widget\" data-e-type=\"widget\" data-widget_type=\"heading.default\">\n\t\t\t\t<div class=\"elementor-widget-container\">\n\t\t\t\t\t<h3 class=\"elementor-heading-title elementor-size-medium\">SEGUITECI SU TUTTI I NOSTRI ACCOUNT DI SOCIAL MEDIA<\/h3>\t\t\t\t<\/div>\n\t\t\t\t<\/div>\n\t\t\t\t<section class=\"elementor-section elementor-inner-section elementor-element elementor-element-d914e26 elementor-section-boxed elementor-section-height-default elementor-section-height-default\" data-id=\"d914e26\" data-element_type=\"section\" data-e-type=\"section\">\n\t\t\t\t\t\t<div class=\"elementor-container elementor-column-gap-default\">\n\t\t\t\t\t<div class=\"elementor-column elementor-col-100 elementor-inner-column elementor-element elementor-element-2983e31\" data-id=\"2983e31\" data-element_type=\"column\" data-e-type=\"column\">\n\t\t\t<div class=\"elementor-widget-wrap elementor-element-populated\">\n\t\t\t\t\t\t<div class=\"elementor-element elementor-element-af3ffde elementor-widget__width-auto elementor-widget-tablet__width-auto elementor-view-default elementor-widget elementor-widget-icon\" data-id=\"af3ffde\" data-element_type=\"widget\" data-e-type=\"widget\" data-widget_type=\"icon.default\">\n\t\t\t\t<div class=\"elementor-widget-container\">\n\t\t\t\t\t\t\t<div class=\"elementor-icon-wrapper\">\n\t\t\t<a class=\"elementor-icon\" href=\"https:\/\/www.facebook.com\/kunstloft\" target=\"_blank\">\n\t\t\t<svg xmlns=\"http:\/\/www.w3.org\/2000\/svg\" xmlns:serif=\"http:\/\/www.serif.com\/\" xmlns:xlink=\"http:\/\/www.w3.org\/1999\/xlink\" height=\"100%\" style=\"fill-rule:evenodd;clip-rule:evenodd;stroke-linejoin:round;stroke-miterlimit:2;\" viewBox=\"0 0 512 512\" width=\"100%\" xml:space=\"preserve\"><path d=\"M512,257.555c0,-141.385 -114.615,-256 -256,-256c-141.385,0 -256,114.615 -256,256c0,127.777 93.616,233.685 216,252.89l0,-178.89l-65,0l0,-74l65,0l0,-56.4c0,-64.16 38.219,-99.6 96.695,-99.6c28.009,0 57.305,5 57.305,5l0,63l-32.281,0c-31.801,0 -41.719,19.733 -41.719,39.978l0,48.022l71,0l-11.35,74l-59.65,0l0,178.89c122.385,-19.205 216,-125.113 216,-252.89Z\" style=\"fill-rule:nonzero;\"><\/path><\/svg>\t\t\t<\/a>\n\t\t<\/div>\n\t\t\t\t\t\t<\/div>\n\t\t\t\t<\/div>\n\t\t\t\t<div class=\"elementor-element elementor-element-8fa546c elementor-widget__width-auto elementor-view-default elementor-widget elementor-widget-icon\" data-id=\"8fa546c\" data-element_type=\"widget\" data-e-type=\"widget\" data-widget_type=\"icon.default\">\n\t\t\t\t<div class=\"elementor-widget-container\">\n\t\t\t\t\t\t\t<div class=\"elementor-icon-wrapper\">\n\t\t\t<a class=\"elementor-icon\" href=\"https:\/\/www.instagram.com\/kunstloft\/\" target=\"_blank\">\n\t\t\t<svg xmlns=\"http:\/\/www.w3.org\/2000\/svg\" xmlns:serif=\"http:\/\/www.serif.com\/\" xmlns:xlink=\"http:\/\/www.w3.org\/1999\/xlink\" height=\"100%\" style=\"fill-rule:evenodd;clip-rule:evenodd;stroke-linejoin:round;stroke-miterlimit:2;\" viewBox=\"0 0 512 512\" width=\"100%\" xml:space=\"preserve\"><path d=\"M256,0c141.29,0 256,114.71 256,256c0,141.29 -114.71,256 -256,256c-141.29,0 -256,-114.71 -256,-256c0,-141.29 114.71,-256 256,-256Zm0,96c-43.453,0 -48.902,0.184 -65.968,0.963c-17.03,0.777 -28.661,3.482 -38.839,7.437c-10.521,4.089 -19.444,9.56 -28.339,18.455c-8.895,8.895 -14.366,17.818 -18.455,28.339c-3.955,10.177 -6.659,21.808 -7.437,38.838c-0.778,17.066 -0.962,22.515 -0.962,65.968c0,43.453 0.184,48.902 0.962,65.968c0.778,17.03 3.482,28.661 7.437,38.838c4.089,10.521 9.56,19.444 18.455,28.34c8.895,8.895 17.818,14.366 28.339,18.455c10.178,3.954 21.809,6.659 38.839,7.436c17.066,0.779 22.515,0.963 65.968,0.963c43.453,0 48.902,-0.184 65.968,-0.963c17.03,-0.777 28.661,-3.482 38.838,-7.436c10.521,-4.089 19.444,-9.56 28.34,-18.455c8.895,-8.896 14.366,-17.819 18.455,-28.34c3.954,-10.177 6.659,-21.808 7.436,-38.838c0.779,-17.066 0.963,-22.515 0.963,-65.968c0,-43.453 -0.184,-48.902 -0.963,-65.968c-0.777,-17.03 -3.482,-28.661 -7.436,-38.838c-4.089,-10.521 -9.56,-19.444 -18.455,-28.339c-8.896,-8.895 -17.819,-14.366 -28.34,-18.455c-10.177,-3.955 -21.808,-6.66 -38.838,-7.437c-17.066,-0.779 -22.515,-0.963 -65.968,-0.963Zm0,28.829c42.722,0 47.782,0.163 64.654,0.933c15.6,0.712 24.071,3.318 29.709,5.509c7.469,2.902 12.799,6.37 18.397,11.969c5.6,5.598 9.067,10.929 11.969,18.397c2.191,5.638 4.798,14.109 5.509,29.709c0.77,16.872 0.933,21.932 0.933,64.654c0,42.722 -0.163,47.782 -0.933,64.654c-0.711,15.6 -3.318,24.071 -5.509,29.709c-2.902,7.469 -6.369,12.799 -11.969,18.397c-5.598,5.6 -10.928,9.067 -18.397,11.969c-5.638,2.191 -14.109,4.798 -29.709,5.509c-16.869,0.77 -21.929,0.933 -64.654,0.933c-42.725,0 -47.784,-0.163 -64.654,-0.933c-15.6,-0.711 -24.071,-3.318 -29.709,-5.509c-7.469,-2.902 -12.799,-6.369 -18.398,-11.969c-5.599,-5.598 -9.066,-10.928 -11.968,-18.397c-2.191,-5.638 -4.798,-14.109 -5.51,-29.709c-0.77,-16.872 -0.932,-21.932 -0.932,-64.654c0,-42.722 0.162,-47.782 0.932,-64.654c0.712,-15.6 3.319,-24.071 5.51,-29.709c2.902,-7.468 6.369,-12.799 11.968,-18.397c5.599,-5.599 10.929,-9.067 18.398,-11.969c5.638,-2.191 14.109,-4.797 29.709,-5.509c16.872,-0.77 21.932,-0.933 64.654,-0.933Zm0,49.009c-45.377,0 -82.162,36.785 -82.162,82.162c0,45.377 36.785,82.162 82.162,82.162c45.377,0 82.162,-36.785 82.162,-82.162c0,-45.377 -36.785,-82.162 -82.162,-82.162Zm0,135.495c-29.455,0 -53.333,-23.878 -53.333,-53.333c0,-29.455 23.878,-53.333 53.333,-53.333c29.455,0 53.333,23.878 53.333,53.333c0,29.455 -23.878,53.333 -53.333,53.333Zm104.609,-138.741c0,10.604 -8.597,19.199 -19.201,19.199c-10.603,0 -19.199,-8.595 -19.199,-19.199c0,-10.604 8.596,-19.2 19.199,-19.2c10.604,0 19.201,8.596 19.201,19.2Z\"><\/path><\/svg>\t\t\t<\/a>\n\t\t<\/div>\n\t\t\t\t\t\t<\/div>\n\t\t\t\t<\/div>\n\t\t\t\t<div class=\"elementor-element elementor-element-28538f1 elementor-widget__width-auto elementor-view-default elementor-widget elementor-widget-icon\" data-id=\"28538f1\" data-element_type=\"widget\" data-e-type=\"widget\" data-widget_type=\"icon.default\">\n\t\t\t\t<div class=\"elementor-widget-container\">\n\t\t\t\t\t\t\t<div class=\"elementor-icon-wrapper\">\n\t\t\t<a class=\"elementor-icon\" href=\"https:\/\/www.pinterest.com\/kunstloft\/\" target=\"_blank\">\n\t\t\t<svg xmlns=\"http:\/\/www.w3.org\/2000\/svg\" xmlns:serif=\"http:\/\/www.serif.com\/\" xmlns:xlink=\"http:\/\/www.w3.org\/1999\/xlink\" height=\"100%\" style=\"fill-rule:evenodd;clip-rule:evenodd;stroke-linejoin:round;stroke-miterlimit:2;\" viewBox=\"0 0 512 512\" width=\"100%\" xml:space=\"preserve\"><path d=\"M255.998,0.001c-141.384,0 -255.998,114.617 -255.998,255.998c0,108.456 67.475,201.171 162.707,238.471c-2.24,-20.255 -4.261,-51.405 0.889,-73.518c4.65,-19.978 30.018,-127.248 30.018,-127.248c0,0 -7.659,-15.334 -7.659,-38.008c0,-35.596 20.632,-62.171 46.323,-62.171c21.839,0 32.391,16.399 32.391,36.061c0,21.966 -13.984,54.803 -21.203,85.235c-6.03,25.482 12.779,46.261 37.909,46.261c45.503,0 80.477,-47.976 80.477,-117.229c0,-61.293 -44.045,-104.149 -106.932,-104.149c-72.841,0 -115.597,54.634 -115.597,111.095c0,22.004 8.475,45.596 19.052,58.421c2.09,2.535 2.398,4.758 1.776,7.343c-1.945,8.087 -6.262,25.474 -7.111,29.032c-1.117,4.686 -3.711,5.681 -8.561,3.424c-31.974,-14.884 -51.963,-61.627 -51.963,-99.174c0,-80.755 58.672,-154.915 169.148,-154.915c88.806,0 157.821,63.279 157.821,147.85c0,88.229 -55.629,159.232 -132.842,159.232c-25.94,0 -50.328,-13.476 -58.674,-29.394c0,0 -12.838,48.878 -15.95,60.856c-5.782,22.237 -21.382,50.109 -31.818,67.11c23.955,7.417 49.409,11.416 75.797,11.416c141.389,0 256.003,-114.612 256.003,-256.001c0,-141.381 -114.614,-255.998 -256.003,-255.998Z\" style=\"fill-rule:nonzero;\"><\/path><\/svg>\t\t\t<\/a>\n\t\t<\/div>\n\t\t\t\t\t\t<\/div>\n\t\t\t\t<\/div>\n\t\t\t\t<div class=\"elementor-element elementor-element-d2b5e5e elementor-widget__width-auto elementor-view-default elementor-widget elementor-widget-icon\" data-id=\"d2b5e5e\" data-element_type=\"widget\" data-e-type=\"widget\" data-widget_type=\"icon.default\">\n\t\t\t\t<div class=\"elementor-widget-container\">\n\t\t\t\t\t\t\t<div class=\"elementor-icon-wrapper\">\n\t\t\t<a class=\"elementor-icon\" href=\"https:\/\/youtube.com\/@kunstloft\" target=\"_blank\">\n\t\t\t<svg xmlns=\"http:\/\/www.w3.org\/2000\/svg\" xmlns:serif=\"http:\/\/www.serif.com\/\" xmlns:xlink=\"http:\/\/www.w3.org\/1999\/xlink\" height=\"100%\" style=\"fill-rule:evenodd;clip-rule:evenodd;stroke-linejoin:round;stroke-miterlimit:2;\" viewBox=\"0 0 512 512\" width=\"100%\" xml:space=\"preserve\"><path d=\"M256,0c141.29,0 256,114.71 256,256c0,141.29 -114.71,256 -256,256c-141.29,0 -256,-114.71 -256,-256c0,-141.29 114.71,-256 256,-256Zm153.315,178.978c-3.68,-13.769 -14.522,-24.61 -28.29,-28.29c-24.958,-6.688 -125.025,-6.688 -125.025,-6.688c0,0 -100.067,0 -125.025,6.688c-13.765,3.68 -24.61,14.521 -28.29,28.29c-6.685,24.955 -6.685,77.024 -6.685,77.024c0,0 0,52.067 6.685,77.02c3.68,13.769 14.525,24.614 28.29,28.293c24.958,6.685 125.025,6.685 125.025,6.685c0,0 100.067,0 125.025,-6.685c13.768,-3.679 24.61,-14.524 28.29,-28.293c6.685,-24.953 6.685,-77.02 6.685,-77.02c0,0 0,-52.069 -6.685,-77.024Zm-185.316,125.025l0,-96.002l83.137,48.001l-83.137,48.001Z\"><\/path><\/svg>\t\t\t<\/a>\n\t\t<\/div>\n\t\t\t\t\t\t<\/div>\n\t\t\t\t<\/div>\n\t\t\t\t<div class=\"elementor-element elementor-element-f8e3745 elementor-widget__width-auto elementor-view-default elementor-widget elementor-widget-icon\" data-id=\"f8e3745\" data-element_type=\"widget\" data-e-type=\"widget\" data-widget_type=\"icon.default\">\n\t\t\t\t<div class=\"elementor-widget-container\">\n\t\t\t\t\t\t\t<div class=\"elementor-icon-wrapper\">\n\t\t\t<a class=\"elementor-icon\" href=\"https:\/\/www.tiktok.com\/@kunstloft\" target=\"_blank\">\n\t\t\t<svg xmlns=\"http:\/\/www.w3.org\/2000\/svg\" data-name=\"Layer 1\" id=\"Layer_1\" viewBox=\"0 0 512 512\"><title><\/title><path d=\"M256,0C114.615,0,0,114.615,0,256S114.615,512,256,512,512,397.385,512,256,397.385,0,256,0ZM385.62,232.382c-27.184,0-53.634-8.822-74-23.75l-.162,101.5a92.457,92.457,0,1,1-80.178-91.721v49.845a43.657,43.657,0,1,0,31.288,41.876V109.333h51.275a71.773,71.773,0,0,0,71.774,71.773Z\"><\/path><\/svg>\t\t\t<\/a>\n\t\t<\/div>\n\t\t\t\t\t\t<\/div>\n\t\t\t\t<\/div>\n\t\t\t\t<div class=\"elementor-element elementor-element-7ba7319 elementor-widget__width-auto elementor-view-default elementor-widget elementor-widget-icon\" data-id=\"7ba7319\" data-element_type=\"widget\" data-e-type=\"widget\" data-widget_type=\"icon.default\">\n\t\t\t\t<div class=\"elementor-widget-container\">\n\t\t\t\t\t\t\t<div class=\"elementor-icon-wrapper\">\n\t\t\t<a class=\"elementor-icon\" href=\"https:\/\/whatsapp.com\/channel\/0029VaLul120LKZMJSzion1n\" target=\"_blank\">\n\t\t\t<svg xmlns=\"http:\/\/www.w3.org\/2000\/svg\" xmlns:xlink=\"http:\/\/www.w3.org\/1999\/xlink\" id=\"Layer_1\" viewBox=\"0 0 32 32\" xml:space=\"preserve\"><g id=\"OUTLINE_copy_2\"><g><g><path d=\"M16,0C7.163,0,0,7.163,0,16s7.163,16,16,16c8.836,0,16-7.164,16-16S24.837,0,16,0z M16.008,24.004     c-1.536,0-2.984-0.384-4.257-1.047l-4.988,2.27l1.396-5.586c-0.872-1.414-1.396-3.09-1.396-4.887     c0-5.096,4.134-9.233,9.246-9.233c5.093,0,9.228,4.137,9.228,9.233C25.236,19.867,21.102,24.004,16.008,24.004z\"><\/path><\/g><g><path d=\"M16.008,7.371c-4.083,0-7.397,3.299-7.397,7.383c0,1.85,0.681,3.543,1.797,4.835l-1.012,2.566l2.251-1.431     c1.22,0.907,2.721,1.431,4.361,1.431c4.082,0,7.379-3.316,7.379-7.4C23.387,10.67,20.09,7.371,16.008,7.371z M20.684,17.842     c-0.07,0.366-0.942,1.152-1.623,1.309c-1.465,0.331-3.541-0.838-4.885-2.076c-1.344-1.221-2.686-3.194-2.494-4.678     c0.087-0.681,0.802-1.623,1.151-1.745c0.157-0.035,0.383-0.035,0.593-0.035c0.244,0.017,0.454,0.035,0.524,0.174l0.785,2.042     c0.052,0.157-0.07,0.331-0.227,0.524c-0.226,0.262-0.261,0.279-0.471,0.559c-0.104,0.139-0.035,0.314,0,0.383     c0.227,0.541,0.75,1.152,1.221,1.588c0.489,0.437,1.133,0.908,1.692,1.099c0.035,0,0.244,0.087,0.401,0.052     c0.139-0.017,0.226-0.122,0.348-0.279c0.226-0.279,0.314-0.384,0.506-0.646c0.157-0.192,0.313-0.262,0.472-0.175l1.779,0.821     c0.14,0.07,0.192,0.244,0.209,0.489C20.701,17.459,20.719,17.686,20.684,17.842z\"><\/path><\/g><\/g><\/g><\/svg>\t\t\t<\/a>\n\t\t<\/div>\n\t\t\t\t\t\t<\/div>\n\t\t\t\t<\/div>\n\t\t\t\t\t<\/div>\n\t\t<\/div>\n\t\t\t\t\t<\/div>\n\t\t<\/section>\n\t\t\t\t\t<\/div>\n\t\t<\/div>\n\t\t\t\t\t<\/div>\n\t\t<\/section>\n\t\t\t\t<section class=\"elementor-section elementor-top-section elementor-element elementor-element-9009d43 elementor-section-boxed elementor-section-height-default elementor-section-height-default\" data-id=\"9009d43\" data-element_type=\"section\" data-e-type=\"section\">\n\t\t\t\t\t\t<div class=\"elementor-container elementor-column-gap-default\">\n\t\t\t\t\t<div class=\"elementor-column elementor-col-100 elementor-top-column elementor-element elementor-element-50cd39d\" data-id=\"50cd39d\" data-element_type=\"column\" data-e-type=\"column\">\n\t\t\t<div class=\"elementor-widget-wrap elementor-element-populated\">\n\t\t\t\t\t\t<div class=\"elementor-element elementor-element-30a353e elementor-widget elementor-widget-spacer\" data-id=\"30a353e\" data-element_type=\"widget\" data-e-type=\"widget\" data-widget_type=\"spacer.default\">\n\t\t\t\t<div class=\"elementor-widget-container\">\n\t\t\t\t\t\t\t<div class=\"elementor-spacer\">\n\t\t\t<div class=\"elementor-spacer-inner\"><\/div>\n\t\t<\/div>\n\t\t\t\t\t\t<\/div>\n\t\t\t\t<\/div>\n\t\t\t\t\t<\/div>\n\t\t<\/div>\n\t\t\t\t\t<\/div>\n\t\t<\/section>\n\t\t\t\t<section class=\"elementor-section elementor-top-section elementor-element elementor-element-6ba64fe elementor-section-boxed elementor-section-height-default elementor-section-height-default\" data-id=\"6ba64fe\" data-element_type=\"section\" data-e-type=\"section\">\n\t\t\t\t\t\t<div class=\"elementor-container elementor-column-gap-default\">\n\t\t\t\t\t<div class=\"elementor-column elementor-col-100 elementor-top-column elementor-element elementor-element-a5093f3\" data-id=\"a5093f3\" data-element_type=\"column\" data-e-type=\"column\" data-settings=\"{&quot;background_background&quot;:&quot;classic&quot;}\">\n\t\t\t<div class=\"elementor-widget-wrap elementor-element-populated\">\n\t\t\t\t\t\t<div class=\"elementor-element elementor-element-b6826f7 elementor-widget elementor-widget-text-editor\" data-id=\"b6826f7\" data-element_type=\"widget\" data-e-type=\"widget\" data-widget_type=\"text-editor.default\">\n\t\t\t\t<div class=\"elementor-widget-container\">\n\t\t\t\t\t\t\t\t\t<p><strong>Crediti d&#8217;immagine: <\/strong>@KunstLoft\u00a0 \u00a0 \u00a0 \u00a0 \u00a0 \u00a0 \u00a0 \u00a0 \u00a0 \u00a0 \u00a0 \u00a0 \u00a0 \u00a0 \u00a0 \u00a0 \u00a0 \u00a0 \u00a0 \u00a0 \u00a0 \u00a0 \u00a0 \u00a0 \u00a0 \u00a0 \u00a0 \u00a0 \u00a0 \u00a0 \u00a0 \u00a0 \u00a0 \u00a0 \u00a0 \u00a0 \u00a0 \u00a0 \u00a0 \u00a0 \u00a0 \u00a0 \u00a0 \u00a0 \u00a0 \u00a0 \u00a0 \u00a0 \u00a0 \u00a0 \u00a0 \u00a0 \u00a0 \u00a0 \u00a0 \u00a0 \u00a0 \u00a0 \u00a0 \u00a0<\/p>\t\t\t\t\t\t\t\t<\/div>\n\t\t\t\t<\/div>\n\t\t\t\t\t<\/div>\n\t\t<\/div>\n\t\t\t\t\t<\/div>\n\t\t<\/section>\n\t\t\t\t<\/div>\n\t\t","protected":false},"excerpt":{"rendered":"<p>La primavera porta con s\u00e9 una gamma di colori che ispirano e ravvivano il mondo del design d&#8217;interni. La nostra guida alle 9 migliori palette di colori per la primavera presenta i colori pi\u00f9 incantevoli per la primavera, dai pastelli morbidi e tranquilli alle tonalit\u00e0 audaci e vibranti. Questa selezione \u00e8 pensata per trasformare il vostro spazio e riflettere la bellezza e la freschezza della stagione. Sfruttate il potere delle palette primaverili per rinfrescare e rivitalizzare la vostra casa con le migliori tendenze della stagione.<\/p>\n","protected":false},"author":11,"featured_media":12997,"comment_status":"closed","ping_status":"closed","sticky":false,"template":"","format":"standard","meta":{"footnotes":""},"categories":[1],"tags":[],"class_list":["post-13131","post","type-post","status-publish","format-standard","has-post-thumbnail","hentry","category-istruzioni-e-diy"],"yoast_head":"<!-- This site is optimized with the Yoast SEO plugin v27.3 - https:\/\/yoast.com\/product\/yoast-seo-wordpress\/ -->\n<title>9 Migliori Palette di Colori Primaverili per Rinfrescare la Casa<\/title>\n<meta name=\"description\" content=\"Scoprite 9 palette di colori di primavera: Dai colori pastello a quelli floreali, rinfrescate la vostra casa con i colori perfetti per la primavera.\" \/>\n<meta name=\"robots\" content=\"index, follow, max-snippet:-1, max-image-preview:large, max-video-preview:-1\" \/>\n<link rel=\"canonical\" href=\"https:\/\/www.kunstloft.it\/rivista\/9-palette-di-colori-di-primavera-per-la-vostra-casa\/\" \/>\n<meta property=\"og:locale\" content=\"it_IT\" \/>\n<meta property=\"og:type\" content=\"article\" \/>\n<meta property=\"og:title\" content=\"9 Migliori Palette di Colori Primaverili per Rinfrescare la Casa\" \/>\n<meta property=\"og:description\" content=\"Scoprite 9 palette di colori di primavera: Dai colori pastello a quelli floreali, rinfrescate la vostra casa con i colori perfetti per la primavera.\" \/>\n<meta property=\"og:url\" content=\"https:\/\/www.kunstloft.it\/rivista\/9-palette-di-colori-di-primavera-per-la-vostra-casa\/\" \/>\n<meta property=\"og:site_name\" content=\"KUNSTLOFT\" \/>\n<meta property=\"article:publisher\" content=\"https:\/\/www.facebook.com\/kunstloft.it\/\" \/>\n<meta property=\"article:published_time\" content=\"2024-03-15T13:00:00+00:00\" \/>\n<meta property=\"article:modified_time\" content=\"2025-09-10T14:55:22+00:00\" \/>\n<meta property=\"og:image\" content=\"https:\/\/www.kunstloft.it\/rivista\/wp-content\/uploads\/2024\/03\/spring-colour-palette-feat-image.webp\" \/>\n\t<meta property=\"og:image:width\" content=\"1280\" \/>\n\t<meta property=\"og:image:height\" content=\"751\" \/>\n\t<meta property=\"og:image:type\" content=\"image\/webp\" \/>\n<meta name=\"author\" content=\"Coleen\" \/>\n<meta name=\"twitter:card\" content=\"summary_large_image\" \/>\n<meta name=\"twitter:label1\" content=\"Scritto da\" \/>\n\t<meta name=\"twitter:data1\" content=\"Coleen\" \/>\n\t<meta name=\"twitter:label2\" content=\"Tempo di lettura stimato\" \/>\n\t<meta name=\"twitter:data2\" content=\"17 minuti\" \/>\n<script type=\"application\/ld+json\" class=\"yoast-schema-graph\">{\"@context\":\"https:\\\/\\\/schema.org\",\"@graph\":[{\"@type\":\"Article\",\"@id\":\"https:\\\/\\\/www.kunstloft.it\\\/rivista\\\/9-palette-di-colori-di-primavera-per-la-vostra-casa\\\/#article\",\"isPartOf\":{\"@id\":\"https:\\\/\\\/www.kunstloft.it\\\/rivista\\\/9-palette-di-colori-di-primavera-per-la-vostra-casa\\\/\"},\"author\":{\"name\":\"Coleen\",\"@id\":\"https:\\\/\\\/www.kunstloft.it\\\/rivista\\\/#\\\/schema\\\/person\\\/ad105a27937e8215455151de82eefa85\"},\"headline\":\"9 Migliori Palette di Colori Primaverili per Rinfrescare la Casa\",\"datePublished\":\"2024-03-15T13:00:00+00:00\",\"dateModified\":\"2025-09-10T14:55:22+00:00\",\"mainEntityOfPage\":{\"@id\":\"https:\\\/\\\/www.kunstloft.it\\\/rivista\\\/9-palette-di-colori-di-primavera-per-la-vostra-casa\\\/\"},\"wordCount\":1525,\"publisher\":{\"@id\":\"https:\\\/\\\/www.kunstloft.it\\\/rivista\\\/#organization\"},\"image\":{\"@id\":\"https:\\\/\\\/www.kunstloft.it\\\/rivista\\\/9-palette-di-colori-di-primavera-per-la-vostra-casa\\\/#primaryimage\"},\"thumbnailUrl\":\"https:\\\/\\\/www.kunstloft.it\\\/rivista\\\/wp-content\\\/uploads\\\/2024\\\/03\\\/spring-colour-palette-feat-image.webp\",\"articleSection\":[\"Istruzioni &amp; DIY\"],\"inLanguage\":\"it-IT\"},{\"@type\":\"WebPage\",\"@id\":\"https:\\\/\\\/www.kunstloft.it\\\/rivista\\\/9-palette-di-colori-di-primavera-per-la-vostra-casa\\\/\",\"url\":\"https:\\\/\\\/www.kunstloft.it\\\/rivista\\\/9-palette-di-colori-di-primavera-per-la-vostra-casa\\\/\",\"name\":\"9 Migliori Palette di Colori Primaverili per Rinfrescare la Casa\",\"isPartOf\":{\"@id\":\"https:\\\/\\\/www.kunstloft.it\\\/rivista\\\/#website\"},\"primaryImageOfPage\":{\"@id\":\"https:\\\/\\\/www.kunstloft.it\\\/rivista\\\/9-palette-di-colori-di-primavera-per-la-vostra-casa\\\/#primaryimage\"},\"image\":{\"@id\":\"https:\\\/\\\/www.kunstloft.it\\\/rivista\\\/9-palette-di-colori-di-primavera-per-la-vostra-casa\\\/#primaryimage\"},\"thumbnailUrl\":\"https:\\\/\\\/www.kunstloft.it\\\/rivista\\\/wp-content\\\/uploads\\\/2024\\\/03\\\/spring-colour-palette-feat-image.webp\",\"datePublished\":\"2024-03-15T13:00:00+00:00\",\"dateModified\":\"2025-09-10T14:55:22+00:00\",\"description\":\"Scoprite 9 palette di colori di primavera: Dai colori pastello a quelli floreali, rinfrescate la vostra casa con i colori perfetti per la primavera.\",\"breadcrumb\":{\"@id\":\"https:\\\/\\\/www.kunstloft.it\\\/rivista\\\/9-palette-di-colori-di-primavera-per-la-vostra-casa\\\/#breadcrumb\"},\"inLanguage\":\"it-IT\",\"potentialAction\":[{\"@type\":\"ReadAction\",\"target\":[\"https:\\\/\\\/www.kunstloft.it\\\/rivista\\\/9-palette-di-colori-di-primavera-per-la-vostra-casa\\\/\"]}]},{\"@type\":\"ImageObject\",\"inLanguage\":\"it-IT\",\"@id\":\"https:\\\/\\\/www.kunstloft.it\\\/rivista\\\/9-palette-di-colori-di-primavera-per-la-vostra-casa\\\/#primaryimage\",\"url\":\"https:\\\/\\\/www.kunstloft.it\\\/rivista\\\/wp-content\\\/uploads\\\/2024\\\/03\\\/spring-colour-palette-feat-image.webp\",\"contentUrl\":\"https:\\\/\\\/www.kunstloft.it\\\/rivista\\\/wp-content\\\/uploads\\\/2024\\\/03\\\/spring-colour-palette-feat-image.webp\",\"width\":1280,\"height\":751,\"caption\":\"palette di colori di primavera immagine feat\"},{\"@type\":\"BreadcrumbList\",\"@id\":\"https:\\\/\\\/www.kunstloft.it\\\/rivista\\\/9-palette-di-colori-di-primavera-per-la-vostra-casa\\\/#breadcrumb\",\"itemListElement\":[{\"@type\":\"ListItem\",\"position\":1,\"name\":\"Home\",\"item\":\"https:\\\/\\\/www.kunstloft.it\\\/rivista\\\/\"},{\"@type\":\"ListItem\",\"position\":2,\"name\":\"9 Migliori Palette di Colori Primaverili per Rinfrescare la Casa\"}]},{\"@type\":\"WebSite\",\"@id\":\"https:\\\/\\\/www.kunstloft.it\\\/rivista\\\/#website\",\"url\":\"https:\\\/\\\/www.kunstloft.it\\\/rivista\\\/\",\"name\":\"KUNSTLOFT\",\"description\":\"Rivista\",\"publisher\":{\"@id\":\"https:\\\/\\\/www.kunstloft.it\\\/rivista\\\/#organization\"},\"potentialAction\":[{\"@type\":\"SearchAction\",\"target\":{\"@type\":\"EntryPoint\",\"urlTemplate\":\"https:\\\/\\\/www.kunstloft.it\\\/rivista\\\/?s={search_term_string}\"},\"query-input\":{\"@type\":\"PropertyValueSpecification\",\"valueRequired\":true,\"valueName\":\"search_term_string\"}}],\"inLanguage\":\"it-IT\"},{\"@type\":\"Organization\",\"@id\":\"https:\\\/\\\/www.kunstloft.it\\\/rivista\\\/#organization\",\"name\":\"KUNSTLOFT\",\"url\":\"https:\\\/\\\/www.kunstloft.it\\\/rivista\\\/\",\"logo\":{\"@type\":\"ImageObject\",\"inLanguage\":\"it-IT\",\"@id\":\"https:\\\/\\\/www.kunstloft.it\\\/rivista\\\/#\\\/schema\\\/logo\\\/image\\\/\",\"url\":\"https:\\\/\\\/www.kunstloft.it\\\/rivista\\\/wp-content\\\/uploads\\\/2023\\\/06\\\/Logo-Kunstloft-377x377-1.png\",\"contentUrl\":\"https:\\\/\\\/www.kunstloft.it\\\/rivista\\\/wp-content\\\/uploads\\\/2023\\\/06\\\/Logo-Kunstloft-377x377-1.png\",\"width\":377,\"height\":377,\"caption\":\"KUNSTLOFT\"},\"image\":{\"@id\":\"https:\\\/\\\/www.kunstloft.it\\\/rivista\\\/#\\\/schema\\\/logo\\\/image\\\/\"},\"sameAs\":[\"https:\\\/\\\/www.facebook.com\\\/kunstloft.it\\\/\",\"https:\\\/\\\/www.instagram.com\\\/kunstloft\\\/\"]},{\"@type\":\"Person\",\"@id\":\"https:\\\/\\\/www.kunstloft.it\\\/rivista\\\/#\\\/schema\\\/person\\\/ad105a27937e8215455151de82eefa85\",\"name\":\"Coleen\",\"image\":{\"@type\":\"ImageObject\",\"inLanguage\":\"it-IT\",\"@id\":\"https:\\\/\\\/secure.gravatar.com\\\/avatar\\\/c6bb574d79a867e6bbd16c59a1422a9f7e62d389b3847dbc78a68fdedbe6feaf?s=96&d=mm&r=g\",\"url\":\"https:\\\/\\\/secure.gravatar.com\\\/avatar\\\/c6bb574d79a867e6bbd16c59a1422a9f7e62d389b3847dbc78a68fdedbe6feaf?s=96&d=mm&r=g\",\"contentUrl\":\"https:\\\/\\\/secure.gravatar.com\\\/avatar\\\/c6bb574d79a867e6bbd16c59a1422a9f7e62d389b3847dbc78a68fdedbe6feaf?s=96&d=mm&r=g\",\"caption\":\"Coleen\"},\"url\":\"https:\\\/\\\/www.kunstloft.it\\\/rivista\\\/author\\\/coleens\\\/\"}]}<\/script>\n<!-- \/ Yoast SEO plugin. -->","yoast_head_json":{"title":"9 Migliori Palette di Colori Primaverili per Rinfrescare la Casa","description":"Scoprite 9 palette di colori di primavera: Dai colori pastello a quelli floreali, rinfrescate la vostra casa con i colori perfetti per la primavera.","robots":{"index":"index","follow":"follow","max-snippet":"max-snippet:-1","max-image-preview":"max-image-preview:large","max-video-preview":"max-video-preview:-1"},"canonical":"https:\/\/www.kunstloft.it\/rivista\/9-palette-di-colori-di-primavera-per-la-vostra-casa\/","og_locale":"it_IT","og_type":"article","og_title":"9 Migliori Palette di Colori Primaverili per Rinfrescare la Casa","og_description":"Scoprite 9 palette di colori di primavera: Dai colori pastello a quelli floreali, rinfrescate la vostra casa con i colori perfetti per la primavera.","og_url":"https:\/\/www.kunstloft.it\/rivista\/9-palette-di-colori-di-primavera-per-la-vostra-casa\/","og_site_name":"KUNSTLOFT","article_publisher":"https:\/\/www.facebook.com\/kunstloft.it\/","article_published_time":"2024-03-15T13:00:00+00:00","article_modified_time":"2025-09-10T14:55:22+00:00","og_image":[{"width":1280,"height":751,"url":"https:\/\/www.kunstloft.it\/rivista\/wp-content\/uploads\/2024\/03\/spring-colour-palette-feat-image.webp","type":"image\/webp"}],"author":"Coleen","twitter_card":"summary_large_image","twitter_misc":{"Scritto da":"Coleen","Tempo di lettura stimato":"17 minuti"},"schema":{"@context":"https:\/\/schema.org","@graph":[{"@type":"Article","@id":"https:\/\/www.kunstloft.it\/rivista\/9-palette-di-colori-di-primavera-per-la-vostra-casa\/#article","isPartOf":{"@id":"https:\/\/www.kunstloft.it\/rivista\/9-palette-di-colori-di-primavera-per-la-vostra-casa\/"},"author":{"name":"Coleen","@id":"https:\/\/www.kunstloft.it\/rivista\/#\/schema\/person\/ad105a27937e8215455151de82eefa85"},"headline":"9 Migliori Palette di Colori Primaverili per Rinfrescare la Casa","datePublished":"2024-03-15T13:00:00+00:00","dateModified":"2025-09-10T14:55:22+00:00","mainEntityOfPage":{"@id":"https:\/\/www.kunstloft.it\/rivista\/9-palette-di-colori-di-primavera-per-la-vostra-casa\/"},"wordCount":1525,"publisher":{"@id":"https:\/\/www.kunstloft.it\/rivista\/#organization"},"image":{"@id":"https:\/\/www.kunstloft.it\/rivista\/9-palette-di-colori-di-primavera-per-la-vostra-casa\/#primaryimage"},"thumbnailUrl":"https:\/\/www.kunstloft.it\/rivista\/wp-content\/uploads\/2024\/03\/spring-colour-palette-feat-image.webp","articleSection":["Istruzioni &amp; DIY"],"inLanguage":"it-IT"},{"@type":"WebPage","@id":"https:\/\/www.kunstloft.it\/rivista\/9-palette-di-colori-di-primavera-per-la-vostra-casa\/","url":"https:\/\/www.kunstloft.it\/rivista\/9-palette-di-colori-di-primavera-per-la-vostra-casa\/","name":"9 Migliori Palette di Colori Primaverili per Rinfrescare la Casa","isPartOf":{"@id":"https:\/\/www.kunstloft.it\/rivista\/#website"},"primaryImageOfPage":{"@id":"https:\/\/www.kunstloft.it\/rivista\/9-palette-di-colori-di-primavera-per-la-vostra-casa\/#primaryimage"},"image":{"@id":"https:\/\/www.kunstloft.it\/rivista\/9-palette-di-colori-di-primavera-per-la-vostra-casa\/#primaryimage"},"thumbnailUrl":"https:\/\/www.kunstloft.it\/rivista\/wp-content\/uploads\/2024\/03\/spring-colour-palette-feat-image.webp","datePublished":"2024-03-15T13:00:00+00:00","dateModified":"2025-09-10T14:55:22+00:00","description":"Scoprite 9 palette di colori di primavera: Dai colori pastello a quelli floreali, rinfrescate la vostra casa con i colori perfetti per la primavera.","breadcrumb":{"@id":"https:\/\/www.kunstloft.it\/rivista\/9-palette-di-colori-di-primavera-per-la-vostra-casa\/#breadcrumb"},"inLanguage":"it-IT","potentialAction":[{"@type":"ReadAction","target":["https:\/\/www.kunstloft.it\/rivista\/9-palette-di-colori-di-primavera-per-la-vostra-casa\/"]}]},{"@type":"ImageObject","inLanguage":"it-IT","@id":"https:\/\/www.kunstloft.it\/rivista\/9-palette-di-colori-di-primavera-per-la-vostra-casa\/#primaryimage","url":"https:\/\/www.kunstloft.it\/rivista\/wp-content\/uploads\/2024\/03\/spring-colour-palette-feat-image.webp","contentUrl":"https:\/\/www.kunstloft.it\/rivista\/wp-content\/uploads\/2024\/03\/spring-colour-palette-feat-image.webp","width":1280,"height":751,"caption":"palette di colori di primavera immagine feat"},{"@type":"BreadcrumbList","@id":"https:\/\/www.kunstloft.it\/rivista\/9-palette-di-colori-di-primavera-per-la-vostra-casa\/#breadcrumb","itemListElement":[{"@type":"ListItem","position":1,"name":"Home","item":"https:\/\/www.kunstloft.it\/rivista\/"},{"@type":"ListItem","position":2,"name":"9 Migliori Palette di Colori Primaverili per Rinfrescare la Casa"}]},{"@type":"WebSite","@id":"https:\/\/www.kunstloft.it\/rivista\/#website","url":"https:\/\/www.kunstloft.it\/rivista\/","name":"KUNSTLOFT","description":"Rivista","publisher":{"@id":"https:\/\/www.kunstloft.it\/rivista\/#organization"},"potentialAction":[{"@type":"SearchAction","target":{"@type":"EntryPoint","urlTemplate":"https:\/\/www.kunstloft.it\/rivista\/?s={search_term_string}"},"query-input":{"@type":"PropertyValueSpecification","valueRequired":true,"valueName":"search_term_string"}}],"inLanguage":"it-IT"},{"@type":"Organization","@id":"https:\/\/www.kunstloft.it\/rivista\/#organization","name":"KUNSTLOFT","url":"https:\/\/www.kunstloft.it\/rivista\/","logo":{"@type":"ImageObject","inLanguage":"it-IT","@id":"https:\/\/www.kunstloft.it\/rivista\/#\/schema\/logo\/image\/","url":"https:\/\/www.kunstloft.it\/rivista\/wp-content\/uploads\/2023\/06\/Logo-Kunstloft-377x377-1.png","contentUrl":"https:\/\/www.kunstloft.it\/rivista\/wp-content\/uploads\/2023\/06\/Logo-Kunstloft-377x377-1.png","width":377,"height":377,"caption":"KUNSTLOFT"},"image":{"@id":"https:\/\/www.kunstloft.it\/rivista\/#\/schema\/logo\/image\/"},"sameAs":["https:\/\/www.facebook.com\/kunstloft.it\/","https:\/\/www.instagram.com\/kunstloft\/"]},{"@type":"Person","@id":"https:\/\/www.kunstloft.it\/rivista\/#\/schema\/person\/ad105a27937e8215455151de82eefa85","name":"Coleen","image":{"@type":"ImageObject","inLanguage":"it-IT","@id":"https:\/\/secure.gravatar.com\/avatar\/c6bb574d79a867e6bbd16c59a1422a9f7e62d389b3847dbc78a68fdedbe6feaf?s=96&d=mm&r=g","url":"https:\/\/secure.gravatar.com\/avatar\/c6bb574d79a867e6bbd16c59a1422a9f7e62d389b3847dbc78a68fdedbe6feaf?s=96&d=mm&r=g","contentUrl":"https:\/\/secure.gravatar.com\/avatar\/c6bb574d79a867e6bbd16c59a1422a9f7e62d389b3847dbc78a68fdedbe6feaf?s=96&d=mm&r=g","caption":"Coleen"},"url":"https:\/\/www.kunstloft.it\/rivista\/author\/coleens\/"}]}},"_links":{"self":[{"href":"https:\/\/www.kunstloft.it\/rivista\/wp-json\/wp\/v2\/posts\/13131","targetHints":{"allow":["GET"]}}],"collection":[{"href":"https:\/\/www.kunstloft.it\/rivista\/wp-json\/wp\/v2\/posts"}],"about":[{"href":"https:\/\/www.kunstloft.it\/rivista\/wp-json\/wp\/v2\/types\/post"}],"author":[{"embeddable":true,"href":"https:\/\/www.kunstloft.it\/rivista\/wp-json\/wp\/v2\/users\/11"}],"replies":[{"embeddable":true,"href":"https:\/\/www.kunstloft.it\/rivista\/wp-json\/wp\/v2\/comments?post=13131"}],"version-history":[{"count":8,"href":"https:\/\/www.kunstloft.it\/rivista\/wp-json\/wp\/v2\/posts\/13131\/revisions"}],"predecessor-version":[{"id":13144,"href":"https:\/\/www.kunstloft.it\/rivista\/wp-json\/wp\/v2\/posts\/13131\/revisions\/13144"}],"wp:featuredmedia":[{"embeddable":true,"href":"https:\/\/www.kunstloft.it\/rivista\/wp-json\/wp\/v2\/media\/12997"}],"wp:attachment":[{"href":"https:\/\/www.kunstloft.it\/rivista\/wp-json\/wp\/v2\/media?parent=13131"}],"wp:term":[{"taxonomy":"category","embeddable":true,"href":"https:\/\/www.kunstloft.it\/rivista\/wp-json\/wp\/v2\/categories?post=13131"},{"taxonomy":"post_tag","embeddable":true,"href":"https:\/\/www.kunstloft.it\/rivista\/wp-json\/wp\/v2\/tags?post=13131"}],"curies":[{"name":"wp","href":"https:\/\/api.w.org\/{rel}","templated":true}]}}