{"id":398,"date":"2022-07-14T14:16:19","date_gmt":"2022-07-14T12:16:19","guid":{"rendered":"https:\/\/www.kunstloft.de\/magazin\/?p=398"},"modified":"2024-11-07T12:36:08","modified_gmt":"2024-11-07T11:36:08","slug":"arredamento-per-ufficio","status":"publish","type":"post","link":"https:\/\/www.kunstloft.it\/rivista\/arredamento-per-ufficio\/","title":{"rendered":"Arredamento dell&#8217;ufficio: Idee e suggerimenti per l&#8217;arredamento"},"content":{"rendered":"\t\t<div data-elementor-type=\"wp-post\" data-elementor-id=\"398\" class=\"elementor elementor-398\">\n\t\t\t\t\t\t<section class=\"elementor-section elementor-top-section elementor-element elementor-element-e7b6a7e elementor-section-boxed elementor-section-height-default elementor-section-height-default\" data-id=\"e7b6a7e\" data-element_type=\"section\" data-e-type=\"section\">\n\t\t\t\t\t\t<div class=\"elementor-container elementor-column-gap-default\">\n\t\t\t\t\t<div class=\"elementor-column elementor-col-50 elementor-top-column elementor-element elementor-element-6ac7e34\" data-id=\"6ac7e34\" data-element_type=\"column\" data-e-type=\"column\">\n\t\t\t<div class=\"elementor-widget-wrap elementor-element-populated\">\n\t\t\t\t\t\t<div class=\"elementor-element elementor-element-432a9c6 elementor-widget elementor-widget-heading\" data-id=\"432a9c6\" data-element_type=\"widget\" data-e-type=\"widget\" data-widget_type=\"heading.default\">\n\t\t\t\t<div class=\"elementor-widget-container\">\n\t\t\t\t\t<h1 class=\"elementor-heading-title elementor-size-default\">Arredamento dell'ufficio: Idee e suggerimenti per l'arredamento<\/h1>\t\t\t\t<\/div>\n\t\t\t\t<\/div>\n\t\t\t\t\t<\/div>\n\t\t<\/div>\n\t\t\t\t<div class=\"elementor-column elementor-col-50 elementor-top-column elementor-element elementor-element-9457023\" data-id=\"9457023\" data-element_type=\"column\" data-e-type=\"column\">\n\t\t\t<div class=\"elementor-widget-wrap elementor-element-populated\">\n\t\t\t\t\t\t<div class=\"elementor-element elementor-element-c96b826 elementor-widget elementor-widget-image\" data-id=\"c96b826\" data-element_type=\"widget\" data-e-type=\"widget\" data-widget_type=\"image.default\">\n\t\t\t\t<div class=\"elementor-widget-container\">\n\t\t\t\t\t\t\t\t\t\t\t\t\t\t\t<img fetchpriority=\"high\" decoding=\"async\" width=\"950\" height=\"626\" src=\"https:\/\/www.kunstloft.it\/rivista\/wp-content\/uploads\/2022\/07\/A-modern-office-with-a-wooden-desk-a-computer-and-an-abstract-painting-in-warm-orange-black-and-white-tones-that-creates-a-stylish-workspace.png\" class=\"attachment-large size-large wp-image-47081\" alt=\"A modern office with a wooden desk, a computer and an abstract painting in warm orange, black and white tones that creates a stylish workspace\" srcset=\"https:\/\/www.kunstloft.it\/rivista\/wp-content\/uploads\/2022\/07\/A-modern-office-with-a-wooden-desk-a-computer-and-an-abstract-painting-in-warm-orange-black-and-white-tones-that-creates-a-stylish-workspace.png 958w, https:\/\/www.kunstloft.it\/rivista\/wp-content\/uploads\/2022\/07\/A-modern-office-with-a-wooden-desk-a-computer-and-an-abstract-painting-in-warm-orange-black-and-white-tones-that-creates-a-stylish-workspace-300x198.png 300w, https:\/\/www.kunstloft.it\/rivista\/wp-content\/uploads\/2022\/07\/A-modern-office-with-a-wooden-desk-a-computer-and-an-abstract-painting-in-warm-orange-black-and-white-tones-that-creates-a-stylish-workspace-768x506.png 768w, https:\/\/www.kunstloft.it\/rivista\/wp-content\/uploads\/2022\/07\/A-modern-office-with-a-wooden-desk-a-computer-and-an-abstract-painting-in-warm-orange-black-and-white-tones-that-creates-a-stylish-workspace-640x422.png 640w\" sizes=\"100vw\" \/>\t\t\t\t\t\t\t\t\t\t\t\t\t\t\t<\/div>\n\t\t\t\t<\/div>\n\t\t\t\t\t<\/div>\n\t\t<\/div>\n\t\t\t\t\t<\/div>\n\t\t<\/section>\n\t\t\t\t<section class=\"elementor-section elementor-top-section elementor-element elementor-element-4956830 elementor-section-boxed elementor-section-height-default elementor-section-height-default\" data-id=\"4956830\" data-element_type=\"section\" data-e-type=\"section\">\n\t\t\t\t\t\t<div class=\"elementor-container elementor-column-gap-default\">\n\t\t\t\t\t<div class=\"elementor-column elementor-col-100 elementor-top-column elementor-element elementor-element-9c6cd5a\" data-id=\"9c6cd5a\" data-element_type=\"column\" data-e-type=\"column\">\n\t\t\t<div class=\"elementor-widget-wrap elementor-element-populated\">\n\t\t\t\t\t\t<div class=\"elementor-element elementor-element-0ced9f3 elementor-widget elementor-widget-text-editor\" data-id=\"0ced9f3\" data-element_type=\"widget\" data-e-type=\"widget\" data-widget_type=\"text-editor.default\">\n\t\t\t\t<div class=\"elementor-widget-container\">\n\t\t\t\t\t\t\t\t\t<p><strong>Che si tratti dell&#8217;ufficio di casa o di un ufficio condiviso, in un luogo di lavoro ben arredato ci si sente pi\u00f9 a proprio agio, si lavora con maggiore concentrazione e motivazione. Ma quali sono le immagini pi\u00f9 adatte e quali le decorazioni per l&#8217;ufficio che risultano eccessive? Vi mostriamo come procedere per arredare il vostro ufficio. Dalla praticit\u00e0 allo stile: qui troverete consigli e idee di arredamento per il vostro ufficio.<\/strong><\/p>\t\t\t\t\t\t\t\t<\/div>\n\t\t\t\t<\/div>\n\t\t\t\t\t<\/div>\n\t\t<\/div>\n\t\t\t\t\t<\/div>\n\t\t<\/section>\n\t\t\t\t<section class=\"elementor-section elementor-top-section elementor-element elementor-element-1400d13 elementor-section-boxed elementor-section-height-default elementor-section-height-default\" data-id=\"1400d13\" data-element_type=\"section\" data-e-type=\"section\">\n\t\t\t\t\t\t<div class=\"elementor-container elementor-column-gap-default\">\n\t\t\t\t\t<div class=\"elementor-column elementor-col-100 elementor-top-column elementor-element elementor-element-13af8bb\" data-id=\"13af8bb\" data-element_type=\"column\" data-e-type=\"column\">\n\t\t\t<div class=\"elementor-widget-wrap elementor-element-populated\">\n\t\t\t\t\t\t<div class=\"elementor-element elementor-element-89936f5 elementor-widget elementor-widget-text-editor\" data-id=\"89936f5\" data-element_type=\"widget\" data-e-type=\"widget\" data-widget_type=\"text-editor.default\">\n\t\t\t\t<div class=\"elementor-widget-container\">\n\t\t\t\t\t\t\t\t\t<p><strong>Indice dei contenuti<\/strong><\/p>\n<ul>\n<li><a href=\"#7-tipps\">7 consigli e idee su come decorare l&#8217;ufficio<\/a><\/li>\n<li><a href=\"#wirkung-farben\">L&#8217;effetto dei colori nella decorazione degli uffici<\/a><\/li>\n<li><a href=\"#fazit-farben\">Conclusione: Creare atmosfera con i colori<\/a><\/li>\n<li><a href=\"#bilder-buero\">Immagini per l&#8217;arredamento dell&#8217;ufficio<\/a><\/li>\n<li><a href=\"#faq\">FAQ: Domande sulla decorazione dell&#8217;ufficio<\/a><\/li>\n<li><a href=\"#deko-ideen\">Dipinti, sculture e molto altro: Idee d\u00e9co da KunstLoft<\/a><\/li>\n<\/ul>\t\t\t\t\t\t\t\t<\/div>\n\t\t\t\t<\/div>\n\t\t\t\t\t<\/div>\n\t\t<\/div>\n\t\t\t\t\t<\/div>\n\t\t<\/section>\n\t\t\t\t<section class=\"elementor-section elementor-top-section elementor-element elementor-element-c438caa elementor-section-boxed elementor-section-height-default elementor-section-height-default\" data-id=\"c438caa\" data-element_type=\"section\" data-e-type=\"section\">\n\t\t\t\t\t\t<div class=\"elementor-container elementor-column-gap-default\">\n\t\t\t\t\t<div class=\"elementor-column elementor-col-100 elementor-top-column elementor-element elementor-element-eb300e4\" data-id=\"eb300e4\" data-element_type=\"column\" data-e-type=\"column\">\n\t\t\t<div class=\"elementor-widget-wrap elementor-element-populated\">\n\t\t\t\t\t\t<div class=\"elementor-element elementor-element-571d11d elementor-widget elementor-widget-heading\" data-id=\"571d11d\" data-element_type=\"widget\" data-e-type=\"widget\" id=\"7-tipps\" data-widget_type=\"heading.default\">\n\t\t\t\t<div class=\"elementor-widget-container\">\n\t\t\t\t\t<h2 class=\"elementor-heading-title elementor-size-default\">7 consigli e idee su come decorare l'ufficio<\/h2>\t\t\t\t<\/div>\n\t\t\t\t<\/div>\n\t\t\t\t\t<\/div>\n\t\t<\/div>\n\t\t\t\t\t<\/div>\n\t\t<\/section>\n\t\t\t\t<section class=\"elementor-section elementor-top-section elementor-element elementor-element-090087c elementor-section-boxed elementor-section-height-default elementor-section-height-default\" data-id=\"090087c\" data-element_type=\"section\" data-e-type=\"section\">\n\t\t\t\t\t\t<div class=\"elementor-container elementor-column-gap-default\">\n\t\t\t\t\t<div class=\"elementor-column elementor-col-100 elementor-top-column elementor-element elementor-element-39c0387\" data-id=\"39c0387\" data-element_type=\"column\" data-e-type=\"column\">\n\t\t\t<div class=\"elementor-widget-wrap elementor-element-populated\">\n\t\t\t\t\t\t<div class=\"elementor-element elementor-element-0fa8e74 elementor-widget elementor-widget-text-editor\" data-id=\"0fa8e74\" data-element_type=\"widget\" data-e-type=\"widget\" data-widget_type=\"text-editor.default\">\n\t\t\t\t<div class=\"elementor-widget-container\">\n\t\t\t\t\t\t\t\t\t<p>Nella maggior parte dei casi, il luogo in cui si trascorre la maggior parte del tempo seduti e concentrati \u00e8 l&#8217;ufficio. Per questo \u00e8 ancora pi\u00f9 importante che l&#8217;ambiente di lavoro sia progettato in modo da essere attraente, piacevole e, soprattutto, motivante. Vi diamo consigli pratici su come arredare il vostro ufficio e renderlo invitante.<\/p>\n<h3>1. L&#8217;ordine \u00e8 met\u00e0 della battaglia<\/h3>\n<p>Prima di iniziare a decorare, \u00e8 necessario che le condizioni di base siano corrette. In ufficio, ci\u00f2 significa soprattutto ordine e spazio sufficiente per potersi orientare rapidamente e concentrarsi sul proprio lavoro. Sistemi di cassetti, cartelle, contenitori per utensili: sfruttate le varie possibilit\u00e0 per eliminare il maggior numero possibile di oggetti dalla scrivania e creare ordine negli armadi e negli scaffali. La scrivania appartiene solo a voi e al vostro progetto attuale.<\/p>\n<p>Ma i contenitori possono anche essere efficaci decorazioni per l&#8217;ufficio. Finch\u00e9 si tratta di elementi isolati, potete usarli per creare accenti decorativi. Sistemate le scatole su una mensola o riponete le penne in un bel vaso. Potete attaccare gli appunti importanti su una lavagna per appunti.<\/p>\t\t\t\t\t\t\t\t<\/div>\n\t\t\t\t<\/div>\n\t\t\t\t\t<\/div>\n\t\t<\/div>\n\t\t\t\t\t<\/div>\n\t\t<\/section>\n\t\t\t\t<section class=\"elementor-section elementor-top-section elementor-element elementor-element-f327eb8 elementor-section-boxed elementor-section-height-default elementor-section-height-default\" data-id=\"f327eb8\" data-element_type=\"section\" data-e-type=\"section\">\n\t\t\t\t\t\t<div class=\"elementor-container elementor-column-gap-default\">\n\t\t\t\t\t<div class=\"elementor-column elementor-col-50 elementor-top-column elementor-element elementor-element-2f3e891\" data-id=\"2f3e891\" data-element_type=\"column\" data-e-type=\"column\">\n\t\t\t<div class=\"elementor-widget-wrap elementor-element-populated\">\n\t\t\t\t\t\t<div class=\"elementor-element elementor-element-ab8834a elementor-widget elementor-widget-image\" data-id=\"ab8834a\" data-element_type=\"widget\" data-e-type=\"widget\" data-widget_type=\"image.default\">\n\t\t\t\t<div class=\"elementor-widget-container\">\n\t\t\t\t\t\t\t\t\t\t\t\t\t\t\t\t<a href=\"https:\/\/www.kunstloft.it\/11516-memoboard-perky\/\">\n\t\t\t\t\t\t\t<img decoding=\"async\" src=\"https:\/\/www.kunstloft.de\/wordpress\/de_DE\/de\/wp-content\/uploads\/2022\/06\/buero-deko-wand-memoboard.jpg\" title=\"\" alt=\"Memobard als praktische Wanddeko im B\u00fcro\" class=\"elementor-animation-grow\" loading=\"lazy\" \/>\t\t\t\t\t\t\t\t<\/a>\n\t\t\t\t\t\t\t\t\t\t\t\t\t\t\t<\/div>\n\t\t\t\t<\/div>\n\t\t\t\t<div class=\"elementor-element elementor-element-1673fab elementor-widget elementor-widget-text-editor\" data-id=\"1673fab\" data-element_type=\"widget\" data-e-type=\"widget\" data-widget_type=\"text-editor.default\">\n\t\t\t\t<div class=\"elementor-widget-container\">\n\t\t\t\t\t\t\t\t\t<p style=\"text-align: center;\"><a href=\"https:\/\/www.kunstloft.it\/11516-memoboard-perky\/\"><b>Memoboard<br \/>&#8216;Perky&#8217;<\/b><\/a><\/p>\t\t\t\t\t\t\t\t<\/div>\n\t\t\t\t<\/div>\n\t\t\t\t\t<\/div>\n\t\t<\/div>\n\t\t\t\t<div class=\"elementor-column elementor-col-50 elementor-top-column elementor-element elementor-element-26ba8df\" data-id=\"26ba8df\" data-element_type=\"column\" data-e-type=\"column\">\n\t\t\t<div class=\"elementor-widget-wrap elementor-element-populated\">\n\t\t\t\t\t\t<div class=\"elementor-element elementor-element-e26bd2f elementor-widget elementor-widget-image\" data-id=\"e26bd2f\" data-element_type=\"widget\" data-e-type=\"widget\" data-widget_type=\"image.default\">\n\t\t\t\t<div class=\"elementor-widget-container\">\n\t\t\t\t\t\t\t\t\t\t\t\t\t\t\t\t<a href=\"https:\/\/www.kunstloft.it\/11514-memoboard-linea-elephant\/\">\n\t\t\t\t\t\t\t<img decoding=\"async\" src=\"https:\/\/www.kunstloft.de\/wordpress\/de_DE\/de\/wp-content\/uploads\/2022\/07\/pt3269bk-schwarz-memoboard-metall-buero-deko-design-modern-praktisch-pinnwand-02.jpg\" title=\"\" alt=\"Memoboard Linea Elephant\" class=\"elementor-animation-grow\" loading=\"lazy\" \/>\t\t\t\t\t\t\t\t<\/a>\n\t\t\t\t\t\t\t\t\t\t\t\t\t\t\t<\/div>\n\t\t\t\t<\/div>\n\t\t\t\t<div class=\"elementor-element elementor-element-36be34d elementor-widget elementor-widget-text-editor\" data-id=\"36be34d\" data-element_type=\"widget\" data-e-type=\"widget\" data-widget_type=\"text-editor.default\">\n\t\t\t\t<div class=\"elementor-widget-container\">\n\t\t\t\t\t\t\t\t\t<p style=\"text-align: center;\"><a href=\"https:\/\/www.kunstloft.it\/11514-memoboard-linea-elephant\/\"><b>Memoboard<br \/>&#8216;Linea Elephant&#8217;<\/b><\/a><\/p>\t\t\t\t\t\t\t\t<\/div>\n\t\t\t\t<\/div>\n\t\t\t\t\t<\/div>\n\t\t<\/div>\n\t\t\t\t\t<\/div>\n\t\t<\/section>\n\t\t\t\t<section class=\"elementor-section elementor-top-section elementor-element elementor-element-b663c16 elementor-section-boxed elementor-section-height-default elementor-section-height-default\" data-id=\"b663c16\" data-element_type=\"section\" data-e-type=\"section\">\n\t\t\t\t\t\t<div class=\"elementor-container elementor-column-gap-default\">\n\t\t\t\t\t<div class=\"elementor-column elementor-col-100 elementor-top-column elementor-element elementor-element-799be08\" data-id=\"799be08\" data-element_type=\"column\" data-e-type=\"column\">\n\t\t\t<div class=\"elementor-widget-wrap elementor-element-populated\">\n\t\t\t\t\t\t<div class=\"elementor-element elementor-element-2c8b6cd elementor-widget elementor-widget-text-editor\" data-id=\"2c8b6cd\" data-element_type=\"widget\" data-e-type=\"widget\" data-widget_type=\"text-editor.default\">\n\t\t\t\t<div class=\"elementor-widget-container\">\n\t\t\t\t\t\t\t\t\t<p>La <a href=\"https:\/\/www.kunstloft.it\/11516-memoboard-perky\/\">lavagna Perky Memo<\/a> ha spazio per tutti gli appunti importanti: il numero del servizio di consegna della pizza, l&#8217;invito al prossimo evento del team, la polaroid dell&#8217;ultimo workshop e la frase casuale di un caro amico.<\/p>\t\t\t\t\t\t\t\t<\/div>\n\t\t\t\t<\/div>\n\t\t\t\t\t<\/div>\n\t\t<\/div>\n\t\t\t\t\t<\/div>\n\t\t<\/section>\n\t\t\t\t<section class=\"elementor-section elementor-top-section elementor-element elementor-element-f9009fa elementor-section-boxed elementor-section-height-default elementor-section-height-default\" data-id=\"f9009fa\" data-element_type=\"section\" data-e-type=\"section\">\n\t\t\t\t\t\t<div class=\"elementor-container elementor-column-gap-default\">\n\t\t\t\t\t<div class=\"elementor-column elementor-col-100 elementor-top-column elementor-element elementor-element-1654f12\" data-id=\"1654f12\" data-element_type=\"column\" data-e-type=\"column\">\n\t\t\t<div class=\"elementor-widget-wrap elementor-element-populated\">\n\t\t\t\t\t\t<div class=\"elementor-element elementor-element-7db4624 elementor-align-center elementor-widget elementor-widget-button\" data-id=\"7db4624\" data-element_type=\"widget\" data-e-type=\"widget\" data-widget_type=\"button.default\">\n\t\t\t\t<div class=\"elementor-widget-container\">\n\t\t\t\t\t\t\t\t\t<div class=\"elementor-button-wrapper\">\n\t\t\t\t\t<a class=\"elementor-button elementor-button-link elementor-size-sm\" href=\"https:\/\/www.kunstloft.it\/memo-board\/\">\n\t\t\t\t\t\t<span class=\"elementor-button-content-wrapper\">\n\t\t\t\t\t\t\t\t\t<span class=\"elementor-button-text\">Scoprite le eleganti lavagne per promemoria di KunstLoft &gt;<\/span>\n\t\t\t\t\t<\/span>\n\t\t\t\t\t<\/a>\n\t\t\t\t<\/div>\n\t\t\t\t\t\t\t\t<\/div>\n\t\t\t\t<\/div>\n\t\t\t\t\t<\/div>\n\t\t<\/div>\n\t\t\t\t\t<\/div>\n\t\t<\/section>\n\t\t\t\t<section class=\"elementor-section elementor-top-section elementor-element elementor-element-271a65d elementor-section-boxed elementor-section-height-default elementor-section-height-default\" data-id=\"271a65d\" data-element_type=\"section\" data-e-type=\"section\">\n\t\t\t\t\t\t<div class=\"elementor-container elementor-column-gap-default\">\n\t\t\t\t\t<div class=\"elementor-column elementor-col-100 elementor-top-column elementor-element elementor-element-fc0c0cd\" data-id=\"fc0c0cd\" data-element_type=\"column\" data-e-type=\"column\">\n\t\t\t<div class=\"elementor-widget-wrap elementor-element-populated\">\n\t\t\t\t\t\t<div class=\"elementor-element elementor-element-d882583 elementor-widget elementor-widget-spacer\" data-id=\"d882583\" data-element_type=\"widget\" data-e-type=\"widget\" data-widget_type=\"spacer.default\">\n\t\t\t\t<div class=\"elementor-widget-container\">\n\t\t\t\t\t\t\t<div class=\"elementor-spacer\">\n\t\t\t<div class=\"elementor-spacer-inner\"><\/div>\n\t\t<\/div>\n\t\t\t\t\t\t<\/div>\n\t\t\t\t<\/div>\n\t\t\t\t\t<\/div>\n\t\t<\/div>\n\t\t\t\t\t<\/div>\n\t\t<\/section>\n\t\t\t\t<section class=\"elementor-section elementor-top-section elementor-element elementor-element-84eff09 elementor-section-boxed elementor-section-height-default elementor-section-height-default\" data-id=\"84eff09\" data-element_type=\"section\" data-e-type=\"section\">\n\t\t\t\t\t\t<div class=\"elementor-container elementor-column-gap-default\">\n\t\t\t\t\t<div class=\"elementor-column elementor-col-100 elementor-top-column elementor-element elementor-element-f0a9b1d\" data-id=\"f0a9b1d\" data-element_type=\"column\" data-e-type=\"column\">\n\t\t\t<div class=\"elementor-widget-wrap elementor-element-populated\">\n\t\t\t\t\t\t<div class=\"elementor-element elementor-element-afe7e80 elementor-widget elementor-widget-text-editor\" data-id=\"afe7e80\" data-element_type=\"widget\" data-e-type=\"widget\" data-widget_type=\"text-editor.default\">\n\t\t\t\t<div class=\"elementor-widget-container\">\n\t\t\t\t\t\t\t\t\t<h3>2. Condizioni di illuminazione sul posto di lavoro<\/h3>\n<p>Il secondo problema in ufficio sono le condizioni di illuminazione. Pi\u00f9 luce naturale c&#8217;\u00e8 sul posto di lavoro, meglio \u00e8. Allo stesso tempo, non bisogna essere abbagliati. Pertanto, posizionate la scrivania ad angolo retto rispetto alla finestra, in modo che la luce cada sulla vostra postazione di lavoro da dietro. Inoltre, le fonti di luce artificiale sono importanti per le giornate nuvolose e la stagione buia. Gli apparecchi a soffitto distribuiscono meglio la luce e sono quindi adatti per un&#8217;atmosfera di lavoro concentrata. Oppure potete aggiungere un altro dettaglio decorativo al vostro ufficio con una lampada. Le <a href=\"https:\/\/www.kunstloft.it\/lampade-decorative\/\">lampade decorative<\/a> di KunstLoft creano una luce calda e diffusa che sta particolarmente bene su un tavolino o uno scaffale.<\/p>\n<h3>3. Acustica nello studio<\/h3>\n<p>Chi fa molte telefonate e riunioni al lavoro sa quanto sia importante l&#8217;acustica di una stanza. Per evitare il riverbero, ha quindi senso decorare le pareti dell&#8217;ufficio, e non solo per motivi di benessere. Che ne dite di un <a href=\"https:\/\/www.kunstloft.it\/quadri-legno\/\">murale in legno<\/a> di KunstLoft? O con una <a href=\"https:\/\/www.kunstloft.it\/maschere-da-parete\/\">maschera da parete cool<\/a>? Le superfici ruvide come il legno &#8220;inghiottono&#8221; il riverbero e danno carattere alle stanze.<\/p>\n<p>Anche i tessuti sono noti per essere adatti a creare un&#8217;acustica armoniosa. Con l&#8217;aiuto di <a href=\"https:\/\/www.kunstloft.it\/tappeti\/\">tappeti<\/a> o, per chi ama l&#8217;intimit\u00e0, di <a href=\"https:\/\/www.kunstloft.it\/arazzi\/\">tappezzerie<\/a> e <a href=\"https:\/\/www.kunstloft.it\/cuscini\/\">cuscini decorativi<\/a>, \u00e8 possibile creare una sensazione piacevole nella stanza in due modi.<\/p>\t\t\t\t\t\t\t\t<\/div>\n\t\t\t\t<\/div>\n\t\t\t\t\t<\/div>\n\t\t<\/div>\n\t\t\t\t\t<\/div>\n\t\t<\/section>\n\t\t\t\t<section class=\"elementor-section elementor-top-section elementor-element elementor-element-024bee5 elementor-section-boxed elementor-section-height-default elementor-section-height-default\" data-id=\"024bee5\" data-element_type=\"section\" data-e-type=\"section\">\n\t\t\t\t\t\t<div class=\"elementor-container elementor-column-gap-default\">\n\t\t\t\t\t<div class=\"elementor-column elementor-col-50 elementor-top-column elementor-element elementor-element-dd87d9f\" data-id=\"dd87d9f\" data-element_type=\"column\" data-e-type=\"column\">\n\t\t\t<div class=\"elementor-widget-wrap elementor-element-populated\">\n\t\t\t\t\t\t<div class=\"elementor-element elementor-element-0fe44c6 elementor-widget elementor-widget-image\" data-id=\"0fe44c6\" data-element_type=\"widget\" data-e-type=\"widget\" data-widget_type=\"image.default\">\n\t\t\t\t<div class=\"elementor-widget-container\">\n\t\t\t\t\t\t\t\t\t\t\t\t\t\t\t\t<a href=\"https:\/\/www.kunstloft.it\/11223-quadro-legno\/\">\n\t\t\t\t\t\t\t<img decoding=\"async\" src=\"https:\/\/www.kunstloft.de\/wordpress\/de_DE\/de\/wp-content\/uploads\/2022\/06\/buero-dekorieren-holzbild.jpg\" title=\"\" alt=\"abstraktes Holz-Wandbild in 3D\" class=\"elementor-animation-grow\" loading=\"lazy\" \/>\t\t\t\t\t\t\t\t<\/a>\n\t\t\t\t\t\t\t\t\t\t\t\t\t\t\t<\/div>\n\t\t\t\t<\/div>\n\t\t\t\t<div class=\"elementor-element elementor-element-d7bd4e6 elementor-widget elementor-widget-text-editor\" data-id=\"d7bd4e6\" data-element_type=\"widget\" data-e-type=\"widget\" data-widget_type=\"text-editor.default\">\n\t\t\t\t<div class=\"elementor-widget-container\">\n\t\t\t\t\t\t\t\t\t<p style=\"text-align: center;\"><a href=\"https:\/\/www.kunstloft.it\/11223-quadro-legno\/\"><b>Quadro in legno rilievo<br \/>&#8216;City of the Future&#8217;<\/b><\/a><\/p>\t\t\t\t\t\t\t\t<\/div>\n\t\t\t\t<\/div>\n\t\t\t\t\t<\/div>\n\t\t<\/div>\n\t\t\t\t<div class=\"elementor-column elementor-col-50 elementor-top-column elementor-element elementor-element-65f5f8d\" data-id=\"65f5f8d\" data-element_type=\"column\" data-e-type=\"column\">\n\t\t\t<div class=\"elementor-widget-wrap elementor-element-populated\">\n\t\t\t\t\t\t<div class=\"elementor-element elementor-element-2c1a180 elementor-widget elementor-widget-image\" data-id=\"2c1a180\" data-element_type=\"widget\" data-e-type=\"widget\" data-widget_type=\"image.default\">\n\t\t\t\t<div class=\"elementor-widget-container\">\n\t\t\t\t\t\t\t\t\t\t\t\t\t\t\t\t<a href=\"https:\/\/www.kunstloft.it\/10595-maschera-in-legno-eye-3\/\">\n\t\t\t\t\t\t\t<img decoding=\"async\" src=\"https:\/\/www.kunstloft.de\/wordpress\/de_DE\/de\/wp-content\/uploads\/2022\/07\/kl09310-menschen-braun-gruen-wandmaske-wanddeko-wandschmuck-holzmaske-holz-wanddekoration-handgefertigt-01.jpg\" title=\"\" alt=\"Wandmaske &#039;Eye #3&#039; Holz\" class=\"elementor-animation-grow\" loading=\"lazy\" \/>\t\t\t\t\t\t\t\t<\/a>\n\t\t\t\t\t\t\t\t\t\t\t\t\t\t\t<\/div>\n\t\t\t\t<\/div>\n\t\t\t\t<div class=\"elementor-element elementor-element-1e5c19f elementor-widget elementor-widget-text-editor\" data-id=\"1e5c19f\" data-element_type=\"widget\" data-e-type=\"widget\" data-widget_type=\"text-editor.default\">\n\t\t\t\t<div class=\"elementor-widget-container\">\n\t\t\t\t\t\t\t\t\t<p style=\"text-align: center;\"><a href=\"https:\/\/www.kunstloft.it\/10595-maschera-in-legno-eye-3\/\"><b>Maschera da parete<br \/>&#8216;Eye #3&#8217;<\/b><\/a><\/p>\t\t\t\t\t\t\t\t<\/div>\n\t\t\t\t<\/div>\n\t\t\t\t\t<\/div>\n\t\t<\/div>\n\t\t\t\t\t<\/div>\n\t\t<\/section>\n\t\t\t\t<section class=\"elementor-section elementor-top-section elementor-element elementor-element-c86c29f elementor-section-boxed elementor-section-height-default elementor-section-height-default\" data-id=\"c86c29f\" data-element_type=\"section\" data-e-type=\"section\">\n\t\t\t\t\t\t<div class=\"elementor-container elementor-column-gap-default\">\n\t\t\t\t\t<div class=\"elementor-column elementor-col-100 elementor-top-column elementor-element elementor-element-91558dc\" data-id=\"91558dc\" data-element_type=\"column\" data-e-type=\"column\">\n\t\t\t<div class=\"elementor-widget-wrap elementor-element-populated\">\n\t\t\t\t\t\t<div class=\"elementor-element elementor-element-9f08522 elementor-widget elementor-widget-text-editor\" data-id=\"9f08522\" data-element_type=\"widget\" data-e-type=\"widget\" data-widget_type=\"text-editor.default\">\n\t\t\t\t<div class=\"elementor-widget-container\">\n\t\t\t\t\t\t\t\t\t<p>I quadri non sono solo un richiamo visivo, ma migliorano anche l&#8217;acustica dell&#8217;ufficio: per esempio, i <a href=\"https:\/\/www.kunstloft.it\/quadri-legno\/\">murales in legno<\/a> di KunstLoft.<\/p>\n<h3>4. Le piante come decorazione vivente in ufficio<\/h3>\n<p>\u00c8 difficile immaginare gli uffici senza piante. Le creature verdi non sono solo belle da vedere, ma hanno anche un effetto rilassante. Producono ossigeno e riducono lo stress. Ma attenzione, solo le piante vive e sane sono un bel vedere. Se non avete il pollice verde o non siete regolarmente in ufficio, dovreste procurarvi degli esemplari robusti. In alternativa, i fiori secchi sono un vero e proprio richiamo visivo.<\/p>\n<h3>5. Decorare l&#8217;ufficio con oggetti personali<\/h3>\n<p>Per molti il tocco personale in ufficio non pu\u00f2 mancare. Sono le piccole tracce nella routine dell&#8217;ufficio che ci ricordano ci\u00f2 che ci aspetta fuori dal lavoro: un souvenir dell&#8217;ultima vacanza, una foto dei bambini o un piccolo regalo da parte di un caro amico. Sulla mensola, sulla bacheca o sul muro: un pezzo di casa addolcisce anche le pi\u00f9 lunghe giornate lavorative in ufficio.<\/p>\n<h3>6. Idee di decorazione per una maggiore motivazione in ufficio<\/h3>\n<p>Pi\u00f9 motivazione al lavoro? Che ne dite di un&#8217;opera d&#8217;arte che rifletta la vostra ispirazione? Un ritratto del vostro idolo? Un quadro del vostro hobby? Un quadro che riassume la vostra visione? Scegliete un&#8217;opera d&#8217;arte che abbia a che fare con voi personalmente. Questo vi ispirer\u00e0 a ripensarci quando sarete a corto di motivazione.<\/p>\t\t\t\t\t\t\t\t<\/div>\n\t\t\t\t<\/div>\n\t\t\t\t\t<\/div>\n\t\t<\/div>\n\t\t\t\t\t<\/div>\n\t\t<\/section>\n\t\t\t\t<section class=\"elementor-section elementor-top-section elementor-element elementor-element-bfcd380 elementor-section-boxed elementor-section-height-default elementor-section-height-default\" data-id=\"bfcd380\" data-element_type=\"section\" data-e-type=\"section\">\n\t\t\t\t\t\t<div class=\"elementor-container elementor-column-gap-default\">\n\t\t\t\t\t<div class=\"elementor-column elementor-col-100 elementor-top-column elementor-element elementor-element-e975bb9\" data-id=\"e975bb9\" data-element_type=\"column\" data-e-type=\"column\">\n\t\t\t<div class=\"elementor-widget-wrap elementor-element-populated\">\n\t\t\t\t\t\t<div class=\"elementor-element elementor-element-3dd185d elementor-widget elementor-widget-image\" data-id=\"3dd185d\" data-element_type=\"widget\" data-e-type=\"widget\" data-widget_type=\"image.default\">\n\t\t\t\t<div class=\"elementor-widget-container\">\n\t\t\t\t\t\t\t\t\t\t\t\t\t\t\t\t<a href=\"https:\/\/www.kunstloft.it\/4123-dipinto-acrilico-frida\/\">\n\t\t\t\t\t\t\t<img decoding=\"async\" src=\"https:\/\/www.kunstloft.de\/wordpress\/de_DE\/de\/wp-content\/uploads\/2022\/06\/buero-einrichten-bilder-inspiration.jpg\" title=\"\" alt=\"Frida Kahlo als Idee f\u00fcr die B\u00fcro-Deko\" class=\"elementor-animation-grow\" loading=\"lazy\" \/>\t\t\t\t\t\t\t\t<\/a>\n\t\t\t\t\t\t\t\t\t\t\t\t\t\t\t<\/div>\n\t\t\t\t<\/div>\n\t\t\t\t\t<\/div>\n\t\t<\/div>\n\t\t\t\t\t<\/div>\n\t\t<\/section>\n\t\t\t\t<section class=\"elementor-section elementor-top-section elementor-element elementor-element-5bbe2e5 elementor-section-boxed elementor-section-height-default elementor-section-height-default\" data-id=\"5bbe2e5\" data-element_type=\"section\" data-e-type=\"section\">\n\t\t\t\t\t\t<div class=\"elementor-container elementor-column-gap-default\">\n\t\t\t\t\t<div class=\"elementor-column elementor-col-100 elementor-top-column elementor-element elementor-element-ca0485a\" data-id=\"ca0485a\" data-element_type=\"column\" data-e-type=\"column\">\n\t\t\t<div class=\"elementor-widget-wrap elementor-element-populated\">\n\t\t\t\t\t\t<div class=\"elementor-element elementor-element-433c268 elementor-widget elementor-widget-text-editor\" data-id=\"433c268\" data-element_type=\"widget\" data-e-type=\"widget\" data-widget_type=\"text-editor.default\">\n\t\t\t\t<div class=\"elementor-widget-container\">\n\t\t\t\t\t\t\t\t\t<p>Icona del femminismo, <a href=\"https:\/\/www.kunstloft.it\/4123-dipinto-acrilico-frida\/\">Frida Kahlo<\/a> \u00e8 un&#8217;ispirazione oggi come allora.<\/p>\t\t\t\t\t\t\t\t<\/div>\n\t\t\t\t<\/div>\n\t\t\t\t\t<\/div>\n\t\t<\/div>\n\t\t\t\t\t<\/div>\n\t\t<\/section>\n\t\t\t\t<section class=\"elementor-section elementor-top-section elementor-element elementor-element-b22d7e1 elementor-section-boxed elementor-section-height-default elementor-section-height-default\" data-id=\"b22d7e1\" data-element_type=\"section\" data-e-type=\"section\">\n\t\t\t\t\t\t<div class=\"elementor-container elementor-column-gap-default\">\n\t\t\t\t\t<div class=\"elementor-column elementor-col-100 elementor-top-column elementor-element elementor-element-4d2e630\" data-id=\"4d2e630\" data-element_type=\"column\" data-e-type=\"column\">\n\t\t\t<div class=\"elementor-widget-wrap elementor-element-populated\">\n\t\t\t\t\t\t<div class=\"elementor-element elementor-element-3301e99 elementor-align-center elementor-widget elementor-widget-button\" data-id=\"3301e99\" data-element_type=\"widget\" data-e-type=\"widget\" data-widget_type=\"button.default\">\n\t\t\t\t<div class=\"elementor-widget-container\">\n\t\t\t\t\t\t\t\t\t<div class=\"elementor-button-wrapper\">\n\t\t\t\t\t<a class=\"elementor-button elementor-button-link elementor-size-sm\" href=\"https:\/\/www.kunstloft.it\/collezioni\/\">\n\t\t\t\t\t\t<span class=\"elementor-button-content-wrapper\">\n\t\t\t\t\t\t\t\t\t<span class=\"elementor-button-text\">Scoprite la nostra selezione di murales dalla bellezza intramontabile &gt;<\/span>\n\t\t\t\t\t<\/span>\n\t\t\t\t\t<\/a>\n\t\t\t\t<\/div>\n\t\t\t\t\t\t\t\t<\/div>\n\t\t\t\t<\/div>\n\t\t\t\t\t<\/div>\n\t\t<\/div>\n\t\t\t\t\t<\/div>\n\t\t<\/section>\n\t\t\t\t<section class=\"elementor-section elementor-top-section elementor-element elementor-element-459255e elementor-section-boxed elementor-section-height-default elementor-section-height-default\" data-id=\"459255e\" data-element_type=\"section\" data-e-type=\"section\">\n\t\t\t\t\t\t<div class=\"elementor-container elementor-column-gap-default\">\n\t\t\t\t\t<div class=\"elementor-column elementor-col-100 elementor-top-column elementor-element elementor-element-169ae2a\" data-id=\"169ae2a\" data-element_type=\"column\" data-e-type=\"column\">\n\t\t\t<div class=\"elementor-widget-wrap elementor-element-populated\">\n\t\t\t\t\t\t<div class=\"elementor-element elementor-element-bff1c6f elementor-widget elementor-widget-text-editor\" data-id=\"bff1c6f\" data-element_type=\"widget\" data-e-type=\"widget\" data-widget_type=\"text-editor.default\">\n\t\t\t\t<div class=\"elementor-widget-container\">\n\t\t\t\t\t\t\t\t\t<h3>7. L&#8217;azienda come decorazione murale in ufficio.<\/h3>\n<p>Soprattutto per le videochiamate e il contatto con i clienti, sono adatte le decorazioni da parete che non solo piacciono a voi, ma sono anche in linea con l&#8217;azienda. Trovate quadri che mettano in risalto i colori della vostra azienda o scegliete una simbologia che sottolinei la vostra filosofia aziendale. Pu\u00f2 trattarsi di motivi della vostra citt\u00e0 o di un riferimento internazionale sotto forma di <a href=\"https:\/\/www.kunstloft.it\/\">mappa del mondo<\/a>. Utilizzate le immagini per stabilire un collegamento con il servizio o il prodotto della vostra azienda. Sono possibili anche inserimenti di prodotti. Non ci sono limiti alla vostra immaginazione.<\/p>\t\t\t\t\t\t\t\t<\/div>\n\t\t\t\t<\/div>\n\t\t\t\t\t<\/div>\n\t\t<\/div>\n\t\t\t\t\t<\/div>\n\t\t<\/section>\n\t\t\t\t<section class=\"elementor-section elementor-top-section elementor-element elementor-element-8211800 elementor-section-boxed elementor-section-height-default elementor-section-height-default\" data-id=\"8211800\" data-element_type=\"section\" data-e-type=\"section\">\n\t\t\t\t\t\t<div class=\"elementor-container elementor-column-gap-default\">\n\t\t\t\t\t<div class=\"elementor-column elementor-col-50 elementor-top-column elementor-element elementor-element-0df0926\" data-id=\"0df0926\" data-element_type=\"column\" data-e-type=\"column\">\n\t\t\t<div class=\"elementor-widget-wrap elementor-element-populated\">\n\t\t\t\t\t\t<div class=\"elementor-element elementor-element-0ef6729 elementor-widget elementor-widget-image\" data-id=\"0ef6729\" data-element_type=\"widget\" data-e-type=\"widget\" data-widget_type=\"image.default\">\n\t\t\t\t<div class=\"elementor-widget-container\">\n\t\t\t\t\t\t\t\t\t\t\t\t\t\t\t\t<a href=\"https:\/\/www.kunstloft.it\/9485-arte-di-carta-the-earth-shines\/\">\n\t\t\t\t\t\t\t<img decoding=\"async\" src=\"https:\/\/www.kunstloft.de\/wordpress\/de_DE\/de\/wp-content\/uploads\/2022\/06\/weltkarte-deko-idee-buero-1.jpg\" title=\"\" alt=\"Weltkarte f\u00fcr die Wandgestaltung im B\u00fcro\" class=\"elementor-animation-grow\" loading=\"lazy\" \/>\t\t\t\t\t\t\t\t<\/a>\n\t\t\t\t\t\t\t\t\t\t\t\t\t\t\t<\/div>\n\t\t\t\t<\/div>\n\t\t\t\t<div class=\"elementor-element elementor-element-d931aa8 elementor-widget elementor-widget-text-editor\" data-id=\"d931aa8\" data-element_type=\"widget\" data-e-type=\"widget\" data-widget_type=\"text-editor.default\">\n\t\t\t\t<div class=\"elementor-widget-container\">\n\t\t\t\t\t\t\t\t\t<p style=\"text-align: center;\"><a href=\"https:\/\/www.kunstloft.it\/9485-arte-di-carta-the-earth-shines\/\"><b>Arte di carta<br \/>&#8216;The Earth shines&#8217;<\/b><\/a><\/p>\t\t\t\t\t\t\t\t<\/div>\n\t\t\t\t<\/div>\n\t\t\t\t\t<\/div>\n\t\t<\/div>\n\t\t\t\t<div class=\"elementor-column elementor-col-50 elementor-top-column elementor-element elementor-element-8fbbb20\" data-id=\"8fbbb20\" data-element_type=\"column\" data-e-type=\"column\">\n\t\t\t<div class=\"elementor-widget-wrap elementor-element-populated\">\n\t\t\t\t\t\t<div class=\"elementor-element elementor-element-80722b2 elementor-widget elementor-widget-image\" data-id=\"80722b2\" data-element_type=\"widget\" data-e-type=\"widget\" data-widget_type=\"image.default\">\n\t\t\t\t<div class=\"elementor-widget-container\">\n\t\t\t\t\t\t\t\t\t\t\t\t\t\t\t\t<a href=\"https:\/\/www.kunstloft.it\/7618-dipinto-acrilico-blossoming-world\/\">\n\t\t\t\t\t\t\t<img decoding=\"async\" src=\"https:\/\/www.kunstloft.de\/wordpress\/de_DE\/de\/wp-content\/uploads\/2022\/07\/kl07011-weltkarte-rosa-gold-acryl-gemaelde-acryl-bilder-leinwandbilder-moderne-kunst-11.jpg\" title=\"\" alt=\"Acryl Gem\u00e4lde &#039;Bl\u00fchende Welt&#039; Weltkarte\" class=\"elementor-animation-grow\" loading=\"lazy\" \/>\t\t\t\t\t\t\t\t<\/a>\n\t\t\t\t\t\t\t\t\t\t\t\t\t\t\t<\/div>\n\t\t\t\t<\/div>\n\t\t\t\t<div class=\"elementor-element elementor-element-e795b9c elementor-widget elementor-widget-text-editor\" data-id=\"e795b9c\" data-element_type=\"widget\" data-e-type=\"widget\" data-widget_type=\"text-editor.default\">\n\t\t\t\t<div class=\"elementor-widget-container\">\n\t\t\t\t\t\t\t\t\t<p style=\"text-align: center;\"><a href=\"https:\/\/www.kunstloft.it\/7618-dipinto-acrilico-blossoming-world\/\"><b>Quadro dipinto a mano<br \/>&#8216;Blossoming World&#8217;<\/b><\/a><\/p>\t\t\t\t\t\t\t\t<\/div>\n\t\t\t\t<\/div>\n\t\t\t\t\t<\/div>\n\t\t<\/div>\n\t\t\t\t\t<\/div>\n\t\t<\/section>\n\t\t\t\t<section class=\"elementor-section elementor-top-section elementor-element elementor-element-3151e6d elementor-section-boxed elementor-section-height-default elementor-section-height-default\" data-id=\"3151e6d\" data-element_type=\"section\" data-e-type=\"section\">\n\t\t\t\t\t\t<div class=\"elementor-container elementor-column-gap-default\">\n\t\t\t\t\t<div class=\"elementor-column elementor-col-100 elementor-top-column elementor-element elementor-element-b071251\" data-id=\"b071251\" data-element_type=\"column\" data-e-type=\"column\">\n\t\t\t<div class=\"elementor-widget-wrap elementor-element-populated\">\n\t\t\t\t\t\t<div class=\"elementor-element elementor-element-9f830ca elementor-widget elementor-widget-heading\" data-id=\"9f830ca\" data-element_type=\"widget\" data-e-type=\"widget\" id=\"wirkung-farben\" data-widget_type=\"heading.default\">\n\t\t\t\t<div class=\"elementor-widget-container\">\n\t\t\t\t\t<h2 class=\"elementor-heading-title elementor-size-default\">L'effetto dei colori nella decorazione degli uffici<\/h2>\t\t\t\t<\/div>\n\t\t\t\t<\/div>\n\t\t\t\t\t<\/div>\n\t\t<\/div>\n\t\t\t\t\t<\/div>\n\t\t<\/section>\n\t\t\t\t<section class=\"elementor-section elementor-top-section elementor-element elementor-element-a8cc918 elementor-section-boxed elementor-section-height-default elementor-section-height-default\" data-id=\"a8cc918\" data-element_type=\"section\" data-e-type=\"section\">\n\t\t\t\t\t\t<div class=\"elementor-container elementor-column-gap-default\">\n\t\t\t\t\t<div class=\"elementor-column elementor-col-100 elementor-top-column elementor-element elementor-element-6297bea\" data-id=\"6297bea\" data-element_type=\"column\" data-e-type=\"column\">\n\t\t\t<div class=\"elementor-widget-wrap elementor-element-populated\">\n\t\t\t\t\t\t<div class=\"elementor-element elementor-element-063c42a elementor-widget elementor-widget-text-editor\" data-id=\"063c42a\" data-element_type=\"widget\" data-e-type=\"widget\" data-widget_type=\"text-editor.default\">\n\t\t\t\t<div class=\"elementor-widget-container\">\n\t\t\t\t\t\t\t\t\t<p>Per sentirsi davvero a proprio agio nel proprio ufficio, \u00e8 bene affrontare il design dei colori in modo consapevole. Soprattutto per un ambiente professionale, \u00e8 bene scegliere <strong>uno o due colori d&#8217;accento<\/strong>. In questo modo, l&#8217;arredamento non sembrer\u00e0 confuso, ma nemmeno sterile e bianco.<\/p>\n<p>Scegliete le <a href=\"https:\/\/www.kunstloft.it\/colori\/\">decorazioni murali in base al colore<\/a> su KunstLoft ed esplorate la nostra gamma di tonalit\u00e0 di blu, ad esempio:<\/p>\t\t\t\t\t\t\t\t<\/div>\n\t\t\t\t<\/div>\n\t\t\t\t\t<\/div>\n\t\t<\/div>\n\t\t\t\t\t<\/div>\n\t\t<\/section>\n\t\t\t\t<section class=\"elementor-section elementor-top-section elementor-element elementor-element-e0aea3a elementor-section-boxed elementor-section-height-default elementor-section-height-default\" data-id=\"e0aea3a\" data-element_type=\"section\" data-e-type=\"section\">\n\t\t\t\t\t\t<div class=\"elementor-container elementor-column-gap-default\">\n\t\t\t\t\t<div class=\"elementor-column elementor-col-33 elementor-top-column elementor-element elementor-element-e90c741\" data-id=\"e90c741\" data-element_type=\"column\" data-e-type=\"column\">\n\t\t\t<div class=\"elementor-widget-wrap elementor-element-populated\">\n\t\t\t\t\t\t<div class=\"elementor-element elementor-element-18ff956 elementor-widget elementor-widget-image\" data-id=\"18ff956\" data-element_type=\"widget\" data-e-type=\"widget\" data-widget_type=\"image.default\">\n\t\t\t\t<div class=\"elementor-widget-container\">\n\t\t\t\t\t\t\t\t\t\t\t\t\t\t\t\t<a href=\"https:\/\/www.kunstloft.it\/4448-scultura-parete-metallo-tormenta-invernale\/\">\n\t\t\t\t\t\t\t<img decoding=\"async\" src=\"https:\/\/www.kunstloft.de\/wordpress\/de_DE\/de\/wp-content\/uploads\/2022\/06\/der-wintersturm.jpg\" title=\"\" alt=\"\" class=\"elementor-animation-grow\" loading=\"lazy\" \/>\t\t\t\t\t\t\t\t<\/a>\n\t\t\t\t\t\t\t\t\t\t\t\t\t\t\t<\/div>\n\t\t\t\t<\/div>\n\t\t\t\t<div class=\"elementor-element elementor-element-bbf049d elementor-widget elementor-widget-text-editor\" data-id=\"bbf049d\" data-element_type=\"widget\" data-e-type=\"widget\" data-widget_type=\"text-editor.default\">\n\t\t\t\t<div class=\"elementor-widget-container\">\n\t\t\t\t\t\t\t\t\t<p style=\"text-align: center;\"><a href=\"https:\/\/www.kunstloft.it\/4448-scultura-parete-metallo-tormenta-invernale\/\"><b>Scultura da parete in metallo<br \/>&#8216;Tormenta invernale&#8217;<\/b><\/a><\/p>\t\t\t\t\t\t\t\t<\/div>\n\t\t\t\t<\/div>\n\t\t\t\t\t<\/div>\n\t\t<\/div>\n\t\t\t\t<div class=\"elementor-column elementor-col-33 elementor-top-column elementor-element elementor-element-003c3e1\" data-id=\"003c3e1\" data-element_type=\"column\" data-e-type=\"column\">\n\t\t\t<div class=\"elementor-widget-wrap elementor-element-populated\">\n\t\t\t\t\t\t<div class=\"elementor-element elementor-element-17be602 elementor-widget elementor-widget-image\" data-id=\"17be602\" data-element_type=\"widget\" data-e-type=\"widget\" data-widget_type=\"image.default\">\n\t\t\t\t<div class=\"elementor-widget-container\">\n\t\t\t\t\t\t\t\t\t\t\t\t\t\t\t\t<a href=\"https:\/\/www.kunstloft.it\/3645-scultura-parete-metallo-firmamento\/\">\n\t\t\t\t\t\t\t<img decoding=\"async\" src=\"https:\/\/www.kunstloft.de\/wordpress\/de_DE\/de\/wp-content\/uploads\/2022\/06\/himmelsfirmament.jpg\" title=\"\" alt=\"\" class=\"elementor-animation-grow\" loading=\"lazy\" \/>\t\t\t\t\t\t\t\t<\/a>\n\t\t\t\t\t\t\t\t\t\t\t\t\t\t\t<\/div>\n\t\t\t\t<\/div>\n\t\t\t\t<div class=\"elementor-element elementor-element-4e35701 elementor-widget elementor-widget-text-editor\" data-id=\"4e35701\" data-element_type=\"widget\" data-e-type=\"widget\" data-widget_type=\"text-editor.default\">\n\t\t\t\t<div class=\"elementor-widget-container\">\n\t\t\t\t\t\t\t\t\t<p style=\"text-align: center;\"><strong><a href=\"https:\/\/www.kunstloft.it\/3645-scultura-parete-metallo-firmamento\/\">Scultura da parete in metallo<br \/>&#8216;Firmament of Heaven&#8217;<\/a><\/strong><\/p>\t\t\t\t\t\t\t\t<\/div>\n\t\t\t\t<\/div>\n\t\t\t\t\t<\/div>\n\t\t<\/div>\n\t\t\t\t<div class=\"elementor-column elementor-col-33 elementor-top-column elementor-element elementor-element-52b3177\" data-id=\"52b3177\" data-element_type=\"column\" data-e-type=\"column\">\n\t\t\t<div class=\"elementor-widget-wrap elementor-element-populated\">\n\t\t\t\t\t\t<div class=\"elementor-element elementor-element-dad8b41 elementor-widget elementor-widget-image\" data-id=\"dad8b41\" data-element_type=\"widget\" data-e-type=\"widget\" data-widget_type=\"image.default\">\n\t\t\t\t<div class=\"elementor-widget-container\">\n\t\t\t\t\t\t\t\t\t\t\t\t\t\t\t\t<a href=\"https:\/\/www.kunstloft.it\/1111-dipinto-olio-sun-on-earth\/\">\n\t\t\t\t\t\t\t<img decoding=\"async\" src=\"https:\/\/www.kunstloft.de\/wordpress\/de_DE\/de\/wp-content\/uploads\/2022\/06\/sun-on-earth.jpg\" title=\"\" alt=\"\" class=\"elementor-animation-grow\" loading=\"lazy\" \/>\t\t\t\t\t\t\t\t<\/a>\n\t\t\t\t\t\t\t\t\t\t\t\t\t\t\t<\/div>\n\t\t\t\t<\/div>\n\t\t\t\t<div class=\"elementor-element elementor-element-31bacd2 elementor-widget elementor-widget-text-editor\" data-id=\"31bacd2\" data-element_type=\"widget\" data-e-type=\"widget\" data-widget_type=\"text-editor.default\">\n\t\t\t\t<div class=\"elementor-widget-container\">\n\t\t\t\t\t\t\t\t\t<p style=\"text-align: center;\"><a href=\"https:\/\/www.kunstloft.it\/1111-dipinto-olio-sun-on-earth\/\"><b>XXL Dipinti a olio<br \/>&#8216;Sun on Earth&#8217;<br \/>Esemplare unico dipinto a mano<\/b><\/a><\/p>\t\t\t\t\t\t\t\t<\/div>\n\t\t\t\t<\/div>\n\t\t\t\t\t<\/div>\n\t\t<\/div>\n\t\t\t\t\t<\/div>\n\t\t<\/section>\n\t\t\t\t<section class=\"elementor-section elementor-top-section elementor-element elementor-element-b8ab929 elementor-section-boxed elementor-section-height-default elementor-section-height-default\" data-id=\"b8ab929\" data-element_type=\"section\" data-e-type=\"section\">\n\t\t\t\t\t\t<div class=\"elementor-container elementor-column-gap-default\">\n\t\t\t\t\t<div class=\"elementor-column elementor-col-100 elementor-top-column elementor-element elementor-element-bb91efe\" data-id=\"bb91efe\" data-element_type=\"column\" data-e-type=\"column\">\n\t\t\t<div class=\"elementor-widget-wrap elementor-element-populated\">\n\t\t\t\t\t\t<div class=\"elementor-element elementor-element-a98859d elementor-widget elementor-widget-text-editor\" data-id=\"a98859d\" data-element_type=\"widget\" data-e-type=\"widget\" data-widget_type=\"text-editor.default\">\n\t\t\t\t<div class=\"elementor-widget-container\">\n\t\t\t\t\t\t\t\t\t<p>Per saperne di pi\u00f9 sull&#8217;effetto dei colori in ufficio, consultate la nostra panoramica.<\/p>\n<h3>Beige, sabbia, colori naturali<\/h3>\n<p>Un ambiente dai colori naturali emana calma e concentrazione. I colori neutri come il beige o il sabbia creano un&#8217;atmosfera ordinata e pulita in cui ci si pu\u00f2 concentrare al meglio. Sono anche tonalit\u00e0 calde, amichevoli e invitanti e costituiscono la base perfetta per l&#8217;abbinamento con un colore d&#8217;accento.<\/p>\n<p>Dal beige al tortora, dai colori pastello al nero, KunstLoft propone un&#8217;ampia gamma di <a href=\"https:\/\/www.kunstloft.it\/colori-neutri\/\">opere d&#8217;arte in colori neutri<\/a>:<\/p>\t\t\t\t\t\t\t\t<\/div>\n\t\t\t\t<\/div>\n\t\t\t\t\t<\/div>\n\t\t<\/div>\n\t\t\t\t\t<\/div>\n\t\t<\/section>\n\t\t\t\t<section class=\"elementor-section elementor-top-section elementor-element elementor-element-47851c2 elementor-section-boxed elementor-section-height-default elementor-section-height-default\" data-id=\"47851c2\" data-element_type=\"section\" data-e-type=\"section\">\n\t\t\t\t\t\t<div class=\"elementor-container elementor-column-gap-default\">\n\t\t\t\t\t<div class=\"elementor-column elementor-col-33 elementor-top-column elementor-element elementor-element-de17d06\" data-id=\"de17d06\" data-element_type=\"column\" data-e-type=\"column\">\n\t\t\t<div class=\"elementor-widget-wrap elementor-element-populated\">\n\t\t\t\t\t\t<div class=\"elementor-element elementor-element-42ddfc7 elementor-widget elementor-widget-image\" data-id=\"42ddfc7\" data-element_type=\"widget\" data-e-type=\"widget\" data-widget_type=\"image.default\">\n\t\t\t\t<div class=\"elementor-widget-container\">\n\t\t\t\t\t\t\t\t\t\t\t\t\t\t\t\t<a href=\"https:\/\/www.kunstloft.it\/1607-scultura-parete-metallo-iron-gadgets\/\">\n\t\t\t\t\t\t\t<img decoding=\"async\" src=\"https:\/\/www.kunstloft.de\/wordpress\/de_DE\/de\/wp-content\/uploads\/2022\/06\/iron-gadgets.jpg\" title=\"\" alt=\"\" class=\"elementor-animation-grow\" loading=\"lazy\" \/>\t\t\t\t\t\t\t\t<\/a>\n\t\t\t\t\t\t\t\t\t\t\t\t\t\t\t<\/div>\n\t\t\t\t<\/div>\n\t\t\t\t<div class=\"elementor-element elementor-element-e981521 elementor-widget elementor-widget-text-editor\" data-id=\"e981521\" data-element_type=\"widget\" data-e-type=\"widget\" data-widget_type=\"text-editor.default\">\n\t\t\t\t<div class=\"elementor-widget-container\">\n\t\t\t\t\t\t\t\t\t<p style=\"text-align: center;\"><strong><a href=\"https:\/\/www.kunstloft.it\/1607-scultura-parete-metallo-iron-gadgets\/\">Scultura da parete in metallo<br \/>&#8216;Iron Gadgets&#8217;<\/a><\/strong><\/p>\t\t\t\t\t\t\t\t<\/div>\n\t\t\t\t<\/div>\n\t\t\t\t\t<\/div>\n\t\t<\/div>\n\t\t\t\t<div class=\"elementor-column elementor-col-33 elementor-top-column elementor-element elementor-element-ac03106\" data-id=\"ac03106\" data-element_type=\"column\" data-e-type=\"column\">\n\t\t\t<div class=\"elementor-widget-wrap elementor-element-populated\">\n\t\t\t\t\t\t<div class=\"elementor-element elementor-element-f8cf2af elementor-widget elementor-widget-image\" data-id=\"f8cf2af\" data-element_type=\"widget\" data-e-type=\"widget\" data-widget_type=\"image.default\">\n\t\t\t\t<div class=\"elementor-widget-container\">\n\t\t\t\t\t\t\t\t\t\t\t\t\t\t\t\t<a href=\"https:\/\/www.kunstloft.it\/3442-dipinto-acrilico-eventful-day\/\">\n\t\t\t\t\t\t\t<img decoding=\"async\" src=\"https:\/\/www.kunstloft.de\/wordpress\/de_DE\/de\/wp-content\/uploads\/2022\/06\/eventful-day.jpg\" title=\"\" alt=\"\" class=\"elementor-animation-grow\" loading=\"lazy\" \/>\t\t\t\t\t\t\t\t<\/a>\n\t\t\t\t\t\t\t\t\t\t\t\t\t\t\t<\/div>\n\t\t\t\t<\/div>\n\t\t\t\t<div class=\"elementor-element elementor-element-f09783e elementor-widget elementor-widget-text-editor\" data-id=\"f09783e\" data-element_type=\"widget\" data-e-type=\"widget\" data-widget_type=\"text-editor.default\">\n\t\t\t\t<div class=\"elementor-widget-container\">\n\t\t\t\t\t\t\t\t\t<p style=\"text-align: center;\"><a href=\"https:\/\/www.kunstloft.it\/3442-dipinto-acrilico-eventful-day\/\"><b>Quadro dipinto a mano<br \/>&#8216;Eventful Day&#8217;<\/b><\/a><\/p>\t\t\t\t\t\t\t\t<\/div>\n\t\t\t\t<\/div>\n\t\t\t\t\t<\/div>\n\t\t<\/div>\n\t\t\t\t<div class=\"elementor-column elementor-col-33 elementor-top-column elementor-element elementor-element-862d23e\" data-id=\"862d23e\" data-element_type=\"column\" data-e-type=\"column\">\n\t\t\t<div class=\"elementor-widget-wrap elementor-element-populated\">\n\t\t\t\t\t\t<div class=\"elementor-element elementor-element-e1f029c elementor-widget elementor-widget-image\" data-id=\"e1f029c\" data-element_type=\"widget\" data-e-type=\"widget\" data-widget_type=\"image.default\">\n\t\t\t\t<div class=\"elementor-widget-container\">\n\t\t\t\t\t\t\t\t\t\t\t\t\t\t\t\t<a href=\"https:\/\/www.kunstloft.it\/6473-orologio-da-parete-design-the-earnest\/\">\n\t\t\t\t\t\t\t<img decoding=\"async\" src=\"https:\/\/www.kunstloft.de\/wordpress\/de_DE\/de\/wp-content\/uploads\/2022\/06\/the-earnest.jpg\" title=\"\" alt=\"\" class=\"elementor-animation-grow\" loading=\"lazy\" \/>\t\t\t\t\t\t\t\t<\/a>\n\t\t\t\t\t\t\t\t\t\t\t\t\t\t\t<\/div>\n\t\t\t\t<\/div>\n\t\t\t\t<div class=\"elementor-element elementor-element-7f9c4a2 elementor-widget elementor-widget-text-editor\" data-id=\"7f9c4a2\" data-element_type=\"widget\" data-e-type=\"widget\" data-widget_type=\"text-editor.default\">\n\t\t\t\t<div class=\"elementor-widget-container\">\n\t\t\t\t\t\t\t\t\t<p style=\"text-align: center;\"><a href=\"https:\/\/www.kunstloft.it\/6473-orologio-da-parete-design-the-earnest\/\"><b>Orologio da parete di design<br \/>&#8216;THE EARNEST&#8217;<\/b><\/a><\/p>\t\t\t\t\t\t\t\t<\/div>\n\t\t\t\t<\/div>\n\t\t\t\t\t<\/div>\n\t\t<\/div>\n\t\t\t\t\t<\/div>\n\t\t<\/section>\n\t\t\t\t<section class=\"elementor-section elementor-top-section elementor-element elementor-element-b5620a2 elementor-section-boxed elementor-section-height-default elementor-section-height-default\" data-id=\"b5620a2\" data-element_type=\"section\" data-e-type=\"section\">\n\t\t\t\t\t\t<div class=\"elementor-container elementor-column-gap-default\">\n\t\t\t\t\t<div class=\"elementor-column elementor-col-100 elementor-top-column elementor-element elementor-element-254ebe2\" data-id=\"254ebe2\" data-element_type=\"column\" data-e-type=\"column\">\n\t\t\t<div class=\"elementor-widget-wrap elementor-element-populated\">\n\t\t\t\t\t\t<div class=\"elementor-element elementor-element-16b250e elementor-widget elementor-widget-text-editor\" data-id=\"16b250e\" data-element_type=\"widget\" data-e-type=\"widget\" data-widget_type=\"text-editor.default\">\n\t\t\t\t<div class=\"elementor-widget-container\">\n\t\t\t\t\t\t\t\t\t<h3>Il bianco<\/h3>\n<p>Il bianco offre anche il vantaggio di combinarsi bene con un colore brillante e di creare un&#8217;atmosfera di base pulita e ordinata. Tuttavia, se possibile, \u00e8 consigliabile scegliere colori bianchi colorati, poich\u00e9 il bianco brillante \u00e8 leggermente sgargiante e riflettente. I colori bianco sporco conferiscono all&#8217;ambiente un&#8217;atmosfera morbida e accogliente.<\/p>\t\t\t\t\t\t\t\t<\/div>\n\t\t\t\t<\/div>\n\t\t\t\t\t<\/div>\n\t\t<\/div>\n\t\t\t\t\t<\/div>\n\t\t<\/section>\n\t\t\t\t<section class=\"elementor-section elementor-top-section elementor-element elementor-element-790ffdc elementor-section-boxed elementor-section-height-default elementor-section-height-default\" data-id=\"790ffdc\" data-element_type=\"section\" data-e-type=\"section\">\n\t\t\t\t\t\t<div class=\"elementor-container elementor-column-gap-default\">\n\t\t\t\t\t<div class=\"elementor-column elementor-col-100 elementor-top-column elementor-element elementor-element-f0cab97\" data-id=\"f0cab97\" data-element_type=\"column\" data-e-type=\"column\">\n\t\t\t<div class=\"elementor-widget-wrap elementor-element-populated\">\n\t\t\t\t\t\t<div class=\"elementor-element elementor-element-58227f8 elementor-align-center elementor-widget elementor-widget-button\" data-id=\"58227f8\" data-element_type=\"widget\" data-e-type=\"widget\" data-widget_type=\"button.default\">\n\t\t\t\t<div class=\"elementor-widget-container\">\n\t\t\t\t\t\t\t\t\t<div class=\"elementor-button-wrapper\">\n\t\t\t\t\t<a class=\"elementor-button elementor-button-link elementor-size-md\" href=\"https:\/\/www.kunstloft.it\/bianco\/\">\n\t\t\t\t\t\t<span class=\"elementor-button-content-wrapper\">\n\t\t\t\t\t\t\t\t\t<span class=\"elementor-button-text\">Altre opere d'arte e oggetti decorativi con il colore di base bianco &gt;<\/span>\n\t\t\t\t\t<\/span>\n\t\t\t\t\t<\/a>\n\t\t\t\t<\/div>\n\t\t\t\t\t\t\t\t<\/div>\n\t\t\t\t<\/div>\n\t\t\t\t\t<\/div>\n\t\t<\/div>\n\t\t\t\t\t<\/div>\n\t\t<\/section>\n\t\t\t\t<section class=\"elementor-section elementor-top-section elementor-element elementor-element-b6f12dc elementor-section-boxed elementor-section-height-default elementor-section-height-default\" data-id=\"b6f12dc\" data-element_type=\"section\" data-e-type=\"section\">\n\t\t\t\t\t\t<div class=\"elementor-container elementor-column-gap-default\">\n\t\t\t\t\t<div class=\"elementor-column elementor-col-100 elementor-top-column elementor-element elementor-element-4a87ff3\" data-id=\"4a87ff3\" data-element_type=\"column\" data-e-type=\"column\">\n\t\t\t<div class=\"elementor-widget-wrap elementor-element-populated\">\n\t\t\t\t\t\t<div class=\"elementor-element elementor-element-017c440 elementor-widget elementor-widget-text-editor\" data-id=\"017c440\" data-element_type=\"widget\" data-e-type=\"widget\" data-widget_type=\"text-editor.default\">\n\t\t\t\t<div class=\"elementor-widget-container\">\n\t\t\t\t\t\t\t\t\t<h3>Rosso<\/h3>\n<p>I fan del rosso si entusiasmano per l&#8217;effetto attivante e rinvigorente di questo colore di segnalazione. Tuttavia, molte persone percepiscono il rosso come allarmante o addirittura aggressivo. Pertanto, utilizzate il rosso con parsimonia e in modo selettivo o combinatelo con un altro colore. In questo modo si attenua il contrasto e si ottiene un&#8217;immagine cromatica coerente.<\/p>\t\t\t\t\t\t\t\t<\/div>\n\t\t\t\t<\/div>\n\t\t\t\t\t<\/div>\n\t\t<\/div>\n\t\t\t\t\t<\/div>\n\t\t<\/section>\n\t\t\t\t<section class=\"elementor-section elementor-top-section elementor-element elementor-element-4814f66 elementor-section-boxed elementor-section-height-default elementor-section-height-default\" data-id=\"4814f66\" data-element_type=\"section\" data-e-type=\"section\">\n\t\t\t\t\t\t<div class=\"elementor-container elementor-column-gap-default\">\n\t\t\t\t\t<div class=\"elementor-column elementor-col-100 elementor-top-column elementor-element elementor-element-1453c8e\" data-id=\"1453c8e\" data-element_type=\"column\" data-e-type=\"column\">\n\t\t\t<div class=\"elementor-widget-wrap elementor-element-populated\">\n\t\t\t\t\t\t<div class=\"elementor-element elementor-element-23e0356 elementor-align-center elementor-widget elementor-widget-button\" data-id=\"23e0356\" data-element_type=\"widget\" data-e-type=\"widget\" data-widget_type=\"button.default\">\n\t\t\t\t<div class=\"elementor-widget-container\">\n\t\t\t\t\t\t\t\t\t<div class=\"elementor-button-wrapper\">\n\t\t\t\t\t<a class=\"elementor-button elementor-button-link elementor-size-sm\" href=\"https:\/\/www.kunstloft.it\/rosso\/\">\n\t\t\t\t\t\t<span class=\"elementor-button-content-wrapper\">\n\t\t\t\t\t\t\t\t\t<span class=\"elementor-button-text\">Scoprite i dipinti e le decorazioni con il colore rosso &gt;<\/span>\n\t\t\t\t\t<\/span>\n\t\t\t\t\t<\/a>\n\t\t\t\t<\/div>\n\t\t\t\t\t\t\t\t<\/div>\n\t\t\t\t<\/div>\n\t\t\t\t\t<\/div>\n\t\t<\/div>\n\t\t\t\t\t<\/div>\n\t\t<\/section>\n\t\t\t\t<section class=\"elementor-section elementor-top-section elementor-element elementor-element-fd87ae5 elementor-section-boxed elementor-section-height-default elementor-section-height-default\" data-id=\"fd87ae5\" data-element_type=\"section\" data-e-type=\"section\">\n\t\t\t\t\t\t<div class=\"elementor-container elementor-column-gap-default\">\n\t\t\t\t\t<div class=\"elementor-column elementor-col-100 elementor-top-column elementor-element elementor-element-779f0c4\" data-id=\"779f0c4\" data-element_type=\"column\" data-e-type=\"column\">\n\t\t\t<div class=\"elementor-widget-wrap elementor-element-populated\">\n\t\t\t\t\t\t<div class=\"elementor-element elementor-element-a3cb527 elementor-widget elementor-widget-text-editor\" data-id=\"a3cb527\" data-element_type=\"widget\" data-e-type=\"widget\" data-widget_type=\"text-editor.default\">\n\t\t\t\t<div class=\"elementor-widget-container\">\n\t\t\t\t\t\t\t\t\t<h3>Arancione e giallo<\/h3>\n<p>Il giallo e l&#8217;arancione sono colori audaci e ottimisti che incoraggiano la creativit\u00e0 e l&#8217;attenzione in ufficio. Naturalmente anche qui c&#8217;\u00e8 uno spettro che va dall&#8217;albicocca tenue al giallo esotico brillante, fino ai toni di cannella.<\/p>\t\t\t\t\t\t\t\t<\/div>\n\t\t\t\t<\/div>\n\t\t\t\t\t<\/div>\n\t\t<\/div>\n\t\t\t\t\t<\/div>\n\t\t<\/section>\n\t\t\t\t<section class=\"elementor-section elementor-top-section elementor-element elementor-element-ae23028 elementor-section-boxed elementor-section-height-default elementor-section-height-default\" data-id=\"ae23028\" data-element_type=\"section\" data-e-type=\"section\">\n\t\t\t\t\t\t<div class=\"elementor-container elementor-column-gap-default\">\n\t\t\t\t\t<div class=\"elementor-column elementor-col-50 elementor-top-column elementor-element elementor-element-88a1ebb\" data-id=\"88a1ebb\" data-element_type=\"column\" data-e-type=\"column\">\n\t\t\t<div class=\"elementor-widget-wrap elementor-element-populated\">\n\t\t\t\t\t\t<div class=\"elementor-element elementor-element-25a82ea elementor-align-center elementor-widget elementor-widget-button\" data-id=\"25a82ea\" data-element_type=\"widget\" data-e-type=\"widget\" data-widget_type=\"button.default\">\n\t\t\t\t<div class=\"elementor-widget-container\">\n\t\t\t\t\t\t\t\t\t<div class=\"elementor-button-wrapper\">\n\t\t\t\t\t<a class=\"elementor-button elementor-button-link elementor-size-sm\" href=\"https:\/\/www.kunstloft.it\/giallo\/\">\n\t\t\t\t\t\t<span class=\"elementor-button-content-wrapper\">\n\t\t\t\t\t\t\t\t\t<span class=\"elementor-button-text\">Scoprite subito quadri e decorazioni in giallo &gt;<\/span>\n\t\t\t\t\t<\/span>\n\t\t\t\t\t<\/a>\n\t\t\t\t<\/div>\n\t\t\t\t\t\t\t\t<\/div>\n\t\t\t\t<\/div>\n\t\t\t\t\t<\/div>\n\t\t<\/div>\n\t\t\t\t<div class=\"elementor-column elementor-col-50 elementor-top-column elementor-element elementor-element-67004a8\" data-id=\"67004a8\" data-element_type=\"column\" data-e-type=\"column\">\n\t\t\t<div class=\"elementor-widget-wrap elementor-element-populated\">\n\t\t\t\t\t\t<div class=\"elementor-element elementor-element-f6a091b elementor-align-center elementor-widget elementor-widget-button\" data-id=\"f6a091b\" data-element_type=\"widget\" data-e-type=\"widget\" data-widget_type=\"button.default\">\n\t\t\t\t<div class=\"elementor-widget-container\">\n\t\t\t\t\t\t\t\t\t<div class=\"elementor-button-wrapper\">\n\t\t\t\t\t<a class=\"elementor-button elementor-button-link elementor-size-sm\" href=\"https:\/\/www.kunstloft.it\/arancione\/\">\n\t\t\t\t\t\t<span class=\"elementor-button-content-wrapper\">\n\t\t\t\t\t\t\t\t\t<span class=\"elementor-button-text\">Scoprite subito quadri e decorazioni in arancione &gt;<\/span>\n\t\t\t\t\t<\/span>\n\t\t\t\t\t<\/a>\n\t\t\t\t<\/div>\n\t\t\t\t\t\t\t\t<\/div>\n\t\t\t\t<\/div>\n\t\t\t\t\t<\/div>\n\t\t<\/div>\n\t\t\t\t\t<\/div>\n\t\t<\/section>\n\t\t\t\t<section class=\"elementor-section elementor-top-section elementor-element elementor-element-8b38225 elementor-section-boxed elementor-section-height-default elementor-section-height-default\" data-id=\"8b38225\" data-element_type=\"section\" data-e-type=\"section\">\n\t\t\t\t\t\t<div class=\"elementor-container elementor-column-gap-default\">\n\t\t\t\t\t<div class=\"elementor-column elementor-col-100 elementor-top-column elementor-element elementor-element-5930e57\" data-id=\"5930e57\" data-element_type=\"column\" data-e-type=\"column\">\n\t\t\t<div class=\"elementor-widget-wrap elementor-element-populated\">\n\t\t\t\t\t\t<div class=\"elementor-element elementor-element-38ff14b elementor-widget elementor-widget-text-editor\" data-id=\"38ff14b\" data-element_type=\"widget\" data-e-type=\"widget\" data-widget_type=\"text-editor.default\">\n\t\t\t\t<div class=\"elementor-widget-container\">\n\t\t\t\t\t\t\t\t\t<h3>Il verde<\/h3>\n<p>Le tonalit\u00e0 verdi portano in ufficio l&#8217;effetto calmante della natura. Il fresco verde menta, il ricco verde abete o il serio verde grigio creano un&#8217;atmosfera rilassata in cui \u00e8 facile lavorare.<\/p>\t\t\t\t\t\t\t\t<\/div>\n\t\t\t\t<\/div>\n\t\t\t\t\t<\/div>\n\t\t<\/div>\n\t\t\t\t\t<\/div>\n\t\t<\/section>\n\t\t\t\t<section class=\"elementor-section elementor-top-section elementor-element elementor-element-7e67c84 elementor-section-boxed elementor-section-height-default elementor-section-height-default\" data-id=\"7e67c84\" data-element_type=\"section\" data-e-type=\"section\">\n\t\t\t\t\t\t<div class=\"elementor-container elementor-column-gap-default\">\n\t\t\t\t\t<div class=\"elementor-column elementor-col-100 elementor-top-column elementor-element elementor-element-35fc4ae\" data-id=\"35fc4ae\" data-element_type=\"column\" data-e-type=\"column\">\n\t\t\t<div class=\"elementor-widget-wrap elementor-element-populated\">\n\t\t\t\t\t\t<div class=\"elementor-element elementor-element-adb93c2 elementor-widget elementor-widget-image\" data-id=\"adb93c2\" data-element_type=\"widget\" data-e-type=\"widget\" data-widget_type=\"image.default\">\n\t\t\t\t<div class=\"elementor-widget-container\">\n\t\t\t\t\t\t\t\t\t\t\t\t\t\t\t\t<a href=\"https:\/\/www.kunstloft.it\/2850-dipinto-acrilico-wildlife\/\">\n\t\t\t\t\t\t\t<img decoding=\"async\" src=\"https:\/\/www.kunstloft.de\/wordpress\/de_DE\/de\/wp-content\/uploads\/2022\/06\/buero-dekorieren-frisches-gruen.jpg\" title=\"\" alt=\"Bild mit Dschungelmotiv in beruhigendem Gr\u00fcn\" class=\"elementor-animation-grow\" loading=\"lazy\" \/>\t\t\t\t\t\t\t\t<\/a>\n\t\t\t\t\t\t\t\t\t\t\t\t\t\t\t<\/div>\n\t\t\t\t<\/div>\n\t\t\t\t<div class=\"elementor-element elementor-element-bad221c elementor-widget elementor-widget-text-editor\" data-id=\"bad221c\" data-element_type=\"widget\" data-e-type=\"widget\" data-widget_type=\"text-editor.default\">\n\t\t\t\t<div class=\"elementor-widget-container\">\n\t\t\t\t\t\t\t\t\t<p style=\"text-align: center;\"><a href=\"https:\/\/www.kunstloft.it\/2850-dipinto-acrilico-wildlife\/\"><b>Quadro dipinto a mano<br \/>&#8216;Wildlife&#8217;<\/b><\/a><\/p>\t\t\t\t\t\t\t\t<\/div>\n\t\t\t\t<\/div>\n\t\t\t\t\t<\/div>\n\t\t<\/div>\n\t\t\t\t\t<\/div>\n\t\t<\/section>\n\t\t\t\t<section class=\"elementor-section elementor-top-section elementor-element elementor-element-3aa46d1 elementor-section-boxed elementor-section-height-default elementor-section-height-default\" data-id=\"3aa46d1\" data-element_type=\"section\" data-e-type=\"section\">\n\t\t\t\t\t\t<div class=\"elementor-container elementor-column-gap-default\">\n\t\t\t\t\t<div class=\"elementor-column elementor-col-100 elementor-top-column elementor-element elementor-element-2aca291\" data-id=\"2aca291\" data-element_type=\"column\" data-e-type=\"column\">\n\t\t\t<div class=\"elementor-widget-wrap elementor-element-populated\">\n\t\t\t\t\t\t<div class=\"elementor-element elementor-element-cde1719 elementor-align-center elementor-widget elementor-widget-button\" data-id=\"cde1719\" data-element_type=\"widget\" data-e-type=\"widget\" data-widget_type=\"button.default\">\n\t\t\t\t<div class=\"elementor-widget-container\">\n\t\t\t\t\t\t\t\t\t<div class=\"elementor-button-wrapper\">\n\t\t\t\t\t<a class=\"elementor-button elementor-button-link elementor-size-sm\" href=\"https:\/\/www.kunstloft.it\/verde\/\">\n\t\t\t\t\t\t<span class=\"elementor-button-content-wrapper\">\n\t\t\t\t\t\t\t\t\t<span class=\"elementor-button-text\">Altre decorazioni e immagini in verde &gt;<\/span>\n\t\t\t\t\t<\/span>\n\t\t\t\t\t<\/a>\n\t\t\t\t<\/div>\n\t\t\t\t\t\t\t\t<\/div>\n\t\t\t\t<\/div>\n\t\t\t\t\t<\/div>\n\t\t<\/div>\n\t\t\t\t\t<\/div>\n\t\t<\/section>\n\t\t\t\t<section class=\"elementor-section elementor-top-section elementor-element elementor-element-7df65ab elementor-section-boxed elementor-section-height-default elementor-section-height-default\" data-id=\"7df65ab\" data-element_type=\"section\" data-e-type=\"section\">\n\t\t\t\t\t\t<div class=\"elementor-container elementor-column-gap-default\">\n\t\t\t\t\t<div class=\"elementor-column elementor-col-100 elementor-top-column elementor-element elementor-element-d71b850\" data-id=\"d71b850\" data-element_type=\"column\" data-e-type=\"column\">\n\t\t\t<div class=\"elementor-widget-wrap elementor-element-populated\">\n\t\t\t\t\t\t<div class=\"elementor-element elementor-element-b13e0f1 elementor-widget elementor-widget-text-editor\" data-id=\"b13e0f1\" data-element_type=\"widget\" data-e-type=\"widget\" data-widget_type=\"text-editor.default\">\n\t\t\t\t<div class=\"elementor-widget-container\">\n\t\t\t\t\t\t\t\t\t<h3>Il blu<\/h3>\n<p>Il blu \u00e8 spesso considerato un colore freddo o distante, ma il suo effetto positivo \u00e8 dimenticato. I toni del blu creano uno stato d&#8217;animo concentrato e professionale che garantisce pensieri chiari e azioni sicure di s\u00e9, soprattutto sul posto di lavoro.<\/p>\t\t\t\t\t\t\t\t<\/div>\n\t\t\t\t<\/div>\n\t\t\t\t\t<\/div>\n\t\t<\/div>\n\t\t\t\t\t<\/div>\n\t\t<\/section>\n\t\t\t\t<section class=\"elementor-section elementor-top-section elementor-element elementor-element-b70ce39 elementor-section-boxed elementor-section-height-default elementor-section-height-default\" data-id=\"b70ce39\" data-element_type=\"section\" data-e-type=\"section\">\n\t\t\t\t\t\t<div class=\"elementor-container elementor-column-gap-default\">\n\t\t\t\t\t<div class=\"elementor-column elementor-col-100 elementor-top-column elementor-element elementor-element-524e225\" data-id=\"524e225\" data-element_type=\"column\" data-e-type=\"column\">\n\t\t\t<div class=\"elementor-widget-wrap elementor-element-populated\">\n\t\t\t\t\t\t<div class=\"elementor-element elementor-element-290421c elementor-align-center elementor-widget elementor-widget-button\" data-id=\"290421c\" data-element_type=\"widget\" data-e-type=\"widget\" data-widget_type=\"button.default\">\n\t\t\t\t<div class=\"elementor-widget-container\">\n\t\t\t\t\t\t\t\t\t<div class=\"elementor-button-wrapper\">\n\t\t\t\t\t<a class=\"elementor-button elementor-button-link elementor-size-sm\" href=\"https:\/\/www.kunstloft.it\/blu\/\">\n\t\t\t\t\t\t<span class=\"elementor-button-content-wrapper\">\n\t\t\t\t\t\t\t\t\t<span class=\"elementor-button-text\">Scoprire immagini e decorazioni in blu &gt;<\/span>\n\t\t\t\t\t<\/span>\n\t\t\t\t\t<\/a>\n\t\t\t\t<\/div>\n\t\t\t\t\t\t\t\t<\/div>\n\t\t\t\t<\/div>\n\t\t\t\t\t<\/div>\n\t\t<\/div>\n\t\t\t\t\t<\/div>\n\t\t<\/section>\n\t\t\t\t<section class=\"elementor-section elementor-top-section elementor-element elementor-element-9073dda elementor-section-boxed elementor-section-height-default elementor-section-height-default\" data-id=\"9073dda\" data-element_type=\"section\" data-e-type=\"section\">\n\t\t\t\t\t\t<div class=\"elementor-container elementor-column-gap-default\">\n\t\t\t\t\t<div class=\"elementor-column elementor-col-100 elementor-top-column elementor-element elementor-element-da288b2\" data-id=\"da288b2\" data-element_type=\"column\" data-e-type=\"column\">\n\t\t\t<div class=\"elementor-widget-wrap elementor-element-populated\">\n\t\t\t\t\t\t<div class=\"elementor-element elementor-element-6db878a elementor-widget elementor-widget-heading\" data-id=\"6db878a\" data-element_type=\"widget\" data-e-type=\"widget\" id=\"fazit-farben\" data-widget_type=\"heading.default\">\n\t\t\t\t<div class=\"elementor-widget-container\">\n\t\t\t\t\t<h2 class=\"elementor-heading-title elementor-size-default\">Conclusione: Creare atmosfera con i colori<\/h2>\t\t\t\t<\/div>\n\t\t\t\t<\/div>\n\t\t\t\t\t<\/div>\n\t\t<\/div>\n\t\t\t\t\t<\/div>\n\t\t<\/section>\n\t\t\t\t<section class=\"elementor-section elementor-top-section elementor-element elementor-element-8fd575a elementor-section-boxed elementor-section-height-default elementor-section-height-default\" data-id=\"8fd575a\" data-element_type=\"section\" data-e-type=\"section\">\n\t\t\t\t\t\t<div class=\"elementor-container elementor-column-gap-default\">\n\t\t\t\t\t<div class=\"elementor-column elementor-col-100 elementor-top-column elementor-element elementor-element-1db4aff\" data-id=\"1db4aff\" data-element_type=\"column\" data-e-type=\"column\">\n\t\t\t<div class=\"elementor-widget-wrap elementor-element-populated\">\n\t\t\t\t\t\t<div class=\"elementor-element elementor-element-ef6fa08 elementor-widget elementor-widget-text-editor\" data-id=\"ef6fa08\" data-element_type=\"widget\" data-e-type=\"widget\" data-widget_type=\"text-editor.default\">\n\t\t\t\t<div class=\"elementor-widget-container\">\n\t\t\t\t\t\t\t\t\t<p>Che si tratti di un ufficio domestico o di un ufficio condiviso, la combinazione di colori sostiene l&#8217;effetto di una stanza e contribuisce in modo significativo all&#8217;atmosfera che si crea nell&#8217;ufficio.Per trasmettere un&#8217;impressione di spazio e calore, \u00e8 bene iniziare con colori chiari e neutri. Poi si pu\u00f2 aggiungere carattere e vita con accenti di colori vivaci nel design delle pareti e nella scelta dei mobili. Evitate gli oggetti troppo scuri o i colori al neon. Sono facilmente distraibili e creano forti contrasti. Le tonalit\u00e0 morbide e terrose, invece, conferiscono calma alla stanza e creano un ambiente di lavoro piacevole.<\/p>\t\t\t\t\t\t\t\t<\/div>\n\t\t\t\t<\/div>\n\t\t\t\t\t<\/div>\n\t\t<\/div>\n\t\t\t\t\t<\/div>\n\t\t<\/section>\n\t\t\t\t<section class=\"elementor-section elementor-top-section elementor-element elementor-element-b8f3f41 elementor-section-boxed elementor-section-height-default elementor-section-height-default\" data-id=\"b8f3f41\" data-element_type=\"section\" data-e-type=\"section\">\n\t\t\t\t\t\t<div class=\"elementor-container elementor-column-gap-default\">\n\t\t\t\t\t<div class=\"elementor-column elementor-col-100 elementor-top-column elementor-element elementor-element-6ed1cc8\" data-id=\"6ed1cc8\" data-element_type=\"column\" data-e-type=\"column\">\n\t\t\t<div class=\"elementor-widget-wrap elementor-element-populated\">\n\t\t\t\t\t\t<div class=\"elementor-element elementor-element-f317c7d elementor-align-center elementor-widget elementor-widget-button\" data-id=\"f317c7d\" data-element_type=\"widget\" data-e-type=\"widget\" data-widget_type=\"button.default\">\n\t\t\t\t<div class=\"elementor-widget-container\">\n\t\t\t\t\t\t\t\t\t<div class=\"elementor-button-wrapper\">\n\t\t\t\t\t<a class=\"elementor-button elementor-button-link elementor-size-sm\" href=\"https:\/\/www.kunstloft.it\/colori\/\">\n\t\t\t\t\t\t<span class=\"elementor-button-content-wrapper\">\n\t\t\t\t\t\t\t\t\t<span class=\"elementor-button-text\">Selezionare le opere d'arte nel colore corrispondente &gt;&gt;<\/span>\n\t\t\t\t\t<\/span>\n\t\t\t\t\t<\/a>\n\t\t\t\t<\/div>\n\t\t\t\t\t\t\t\t<\/div>\n\t\t\t\t<\/div>\n\t\t\t\t\t<\/div>\n\t\t<\/div>\n\t\t\t\t\t<\/div>\n\t\t<\/section>\n\t\t\t\t<section class=\"elementor-section elementor-top-section elementor-element elementor-element-4935342 elementor-section-boxed elementor-section-height-default elementor-section-height-default\" data-id=\"4935342\" data-element_type=\"section\" data-e-type=\"section\">\n\t\t\t\t\t\t<div class=\"elementor-container elementor-column-gap-default\">\n\t\t\t\t\t<div class=\"elementor-column elementor-col-100 elementor-top-column elementor-element elementor-element-ffcf646\" data-id=\"ffcf646\" data-element_type=\"column\" data-e-type=\"column\">\n\t\t\t<div class=\"elementor-widget-wrap elementor-element-populated\">\n\t\t\t\t\t\t<div class=\"elementor-element elementor-element-82b7026 elementor-widget elementor-widget-heading\" data-id=\"82b7026\" data-element_type=\"widget\" data-e-type=\"widget\" id=\"bilder-buero\" data-widget_type=\"heading.default\">\n\t\t\t\t<div class=\"elementor-widget-container\">\n\t\t\t\t\t<h2 class=\"elementor-heading-title elementor-size-default\">Pictures for office furnishing<\/h2>\t\t\t\t<\/div>\n\t\t\t\t<\/div>\n\t\t\t\t\t<\/div>\n\t\t<\/div>\n\t\t\t\t\t<\/div>\n\t\t<\/section>\n\t\t\t\t<section class=\"elementor-section elementor-top-section elementor-element elementor-element-6b59461 elementor-section-boxed elementor-section-height-default elementor-section-height-default\" data-id=\"6b59461\" data-element_type=\"section\" data-e-type=\"section\">\n\t\t\t\t\t\t<div class=\"elementor-container elementor-column-gap-default\">\n\t\t\t\t\t<div class=\"elementor-column elementor-col-100 elementor-top-column elementor-element elementor-element-b2d1eab\" data-id=\"b2d1eab\" data-element_type=\"column\" data-e-type=\"column\">\n\t\t\t<div class=\"elementor-widget-wrap elementor-element-populated\">\n\t\t\t\t\t\t<div class=\"elementor-element elementor-element-9b454ef elementor-widget elementor-widget-text-editor\" data-id=\"9b454ef\" data-element_type=\"widget\" data-e-type=\"widget\" data-widget_type=\"text-editor.default\">\n\t\t\t\t<div class=\"elementor-widget-container\">\n\t\t\t\t\t\t\t\t\t<p>Pareti bianche e spoglie? No, grazie! Quando si arreda l&#8217;ufficio, non possono mancare i quadri. Ma quali sono i motivi adatti all&#8217;ufficio e quali si adattano all&#8217;azienda? Abbiamo suggerimenti pratici su come decorare le pareti del vostro ufficio in modo che dipendenti e clienti si sentano a proprio agio.<\/p>\n<h3>Immagini di paesaggi e motivi naturalistici come decorazioni murali in ufficio<\/h3>\n<p>Le <a href=\"https:\/\/www.kunstloft.it\/paesaggi\/\">immagini di paesaggi<\/a> non hanno un effetto calmante solo nelle vostre quattro pareti. Anche montagne, alberi e fiori offrono una vista piacevole in ufficio.<\/p>\t\t\t\t\t\t\t\t<\/div>\n\t\t\t\t<\/div>\n\t\t\t\t\t<\/div>\n\t\t<\/div>\n\t\t\t\t\t<\/div>\n\t\t<\/section>\n\t\t\t\t<section class=\"elementor-section elementor-top-section elementor-element elementor-element-05d0999 elementor-section-boxed elementor-section-height-default elementor-section-height-default\" data-id=\"05d0999\" data-element_type=\"section\" data-e-type=\"section\">\n\t\t\t\t\t\t<div class=\"elementor-container elementor-column-gap-default\">\n\t\t\t\t\t<div class=\"elementor-column elementor-col-50 elementor-top-column elementor-element elementor-element-4ac9e5a\" data-id=\"4ac9e5a\" data-element_type=\"column\" data-e-type=\"column\">\n\t\t\t<div class=\"elementor-widget-wrap elementor-element-populated\">\n\t\t\t\t\t\t<div class=\"elementor-element elementor-element-d307f5e elementor-widget elementor-widget-image\" data-id=\"d307f5e\" data-element_type=\"widget\" data-e-type=\"widget\" data-widget_type=\"image.default\">\n\t\t\t\t<div class=\"elementor-widget-container\">\n\t\t\t\t\t\t\t\t\t\t\t\t\t\t\t\t<a href=\"https:\/\/www.kunstloft.it\/1495-dipinto-acrilico-jardin-de-playa\/\">\n\t\t\t\t\t\t\t<img decoding=\"async\" src=\"https:\/\/www.kunstloft.de\/wordpress\/de_DE\/de\/wp-content\/uploads\/2022\/07\/kl01215-strand-blumen-meer-natur-modern-acryl-gemaelde-oel-bild-01.jpg\" title=\"\" alt=\"Acryl Gem\u00e4lde &#039;Jardin de Playa&#039; Landschaft\" class=\"elementor-animation-grow\" loading=\"lazy\" \/>\t\t\t\t\t\t\t\t<\/a>\n\t\t\t\t\t\t\t\t\t\t\t\t\t\t\t<\/div>\n\t\t\t\t<\/div>\n\t\t\t\t<div class=\"elementor-element elementor-element-b951aa9 elementor-widget elementor-widget-text-editor\" data-id=\"b951aa9\" data-element_type=\"widget\" data-e-type=\"widget\" data-widget_type=\"text-editor.default\">\n\t\t\t\t<div class=\"elementor-widget-container\">\n\t\t\t\t\t\t\t\t\t<p style=\"text-align: center;\"><a href=\"https:\/\/www.kunstloft.it\/1495-dipinto-acrilico-jardin-de-playa\/\"><b>Quadro dipinto a mano<br \/>&#8216;Jardin de playa&#8217;<\/b><\/a><\/p>\t\t\t\t\t\t\t\t<\/div>\n\t\t\t\t<\/div>\n\t\t\t\t\t<\/div>\n\t\t<\/div>\n\t\t\t\t<div class=\"elementor-column elementor-col-50 elementor-top-column elementor-element elementor-element-8bf8698\" data-id=\"8bf8698\" data-element_type=\"column\" data-e-type=\"column\">\n\t\t\t<div class=\"elementor-widget-wrap elementor-element-populated\">\n\t\t\t\t\t\t<div class=\"elementor-element elementor-element-5d85d3a elementor-widget elementor-widget-image\" data-id=\"5d85d3a\" data-element_type=\"widget\" data-e-type=\"widget\" data-widget_type=\"image.default\">\n\t\t\t\t<div class=\"elementor-widget-container\">\n\t\t\t\t\t\t\t\t\t\t\t\t\t\t\t\t<a href=\"https:\/\/www.kunstloft.it\/7191-dipinto-olio-smooth-dawn\/\">\n\t\t\t\t\t\t\t<img decoding=\"async\" src=\"https:\/\/www.kunstloft.de\/wordpress\/de_DE\/de\/wp-content\/uploads\/2022\/07\/kl05777-wald-baeume-grau-blau-oel-gemaelde-oel-bilder-handgemalte-unikate-moderne-kunst-0001-11.jpg\" title=\"\" alt=\"\u00d6l Gem\u00e4lde &#039;Sanftes Morgengrauen&#039; Berge Landschaft\" class=\"elementor-animation-grow\" loading=\"lazy\" \/>\t\t\t\t\t\t\t\t<\/a>\n\t\t\t\t\t\t\t\t\t\t\t\t\t\t\t<\/div>\n\t\t\t\t<\/div>\n\t\t\t\t<div class=\"elementor-element elementor-element-b68077c elementor-widget elementor-widget-text-editor\" data-id=\"b68077c\" data-element_type=\"widget\" data-e-type=\"widget\" data-widget_type=\"text-editor.default\">\n\t\t\t\t<div class=\"elementor-widget-container\">\n\t\t\t\t\t\t\t\t\t<p style=\"text-align: center;\"><a href=\"https:\/\/www.kunstloft.it\/7191-dipinto-olio-smooth-dawn\/\"><b>XXL Dipinti a olio<br \/>&#8216;Smooth Dawn&#8217;<br \/>Esemplare unico dipinto a mano<\/b><\/a><\/p>\t\t\t\t\t\t\t\t<\/div>\n\t\t\t\t<\/div>\n\t\t\t\t\t<\/div>\n\t\t<\/div>\n\t\t\t\t\t<\/div>\n\t\t<\/section>\n\t\t\t\t<section class=\"elementor-section elementor-top-section elementor-element elementor-element-17e9e27 elementor-section-boxed elementor-section-height-default elementor-section-height-default\" data-id=\"17e9e27\" data-element_type=\"section\" data-e-type=\"section\">\n\t\t\t\t\t\t<div class=\"elementor-container elementor-column-gap-default\">\n\t\t\t\t\t<div class=\"elementor-column elementor-col-100 elementor-top-column elementor-element elementor-element-41ff5c1\" data-id=\"41ff5c1\" data-element_type=\"column\" data-e-type=\"column\">\n\t\t\t<div class=\"elementor-widget-wrap elementor-element-populated\">\n\t\t\t\t\t\t<div class=\"elementor-element elementor-element-a4714ae elementor-widget elementor-widget-text-editor\" data-id=\"a4714ae\" data-element_type=\"widget\" data-e-type=\"widget\" data-widget_type=\"text-editor.default\">\n\t\t\t\t<div class=\"elementor-widget-container\">\n\t\t\t\t\t\t\t\t\t<h3>Arte astratta<\/h3>\n<p>I <a href=\"https:\/\/www.kunstloft.it\/quadri-astratti\/\">murales astratti<\/a> offrono sempre nuove ispirazioni. Che siano colorati o in tinte tenui, hanno un effetto stimolante ma neutro. I <a href=\"https:\/\/www.kunstloft.it\/quadri-legno\/\">murales in legno<\/a> sono un&#8217;alternativa interessante. L&#8217;effetto 3D in combinazione con il materiale naturale attira l&#8217;attenzione.<\/p>\t\t\t\t\t\t\t\t<\/div>\n\t\t\t\t<\/div>\n\t\t\t\t\t<\/div>\n\t\t<\/div>\n\t\t\t\t\t<\/div>\n\t\t<\/section>\n\t\t\t\t<section class=\"elementor-section elementor-top-section elementor-element elementor-element-dadd0fd elementor-section-boxed elementor-section-height-default elementor-section-height-default\" data-id=\"dadd0fd\" data-element_type=\"section\" data-e-type=\"section\">\n\t\t\t\t\t\t<div class=\"elementor-container elementor-column-gap-default\">\n\t\t\t\t\t<div class=\"elementor-column elementor-col-50 elementor-top-column elementor-element elementor-element-f25baf1\" data-id=\"f25baf1\" data-element_type=\"column\" data-e-type=\"column\">\n\t\t\t<div class=\"elementor-widget-wrap elementor-element-populated\">\n\t\t\t\t\t\t<div class=\"elementor-element elementor-element-7322ca9 elementor-widget elementor-widget-image\" data-id=\"7322ca9\" data-element_type=\"widget\" data-e-type=\"widget\" data-widget_type=\"image.default\">\n\t\t\t\t<div class=\"elementor-widget-container\">\n\t\t\t\t\t\t\t\t\t\t\t\t\t\t\t\t<a href=\"https:\/\/www.kunstloft.it\/6001-quadro-legno-tantalizing-contrasts\/\">\n\t\t\t\t\t\t\t<img decoding=\"async\" src=\"https:\/\/www.kunstloft.de\/wordpress\/de_DE\/de\/wp-content\/uploads\/2022\/06\/buero-einrichten-bilder.jpg\" title=\"\" alt=\"Abstraktes Kunstwerk aus Metall und Holz\" class=\"elementor-animation-grow\" loading=\"lazy\" \/>\t\t\t\t\t\t\t\t<\/a>\n\t\t\t\t\t\t\t\t\t\t\t\t\t\t\t<\/div>\n\t\t\t\t<\/div>\n\t\t\t\t<div class=\"elementor-element elementor-element-974060d elementor-widget elementor-widget-text-editor\" data-id=\"974060d\" data-element_type=\"widget\" data-e-type=\"widget\" data-widget_type=\"text-editor.default\">\n\t\t\t\t<div class=\"elementor-widget-container\">\n\t\t\t\t\t\t\t\t\t<p style=\"text-align: center;\"><a href=\"https:\/\/www.kunstloft.it\/6001-quadro-legno-tantalizing-contrasts\/\"><b>Quadro in legno rilievo<br \/>&#8216;Tantalizing Contrasts&#8217;<\/b><\/a><\/p>\t\t\t\t\t\t\t\t<\/div>\n\t\t\t\t<\/div>\n\t\t\t\t\t<\/div>\n\t\t<\/div>\n\t\t\t\t<div class=\"elementor-column elementor-col-50 elementor-top-column elementor-element elementor-element-19afd06\" data-id=\"19afd06\" data-element_type=\"column\" data-e-type=\"column\">\n\t\t\t<div class=\"elementor-widget-wrap elementor-element-populated\">\n\t\t\t\t\t\t<div class=\"elementor-element elementor-element-c41dc47 elementor-widget elementor-widget-image\" data-id=\"c41dc47\" data-element_type=\"widget\" data-e-type=\"widget\" data-widget_type=\"image.default\">\n\t\t\t\t<div class=\"elementor-widget-container\">\n\t\t\t\t\t\t\t\t\t\t\t\t\t\t\t\t<a href=\"https:\/\/www.kunstloft.it\/1702-dipinto-acrilico-calma-prima-della-tempesta\/\">\n\t\t\t\t\t\t\t<img decoding=\"async\" src=\"https:\/\/www.kunstloft.de\/wordpress\/de_DE\/de\/wp-content\/uploads\/2022\/07\/kl01869-abstrakt-beige-modern-sand-modern-acryl-gemaelde-oel-bild-oelgemaelde-12Qy9WjcoQj3SxU.jpg\" title=\"\" alt=\"Acrylbild Ruhe vor dem Sturm handgemalt\" class=\"elementor-animation-grow\" loading=\"lazy\" \/>\t\t\t\t\t\t\t\t<\/a>\n\t\t\t\t\t\t\t\t\t\t\t\t\t\t\t<\/div>\n\t\t\t\t<\/div>\n\t\t\t\t<div class=\"elementor-element elementor-element-57ac883 elementor-widget elementor-widget-text-editor\" data-id=\"57ac883\" data-element_type=\"widget\" data-e-type=\"widget\" data-widget_type=\"text-editor.default\">\n\t\t\t\t<div class=\"elementor-widget-container\">\n\t\t\t\t\t\t\t\t\t<p style=\"text-align: center;\"><a href=\"https:\/\/www.kunstloft.it\/1702-dipinto-acrilico-calma-prima-della-tempesta\/\"><b>Quadro dipinto a mano<br \/>&#8216;Calma prima della tempesta&#8217;<\/b><\/a><\/p>\t\t\t\t\t\t\t\t<\/div>\n\t\t\t\t<\/div>\n\t\t\t\t\t<\/div>\n\t\t<\/div>\n\t\t\t\t\t<\/div>\n\t\t<\/section>\n\t\t\t\t<section class=\"elementor-section elementor-top-section elementor-element elementor-element-dc4ed7d elementor-section-boxed elementor-section-height-default elementor-section-height-default\" data-id=\"dc4ed7d\" data-element_type=\"section\" data-e-type=\"section\">\n\t\t\t\t\t\t<div class=\"elementor-container elementor-column-gap-default\">\n\t\t\t\t\t<div class=\"elementor-column elementor-col-100 elementor-top-column elementor-element elementor-element-4b26aca\" data-id=\"4b26aca\" data-element_type=\"column\" data-e-type=\"column\">\n\t\t\t<div class=\"elementor-widget-wrap elementor-element-populated\">\n\t\t\t\t\t\t<div class=\"elementor-element elementor-element-b8d9183 elementor-widget elementor-widget-text-editor\" data-id=\"b8d9183\" data-element_type=\"widget\" data-e-type=\"widget\" data-widget_type=\"text-editor.default\">\n\t\t\t\t<div class=\"elementor-widget-container\">\n\t\t\t\t\t\t\t\t\t<h3>Quadri multipli<\/h3>\n<p>Soprattutto nelle sale conferenze o negli uffici open space, \u00e8 opportuno appendere quadri multipli. L&#8217;unione visiva rende l&#8217;ambiente uniforme e non \u00e8 necessario coordinare pi\u00f9 quadri quando si progetta la parete.<\/p>\n<h3>Quadri per stile<\/h3>\n<p>I toni intermedi di un&#8217;opera d&#8217;arte risiedono nello stile. Sono quelli che devono abbinarsi al resto dell&#8217;arredamento dell&#8217;ufficio e dell&#8217;azienda. L&#8217;arte moderna e contemporanea si sposa bene con le linee pulite e la praticit\u00e0. Vi piacciono le cose colorate e provocatorie di tanto in tanto? Allora la <a href=\"https:\/\/www.kunstloft.it\/pop-art\/\">pop art<\/a> \u00e8 una buona scelta per il design delle vostre pareti. Su KunstLoft troverete quadri adatti in diversi stili: dallo stile <a href=\"https:\/\/www.kunstloft.it\/minimalista\/\">minimalista<\/a> a quello <a href=\"https:\/\/www.kunstloft.it\/stile-industriale\/\">industriale<\/a>, dal <a href=\"https:\/\/www.kunstloft.it\/stile-mediterraneo\/\">mediterraneo<\/a> al <a href=\"https:\/\/www.kunstloft.it\/vintage\/\">vintage<\/a>, la nostra gamma offre un&#8217;ampia scelta.<\/p>\n<h3>Un design alternativo per le pareti<\/h3>\n<p>Se non volete scegliere i quadri, potete anche cercare altri modi per rendere il vostro ufficio accogliente e invitante. Innanzitutto con i colori. Dipingete una parete in modo colorato o sperimentate con la carta da parati.<\/p>\t\t\t\t\t\t\t\t<\/div>\n\t\t\t\t<\/div>\n\t\t\t\t\t<\/div>\n\t\t<\/div>\n\t\t\t\t\t<\/div>\n\t\t<\/section>\n\t\t\t\t<section class=\"elementor-section elementor-top-section elementor-element elementor-element-69d8f33 elementor-section-boxed elementor-section-height-default elementor-section-height-default\" data-id=\"69d8f33\" data-element_type=\"section\" data-e-type=\"section\">\n\t\t\t\t\t\t<div class=\"elementor-container elementor-column-gap-default\">\n\t\t\t\t\t<div class=\"elementor-column elementor-col-100 elementor-top-column elementor-element elementor-element-3a321e7\" data-id=\"3a321e7\" data-element_type=\"column\" data-e-type=\"column\">\n\t\t\t<div class=\"elementor-widget-wrap elementor-element-populated\">\n\t\t\t\t\t\t<div class=\"elementor-element elementor-element-8f607d2 elementor-widget elementor-widget-image\" data-id=\"8f607d2\" data-element_type=\"widget\" data-e-type=\"widget\" data-widget_type=\"image.default\">\n\t\t\t\t<div class=\"elementor-widget-container\">\n\t\t\t\t\t\t\t\t\t\t\t\t\t\t\t\t<a href=\"https:\/\/www.kunstloft.it\/8065-carta-parati-moderna-relief-1\/\">\n\t\t\t\t\t\t\t<img decoding=\"async\" src=\"https:\/\/www.kunstloft.de\/wordpress\/de_DE\/de\/wp-content\/uploads\/2022\/06\/deko-idee-buero-tapete.jpg\" title=\"\" alt=\"Blumentapete als Deko-Idee f\u00fcrs B\u00fcro\" class=\"elementor-animation-grow\" loading=\"lazy\" \/>\t\t\t\t\t\t\t\t<\/a>\n\t\t\t\t\t\t\t\t\t\t\t\t\t\t\t<\/div>\n\t\t\t\t<\/div>\n\t\t\t\t\t<\/div>\n\t\t<\/div>\n\t\t\t\t\t<\/div>\n\t\t<\/section>\n\t\t\t\t<section class=\"elementor-section elementor-top-section elementor-element elementor-element-d869238 elementor-section-boxed elementor-section-height-default elementor-section-height-default\" data-id=\"d869238\" data-element_type=\"section\" data-e-type=\"section\">\n\t\t\t\t\t\t<div class=\"elementor-container elementor-column-gap-default\">\n\t\t\t\t\t<div class=\"elementor-column elementor-col-100 elementor-top-column elementor-element elementor-element-cfc474d\" data-id=\"cfc474d\" data-element_type=\"column\" data-e-type=\"column\">\n\t\t\t<div class=\"elementor-widget-wrap elementor-element-populated\">\n\t\t\t\t\t\t<div class=\"elementor-element elementor-element-0608809 elementor-align-center elementor-widget elementor-widget-button\" data-id=\"0608809\" data-element_type=\"widget\" data-e-type=\"widget\" data-widget_type=\"button.default\">\n\t\t\t\t<div class=\"elementor-widget-container\">\n\t\t\t\t\t\t\t\t\t<div class=\"elementor-button-wrapper\">\n\t\t\t\t\t<a class=\"elementor-button elementor-button-link elementor-size-sm\" href=\"https:\/\/www.kunstloft.it\/carte-parati-moderne\/\">\n\t\t\t\t\t\t<span class=\"elementor-button-content-wrapper\">\n\t\t\t\t\t\t\t\t\t<span class=\"elementor-button-text\">Scoprite la nostra ampia selezione di sfondi &gt;<\/span>\n\t\t\t\t\t<\/span>\n\t\t\t\t\t<\/a>\n\t\t\t\t<\/div>\n\t\t\t\t\t\t\t\t<\/div>\n\t\t\t\t<\/div>\n\t\t\t\t\t<\/div>\n\t\t<\/div>\n\t\t\t\t\t<\/div>\n\t\t<\/section>\n\t\t\t\t<section class=\"elementor-section elementor-top-section elementor-element elementor-element-cf9c6a8 elementor-section-boxed elementor-section-height-default elementor-section-height-default\" data-id=\"cf9c6a8\" data-element_type=\"section\" data-e-type=\"section\">\n\t\t\t\t\t\t<div class=\"elementor-container elementor-column-gap-default\">\n\t\t\t\t\t<div class=\"elementor-column elementor-col-100 elementor-top-column elementor-element elementor-element-74d34d5\" data-id=\"74d34d5\" data-element_type=\"column\" data-e-type=\"column\">\n\t\t\t<div class=\"elementor-widget-wrap elementor-element-populated\">\n\t\t\t\t\t\t<div class=\"elementor-element elementor-element-8a2c4bc elementor-widget elementor-widget-text-editor\" data-id=\"8a2c4bc\" data-element_type=\"widget\" data-e-type=\"widget\" data-widget_type=\"text-editor.default\">\n\t\t\t\t<div class=\"elementor-widget-container\">\n\t\t\t\t\t\t\t\t\t<p>Auch Wanduhren, Masken oder Skulpturen k\u00f6nnen Sie als Deko f\u00fcr Ihr B\u00fcro nutzen. So lockern Sie die Wandgestaltung auf.<\/p>\t\t\t\t\t\t\t\t<\/div>\n\t\t\t\t<\/div>\n\t\t\t\t\t<\/div>\n\t\t<\/div>\n\t\t\t\t\t<\/div>\n\t\t<\/section>\n\t\t\t\t<section class=\"elementor-section elementor-top-section elementor-element elementor-element-5138bb6 elementor-section-boxed elementor-section-height-default elementor-section-height-default\" data-id=\"5138bb6\" data-element_type=\"section\" data-e-type=\"section\">\n\t\t\t\t\t\t<div class=\"elementor-container elementor-column-gap-default\">\n\t\t\t\t\t<div class=\"elementor-column elementor-col-33 elementor-top-column elementor-element elementor-element-98f1ba8\" data-id=\"98f1ba8\" data-element_type=\"column\" data-e-type=\"column\">\n\t\t\t<div class=\"elementor-widget-wrap elementor-element-populated\">\n\t\t\t\t\t\t<div class=\"elementor-element elementor-element-ca793df elementor-widget elementor-widget-image\" data-id=\"ca793df\" data-element_type=\"widget\" data-e-type=\"widget\" data-widget_type=\"image.default\">\n\t\t\t\t<div class=\"elementor-widget-container\">\n\t\t\t\t\t\t\t\t\t\t\t\t\t\t\t\t<a href=\"https:\/\/www.kunstloft.it\/8975-scultura-parete-metallo-ride-on-the-wave\/\">\n\t\t\t\t\t\t\t<img decoding=\"async\" src=\"https:\/\/www.kunstloft.de\/wordpress\/de_DE\/de\/wp-content\/uploads\/2022\/06\/ritt-auf-der-welle.jpg\" title=\"\" alt=\"\" class=\"elementor-animation-grow\" loading=\"lazy\" \/>\t\t\t\t\t\t\t\t<\/a>\n\t\t\t\t\t\t\t\t\t\t\t\t\t\t\t<\/div>\n\t\t\t\t<\/div>\n\t\t\t\t<div class=\"elementor-element elementor-element-061207e elementor-widget elementor-widget-text-editor\" data-id=\"061207e\" data-element_type=\"widget\" data-e-type=\"widget\" data-widget_type=\"text-editor.default\">\n\t\t\t\t<div class=\"elementor-widget-container\">\n\t\t\t\t\t\t\t\t\t<p style=\"text-align: center;\"><a href=\"https:\/\/www.kunstloft.it\/8975-scultura-parete-metallo-ride-on-the-wave\/\"><b>Scultura da parete in metallo<br \/>&#8216;Ride on the Wave&#8217;<\/b><\/a><\/p>\t\t\t\t\t\t\t\t<\/div>\n\t\t\t\t<\/div>\n\t\t\t\t\t<\/div>\n\t\t<\/div>\n\t\t\t\t<div class=\"elementor-column elementor-col-33 elementor-top-column elementor-element elementor-element-e893f02\" data-id=\"e893f02\" data-element_type=\"column\" data-e-type=\"column\">\n\t\t\t<div class=\"elementor-widget-wrap elementor-element-populated\">\n\t\t\t\t\t\t<div class=\"elementor-element elementor-element-790d7e9 elementor-widget elementor-widget-image\" data-id=\"790d7e9\" data-element_type=\"widget\" data-e-type=\"widget\" data-widget_type=\"image.default\">\n\t\t\t\t<div class=\"elementor-widget-container\">\n\t\t\t\t\t\t\t\t\t\t\t\t\t\t\t\t<a href=\"https:\/\/www.kunstloft.it\/10619-maschera-in-legno-rocket\/\">\n\t\t\t\t\t\t\t<img decoding=\"async\" src=\"https:\/\/www.kunstloft.de\/wordpress\/de_DE\/de\/wp-content\/uploads\/2022\/06\/rocket-1.jpg\" title=\"\" alt=\"\" class=\"elementor-animation-grow\" loading=\"lazy\" \/>\t\t\t\t\t\t\t\t<\/a>\n\t\t\t\t\t\t\t\t\t\t\t\t\t\t\t<\/div>\n\t\t\t\t<\/div>\n\t\t\t\t<div class=\"elementor-element elementor-element-bdae376 elementor-widget elementor-widget-text-editor\" data-id=\"bdae376\" data-element_type=\"widget\" data-e-type=\"widget\" data-widget_type=\"text-editor.default\">\n\t\t\t\t<div class=\"elementor-widget-container\">\n\t\t\t\t\t\t\t\t\t<p style=\"text-align: center;\"><a href=\"https:\/\/www.kunstloft.it\/10619-maschera-in-legno-rocket\/\"><b>Maschera da parete<br \/>&#8216;Rocket&#8217;<\/b><\/a><\/p>\t\t\t\t\t\t\t\t<\/div>\n\t\t\t\t<\/div>\n\t\t\t\t\t<\/div>\n\t\t<\/div>\n\t\t\t\t<div class=\"elementor-column elementor-col-33 elementor-top-column elementor-element elementor-element-dff7195\" data-id=\"dff7195\" data-element_type=\"column\" data-e-type=\"column\">\n\t\t\t<div class=\"elementor-widget-wrap elementor-element-populated\">\n\t\t\t\t\t\t<div class=\"elementor-element elementor-element-8b76781 elementor-widget elementor-widget-image\" data-id=\"8b76781\" data-element_type=\"widget\" data-e-type=\"widget\" data-widget_type=\"image.default\">\n\t\t\t\t<div class=\"elementor-widget-container\">\n\t\t\t\t\t\t\t\t\t\t\t\t\t\t\t\t<a href=\"https:\/\/www.kunstloft.it\/8719-orologio-da-parete-design-the-blue-night\/\">\n\t\t\t\t\t\t\t<img decoding=\"async\" src=\"https:\/\/www.kunstloft.de\/wordpress\/de_DE\/de\/wp-content\/uploads\/2022\/06\/the-blue-night.jpg\" title=\"\" alt=\"\" class=\"elementor-animation-grow\" loading=\"lazy\" \/>\t\t\t\t\t\t\t\t<\/a>\n\t\t\t\t\t\t\t\t\t\t\t\t\t\t\t<\/div>\n\t\t\t\t<\/div>\n\t\t\t\t<div class=\"elementor-element elementor-element-a7060db elementor-widget elementor-widget-text-editor\" data-id=\"a7060db\" data-element_type=\"widget\" data-e-type=\"widget\" data-widget_type=\"text-editor.default\">\n\t\t\t\t<div class=\"elementor-widget-container\">\n\t\t\t\t\t\t\t\t\t<p style=\"text-align: center;\"><a href=\"https:\/\/www.kunstloft.it\/8719-orologio-da-parete-design-the-blue-night\/\"><b>Orologio da parete di design<br \/>&#8216;THE BLUE NIGHT&#8217;<\/b><\/a><\/p>\t\t\t\t\t\t\t\t<\/div>\n\t\t\t\t<\/div>\n\t\t\t\t\t<\/div>\n\t\t<\/div>\n\t\t\t\t\t<\/div>\n\t\t<\/section>\n\t\t\t\t<section class=\"elementor-section elementor-top-section elementor-element elementor-element-e87bc27 elementor-section-boxed elementor-section-height-default elementor-section-height-default\" data-id=\"e87bc27\" data-element_type=\"section\" data-e-type=\"section\">\n\t\t\t\t\t\t<div class=\"elementor-container elementor-column-gap-default\">\n\t\t\t\t\t<div class=\"elementor-column elementor-col-100 elementor-top-column elementor-element elementor-element-780de92\" data-id=\"780de92\" data-element_type=\"column\" data-e-type=\"column\">\n\t\t\t<div class=\"elementor-widget-wrap elementor-element-populated\">\n\t\t\t\t\t\t<div class=\"elementor-element elementor-element-17d340c elementor-align-center elementor-widget elementor-widget-button\" data-id=\"17d340c\" data-element_type=\"widget\" data-e-type=\"widget\" data-widget_type=\"button.default\">\n\t\t\t\t<div class=\"elementor-widget-container\">\n\t\t\t\t\t\t\t\t\t<div class=\"elementor-button-wrapper\">\n\t\t\t\t\t<a class=\"elementor-button elementor-button-link elementor-size-sm\" href=\"https:\/\/www.kunstloft.it\/decorazione-murale\/\">\n\t\t\t\t\t\t<span class=\"elementor-button-content-wrapper\">\n\t\t\t\t\t\t\t\t\t<span class=\"elementor-button-text\">Altre decorazioni per pareti di KunstLoft &gt;<\/span>\n\t\t\t\t\t<\/span>\n\t\t\t\t\t<\/a>\n\t\t\t\t<\/div>\n\t\t\t\t\t\t\t\t<\/div>\n\t\t\t\t<\/div>\n\t\t\t\t\t<\/div>\n\t\t<\/div>\n\t\t\t\t\t<\/div>\n\t\t<\/section>\n\t\t\t\t<section class=\"elementor-section elementor-top-section elementor-element elementor-element-1ecbc95 elementor-section-boxed elementor-section-height-default elementor-section-height-default\" data-id=\"1ecbc95\" data-element_type=\"section\" data-e-type=\"section\">\n\t\t\t\t\t\t<div class=\"elementor-container elementor-column-gap-default\">\n\t\t\t\t\t<div class=\"elementor-column elementor-col-100 elementor-top-column elementor-element elementor-element-9578f40\" data-id=\"9578f40\" data-element_type=\"column\" data-e-type=\"column\">\n\t\t\t<div class=\"elementor-widget-wrap elementor-element-populated\">\n\t\t\t\t\t\t<div class=\"elementor-element elementor-element-b8d66f0 elementor-widget elementor-widget-spacer\" data-id=\"b8d66f0\" data-element_type=\"widget\" data-e-type=\"widget\" data-widget_type=\"spacer.default\">\n\t\t\t\t<div class=\"elementor-widget-container\">\n\t\t\t\t\t\t\t<div class=\"elementor-spacer\">\n\t\t\t<div class=\"elementor-spacer-inner\"><\/div>\n\t\t<\/div>\n\t\t\t\t\t\t<\/div>\n\t\t\t\t<\/div>\n\t\t\t\t\t<\/div>\n\t\t<\/div>\n\t\t\t\t\t<\/div>\n\t\t<\/section>\n\t\t\t\t<section class=\"elementor-section elementor-top-section elementor-element elementor-element-7bc2593 elementor-section-boxed elementor-section-height-default elementor-section-height-default\" data-id=\"7bc2593\" data-element_type=\"section\" data-e-type=\"section\">\n\t\t\t\t\t\t<div class=\"elementor-container elementor-column-gap-default\">\n\t\t\t\t\t<div class=\"elementor-column elementor-col-100 elementor-top-column elementor-element elementor-element-ff99a12\" data-id=\"ff99a12\" data-element_type=\"column\" data-e-type=\"column\">\n\t\t\t<div class=\"elementor-widget-wrap elementor-element-populated\">\n\t\t\t\t\t\t<div class=\"elementor-element elementor-element-6953bbe elementor-widget elementor-widget-heading\" data-id=\"6953bbe\" data-element_type=\"widget\" data-e-type=\"widget\" id=\"faq\" data-widget_type=\"heading.default\">\n\t\t\t\t<div class=\"elementor-widget-container\">\n\t\t\t\t\t<h2 class=\"elementor-heading-title elementor-size-default\">FAQ: Domande sulla decorazione dell'ufficio<\/h2>\t\t\t\t<\/div>\n\t\t\t\t<\/div>\n\t\t\t\t\t<\/div>\n\t\t<\/div>\n\t\t\t\t\t<\/div>\n\t\t<\/section>\n\t\t\t\t<section class=\"elementor-section elementor-top-section elementor-element elementor-element-7e01f8e elementor-section-boxed elementor-section-height-default elementor-section-height-default\" data-id=\"7e01f8e\" data-element_type=\"section\" data-e-type=\"section\">\n\t\t\t\t\t\t<div class=\"elementor-container elementor-column-gap-default\">\n\t\t\t\t\t<div class=\"elementor-column elementor-col-100 elementor-top-column elementor-element elementor-element-2566c86\" data-id=\"2566c86\" data-element_type=\"column\" data-e-type=\"column\">\n\t\t\t<div class=\"elementor-widget-wrap elementor-element-populated\">\n\t\t\t\t\t\t<div class=\"elementor-element elementor-element-20371c2 elementor-widget elementor-widget-text-editor\" data-id=\"20371c2\" data-element_type=\"widget\" data-e-type=\"widget\" data-widget_type=\"text-editor.default\">\n\t\t\t\t<div class=\"elementor-widget-container\">\n\t\t\t\t\t\t\t\t\t<p>Quando si arreda un ufficio, ci sono diversi aspetti da considerare. Che tipo di arredamento \u00e8 adatto a un ufficio? In che modo voi, ma anche i vostri clienti e colleghi, vi sentite a vostro agio? Abbiamo raccolto per voi le risposte alle domande pi\u00f9 importanti sull&#8217;arredamento dell&#8217;ufficio.<\/p>\n<h3>Quante decorazioni sono consentite in ufficio?<\/h3>\n<p>Ci\u00f2 che vi \u00e8 permesso di decorare liberamente nel vostro ufficio \u00e8 determinato dalle regole della casa e dal *vostro datore di lavoro*. Quando si tratta di contatti con i clienti e di rappresentare la vostra azienda, il vostro capo ha voce in capitolo. Nella maggior parte dei casi, non si tratta di stabilire se le decorazioni sono permesse o meno (parola chiave: diritti personali e libert\u00e0 di espressione sul posto di lavoro), ma solo come e quanto. I seguenti consigli vi aiuteranno a risolvere la questione delle decorazioni personali in ufficio:<\/p>\n<ol type=\"1\">\n<li>Consultatevi con i vostri colleghi. Forse avete idee simili su come decorare il posto di lavoro.<\/li>\n<li>Rispettare le norme di sicurezza antincendio. Le luci elettriche e le candele accese sono spesso vietate.<\/li>\n<li>Utilizzate la decorazione dell&#8217;ufficio con discrezione. Assicuratevi che il vostro posto di lavoro continui ad avere un aspetto pulito e ordinato e che non si distingua troppo dall&#8217;impressione generale del resto dell&#8217;ufficio.<\/li>\n<li>Appendete solo decorazioni personali che potete esporre apertamente a contatto con i clienti. I contenuti discriminatori, come le foto di donne nude, sono comunque tab\u00f9.<\/li>\n<\/ol>\n<h3>Quali sono i vantaggi delle piante in ufficio?<\/h3>\n<p>Le piante da ufficio non sono solo belle da vedere, ma hanno anche un effetto psicologico sulle persone. Aumentano il senso di benessere negli ambienti interni. In questo modo si riduce lo stress, ci si concentra meglio, ci si sente pi\u00f9 soddisfatti e si \u00e8 anche pi\u00f9 produttivi. Se le piante migliorino anche la qualit\u00e0 dell&#8217;aria \u00e8 un argomento controverso. Di fatto, per\u00f2, un ambiente con piante \u00e8 percepito come pi\u00f9 sano e quindi aumenta almeno la qualit\u00e0 dell&#8217;aria percepita.<\/p>\n<h3>Cosa bisogna considerare quando si crea un ufficio a casa?<\/h3>\n<p>Chi pu\u00f2 lavorare a casa gode di grandi vantaggi: Niente spostamenti, ambiente familiare e orari flessibili. Tuttavia, a questo si accompagna il rischio di avere difficolt\u00e0 a separare il lavoro dal tempo libero e di essere distratti dalle attivit\u00e0 quotidiane. Quando si allestisce un ufficio a casa, la questione logistica \u00e8 la prima. C&#8217;\u00e8 uno studio separato? Oppure l&#8217;ufficio domestico pu\u00f2 essere almeno separato spazialmente dal resto dell&#8217;appartamento con delle mensole? Devono essere garantite anche le condizioni di illuminazione adeguate, il rumore di fondo e, naturalmente, la connessione a Internet e l&#8217;alimentazione elettrica. Per quanto riguarda il design decorativo, nell&#8217;home office si \u00e8 pi\u00f9 liberi che in ufficio. Qui \u00e8 possibile implementare le proprie idee nella decorazione dell&#8217;ufficio, proprio come piace a voi.<\/p>\n<h3>Quali quadri appendere in ufficio?<\/h3>\n<p>Con quadri e opere d&#8217;arte in ufficio, potete esprimere la vostra filosofia aziendale. Siete a favore di un&#8217;atmosfera lavorativa aperta e creativa, con un buon equilibrio tra lavoro e vita privata? Volete che le vostre immagini abbiano un effetto rappresentativo e serio? Che impressione volete dare dell&#8217;azienda guardando l&#8217;arredamento dell&#8217;ufficio?<\/p>\n<p>A seconda di ci\u00f2, si pu\u00f2 optare per un design neutro delle pareti con immagini astratte oppure si possono mostrare i propri colori e appendere quadri con motivi figurativi. Nel primo caso, la scelta giusta sono i <a href=\"https:\/\/www.kunstloft.it\/dipinti-acrilici\/\">quadri acrilici<\/a> o i <a href=\"https:\/\/www.kunstloft.it\/quadri-parete-3d\/\">murales 3D<\/a> realizzati con materiali interessanti come il legno o il metallo. Per quanto riguarda i quadri figurativi, potete optare per l&#8217;effetto rilassante dei <a href=\"https:\/\/www.kunstloft.it\/natura\/\">motivi naturalistici<\/a> o scegliere un&#8217;immagine chiara che si adatti ai vostri gusti. Un&#8217;altra idea sono le <a href=\"https:\/\/www.kunstloft.it\/\">tipografie<\/a>: immagini che giocano con parole, lettere e numeri.<\/p>\t\t\t\t\t\t\t\t<\/div>\n\t\t\t\t<\/div>\n\t\t\t\t\t<\/div>\n\t\t<\/div>\n\t\t\t\t\t<\/div>\n\t\t<\/section>\n\t\t\t\t<section class=\"elementor-section elementor-top-section elementor-element elementor-element-b7ffdd0 elementor-section-boxed elementor-section-height-default elementor-section-height-default\" data-id=\"b7ffdd0\" data-element_type=\"section\" data-e-type=\"section\">\n\t\t\t\t\t\t<div class=\"elementor-container elementor-column-gap-default\">\n\t\t\t\t\t<div class=\"elementor-column elementor-col-100 elementor-top-column elementor-element elementor-element-456f9da\" data-id=\"456f9da\" data-element_type=\"column\" data-e-type=\"column\">\n\t\t\t<div class=\"elementor-widget-wrap elementor-element-populated\">\n\t\t\t\t\t\t<div class=\"elementor-element elementor-element-9f387c1 elementor-widget elementor-widget-heading\" data-id=\"9f387c1\" data-element_type=\"widget\" data-e-type=\"widget\" id=\"deko-ideen\" data-widget_type=\"heading.default\">\n\t\t\t\t<div class=\"elementor-widget-container\">\n\t\t\t\t\t<h2 class=\"elementor-heading-title elementor-size-default\">Dipinti, sculture e molto altro: Idee d\u00e9co da KunstLoft<\/h2>\t\t\t\t<\/div>\n\t\t\t\t<\/div>\n\t\t\t\t\t<\/div>\n\t\t<\/div>\n\t\t\t\t\t<\/div>\n\t\t<\/section>\n\t\t\t\t<section class=\"elementor-section elementor-top-section elementor-element elementor-element-76024e7 elementor-section-boxed elementor-section-height-default elementor-section-height-default\" data-id=\"76024e7\" data-element_type=\"section\" data-e-type=\"section\">\n\t\t\t\t\t\t<div class=\"elementor-container elementor-column-gap-default\">\n\t\t\t\t\t<div class=\"elementor-column elementor-col-100 elementor-top-column elementor-element elementor-element-c369c85\" data-id=\"c369c85\" data-element_type=\"column\" data-e-type=\"column\">\n\t\t\t<div class=\"elementor-widget-wrap elementor-element-populated\">\n\t\t\t\t\t\t<div class=\"elementor-element elementor-element-4e73a40 elementor-widget elementor-widget-text-editor\" data-id=\"4e73a40\" data-element_type=\"widget\" data-e-type=\"widget\" data-widget_type=\"text-editor.default\">\n\t\t\t\t<div class=\"elementor-widget-container\">\n\t\t\t\t\t\t\t\t\t<p>Su <a href=\"https:\/\/www.kunstloft.it\/\">KunstLoft<\/a> troverete <a href=\"https:\/\/www.kunstloft.it\/collezioni\/\">murales<\/a> adatti per il vostro studio, ufficio o sala conferenze. Altre bellissime idee di decorazione sono le <a href=\"https:\/\/www.kunstloft.it\/sculture-interno\/\">sculture<\/a>, le <a href=\"https:\/\/www.kunstloft.it\/maschere-da-parete\/\">maschere murali<\/a> e la <a href=\"https:\/\/www.kunstloft.it\/carte-parati-moderne\/\">carta da parati<\/a>. Oppure potete essere creativi e progettare voi stessi la decorazione murale. Nella nostra rivista troverete istruzioni per il fai-da-te e nozioni di base:<\/p>\n<p><!-- \/wp:paragraph --><!-- wp:list --><\/p>\n<ul>\n<li><a href=\"https:\/\/www.kunstloft.it\/rivista\/immagini-astratte-pittura\/\">Suggerimenti per i principianti: Come dipingere quadri astratti<\/a><\/li>\n<li><a href=\"https:\/\/www.kunstloft.it\/rivista\/tappezzare-nel-modo-giusto\/\">Carta da parati corretta<\/a><\/li>\n<li><a href=\"https:\/\/www.kunstloft.it\/rivista\/famosi-artisti-astratti\/\">Da Kandinsky a Pollock: 10 famosi artisti dell&#8217;arte astratta<\/a><\/li>\n<\/ul>\t\t\t\t\t\t\t\t<\/div>\n\t\t\t\t<\/div>\n\t\t\t\t\t<\/div>\n\t\t<\/div>\n\t\t\t\t\t<\/div>\n\t\t<\/section>\n\t\t\t\t<section class=\"elementor-section elementor-top-section elementor-element elementor-element-d65c028 elementor-section-boxed elementor-section-height-default elementor-section-height-default\" data-id=\"d65c028\" data-element_type=\"section\" data-e-type=\"section\">\n\t\t\t\t\t\t<div class=\"elementor-container elementor-column-gap-default\">\n\t\t\t\t\t<div class=\"elementor-column elementor-col-100 elementor-top-column elementor-element elementor-element-4087425\" data-id=\"4087425\" data-element_type=\"column\" data-e-type=\"column\">\n\t\t\t<div class=\"elementor-widget-wrap elementor-element-populated\">\n\t\t\t\t\t\t<div class=\"elementor-element elementor-element-3d6368d elementor-widget elementor-widget-spacer\" data-id=\"3d6368d\" data-element_type=\"widget\" data-e-type=\"widget\" data-widget_type=\"spacer.default\">\n\t\t\t\t<div class=\"elementor-widget-container\">\n\t\t\t\t\t\t\t<div class=\"elementor-spacer\">\n\t\t\t<div class=\"elementor-spacer-inner\"><\/div>\n\t\t<\/div>\n\t\t\t\t\t\t<\/div>\n\t\t\t\t<\/div>\n\t\t\t\t\t<\/div>\n\t\t<\/div>\n\t\t\t\t\t<\/div>\n\t\t<\/section>\n\t\t\t\t<section class=\"elementor-section elementor-top-section elementor-element elementor-element-f4d2c66 elementor-section-boxed elementor-section-height-default elementor-section-height-default\" data-id=\"f4d2c66\" data-element_type=\"section\" data-e-type=\"section\">\n\t\t\t\t\t\t<div class=\"elementor-container elementor-column-gap-default\">\n\t\t\t\t\t<div class=\"elementor-column elementor-col-100 elementor-top-column elementor-element elementor-element-40ca6ff\" data-id=\"40ca6ff\" data-element_type=\"column\" data-e-type=\"column\" data-settings=\"{&quot;background_background&quot;:&quot;classic&quot;}\">\n\t\t\t<div class=\"elementor-widget-wrap elementor-element-populated\">\n\t\t\t\t\t\t<div class=\"elementor-element elementor-element-abc3fda elementor-widget elementor-widget-text-editor\" data-id=\"abc3fda\" data-element_type=\"widget\" data-e-type=\"widget\" data-widget_type=\"text-editor.default\">\n\t\t\t\t<div class=\"elementor-widget-container\">\n\t\t\t\t\t\t\t\t\t<p><strong>Crediti immagine:<\/strong>\u00a0Immagine: \u00a9 KunstLoft<\/p>\t\t\t\t\t\t\t\t<\/div>\n\t\t\t\t<\/div>\n\t\t\t\t\t<\/div>\n\t\t<\/div>\n\t\t\t\t\t<\/div>\n\t\t<\/section>\n\t\t\t\t<\/div>\n\t\t","protected":false},"excerpt":{"rendered":"<p>Che si tratti dell&#8217;ufficio di casa o di un ufficio condiviso, in un luogo di lavoro ben arredato ci si sente pi\u00f9 a proprio agio, si lavora con maggiore concentrazione e motivazione. Ma quali sono le immagini pi\u00f9 adatte e quali le decorazioni per l&#8217;ufficio che risultano eccessive? Vi mostriamo come procedere per arredare il vostro ufficio. <\/p>\n","protected":false},"author":10,"featured_media":47081,"comment_status":"closed","ping_status":"closed","sticky":false,"template":"","format":"standard","meta":{"footnotes":""},"categories":[2],"tags":[],"class_list":["post-398","post","type-post","status-publish","format-standard","has-post-thumbnail","hentry","category-decorare-e-arredare"],"yoast_head":"<!-- This site is optimized with the Yoast SEO plugin v27.3 - https:\/\/yoast.com\/product\/yoast-seo-wordpress\/ -->\n<title>Arredamento dell&#039;ufficio: Idee per l&#039;arredamento e 7 consigli utili<\/title>\n<meta name=\"description\" content=\"Dall&#039;ufficio di casa alla sala conferenze - come arredare l&#039;ufficio: idee per \u2713 murales \u2713 colori \u2713 FAQs \u25ba Arreda subito il tuo ufficio!\" \/>\n<meta name=\"robots\" content=\"index, follow, max-snippet:-1, max-image-preview:large, max-video-preview:-1\" \/>\n<link rel=\"canonical\" href=\"https:\/\/www.kunstloft.it\/rivista\/arredamento-per-ufficio\/\" \/>\n<meta property=\"og:locale\" content=\"it_IT\" \/>\n<meta property=\"og:type\" content=\"article\" \/>\n<meta property=\"og:title\" content=\"Arredamento dell&#039;ufficio: Idee per l&#039;arredamento e 7 consigli utili\" \/>\n<meta property=\"og:description\" content=\"Dall&#039;ufficio di casa alla sala conferenze - come arredare l&#039;ufficio: idee per \u2713 murales \u2713 colori \u2713 FAQs \u25ba Arreda subito il tuo ufficio!\" \/>\n<meta property=\"og:url\" content=\"https:\/\/www.kunstloft.it\/rivista\/arredamento-per-ufficio\/\" \/>\n<meta property=\"og:site_name\" content=\"KUNSTLOFT\" \/>\n<meta property=\"article:publisher\" content=\"https:\/\/www.facebook.com\/kunstloft.it\/\" \/>\n<meta property=\"article:published_time\" content=\"2022-07-14T12:16:19+00:00\" \/>\n<meta property=\"article:modified_time\" content=\"2024-11-07T11:36:08+00:00\" \/>\n<meta property=\"og:image\" content=\"https:\/\/www.kunstloft.it\/rivista\/wp-content\/uploads\/2022\/07\/A-modern-office-with-a-wooden-desk-a-computer-and-an-abstract-painting-in-warm-orange-black-and-white-tones-that-creates-a-stylish-workspace.png\" \/>\n\t<meta property=\"og:image:width\" content=\"958\" \/>\n\t<meta property=\"og:image:height\" content=\"631\" \/>\n\t<meta property=\"og:image:type\" content=\"image\/png\" \/>\n<meta name=\"author\" content=\"Tamara\" \/>\n<meta name=\"twitter:card\" content=\"summary_large_image\" \/>\n<meta name=\"twitter:label1\" content=\"Scritto da\" \/>\n\t<meta name=\"twitter:data1\" content=\"Tamara\" \/>\n<script type=\"application\/ld+json\" class=\"yoast-schema-graph\">{\"@context\":\"https:\\\/\\\/schema.org\",\"@graph\":[{\"@type\":\"Article\",\"@id\":\"https:\\\/\\\/www.kunstloft.it\\\/rivista\\\/arredamento-per-ufficio\\\/#article\",\"isPartOf\":{\"@id\":\"https:\\\/\\\/www.kunstloft.it\\\/rivista\\\/arredamento-per-ufficio\\\/\"},\"author\":{\"name\":\"Tamara\",\"@id\":\"https:\\\/\\\/www.kunstloft.it\\\/rivista\\\/#\\\/schema\\\/person\\\/f61db74abdbbd108896b2ce33e616706\"},\"headline\":\"Arredamento dell&#8217;ufficio: Idee e suggerimenti per l&#8217;arredamento\",\"datePublished\":\"2022-07-14T12:16:19+00:00\",\"dateModified\":\"2024-11-07T11:36:08+00:00\",\"mainEntityOfPage\":{\"@id\":\"https:\\\/\\\/www.kunstloft.it\\\/rivista\\\/arredamento-per-ufficio\\\/\"},\"wordCount\":2704,\"publisher\":{\"@id\":\"https:\\\/\\\/www.kunstloft.it\\\/rivista\\\/#organization\"},\"image\":{\"@id\":\"https:\\\/\\\/www.kunstloft.it\\\/rivista\\\/arredamento-per-ufficio\\\/#primaryimage\"},\"thumbnailUrl\":\"https:\\\/\\\/www.kunstloft.it\\\/rivista\\\/wp-content\\\/uploads\\\/2022\\\/07\\\/A-modern-office-with-a-wooden-desk-a-computer-and-an-abstract-painting-in-warm-orange-black-and-white-tones-that-creates-a-stylish-workspace.png\",\"articleSection\":[\"Decorare e arredare\"],\"inLanguage\":\"it-IT\"},{\"@type\":\"WebPage\",\"@id\":\"https:\\\/\\\/www.kunstloft.it\\\/rivista\\\/arredamento-per-ufficio\\\/\",\"url\":\"https:\\\/\\\/www.kunstloft.it\\\/rivista\\\/arredamento-per-ufficio\\\/\",\"name\":\"Arredamento dell'ufficio: Idee per l'arredamento e 7 consigli utili\",\"isPartOf\":{\"@id\":\"https:\\\/\\\/www.kunstloft.it\\\/rivista\\\/#website\"},\"primaryImageOfPage\":{\"@id\":\"https:\\\/\\\/www.kunstloft.it\\\/rivista\\\/arredamento-per-ufficio\\\/#primaryimage\"},\"image\":{\"@id\":\"https:\\\/\\\/www.kunstloft.it\\\/rivista\\\/arredamento-per-ufficio\\\/#primaryimage\"},\"thumbnailUrl\":\"https:\\\/\\\/www.kunstloft.it\\\/rivista\\\/wp-content\\\/uploads\\\/2022\\\/07\\\/A-modern-office-with-a-wooden-desk-a-computer-and-an-abstract-painting-in-warm-orange-black-and-white-tones-that-creates-a-stylish-workspace.png\",\"datePublished\":\"2022-07-14T12:16:19+00:00\",\"dateModified\":\"2024-11-07T11:36:08+00:00\",\"description\":\"Dall'ufficio di casa alla sala conferenze - come arredare l'ufficio: idee per \u2713 murales \u2713 colori \u2713 FAQs \u25ba Arreda subito il tuo ufficio!\",\"breadcrumb\":{\"@id\":\"https:\\\/\\\/www.kunstloft.it\\\/rivista\\\/arredamento-per-ufficio\\\/#breadcrumb\"},\"inLanguage\":\"it-IT\",\"potentialAction\":[{\"@type\":\"ReadAction\",\"target\":[\"https:\\\/\\\/www.kunstloft.it\\\/rivista\\\/arredamento-per-ufficio\\\/\"]}]},{\"@type\":\"ImageObject\",\"inLanguage\":\"it-IT\",\"@id\":\"https:\\\/\\\/www.kunstloft.it\\\/rivista\\\/arredamento-per-ufficio\\\/#primaryimage\",\"url\":\"https:\\\/\\\/www.kunstloft.it\\\/rivista\\\/wp-content\\\/uploads\\\/2022\\\/07\\\/A-modern-office-with-a-wooden-desk-a-computer-and-an-abstract-painting-in-warm-orange-black-and-white-tones-that-creates-a-stylish-workspace.png\",\"contentUrl\":\"https:\\\/\\\/www.kunstloft.it\\\/rivista\\\/wp-content\\\/uploads\\\/2022\\\/07\\\/A-modern-office-with-a-wooden-desk-a-computer-and-an-abstract-painting-in-warm-orange-black-and-white-tones-that-creates-a-stylish-workspace.png\",\"width\":958,\"height\":631,\"caption\":\"A modern office with a wooden desk, a computer and an abstract painting in warm orange, black and white tones that creates a stylish workspace\"},{\"@type\":\"BreadcrumbList\",\"@id\":\"https:\\\/\\\/www.kunstloft.it\\\/rivista\\\/arredamento-per-ufficio\\\/#breadcrumb\",\"itemListElement\":[{\"@type\":\"ListItem\",\"position\":1,\"name\":\"Home\",\"item\":\"https:\\\/\\\/www.kunstloft.it\\\/rivista\\\/\"},{\"@type\":\"ListItem\",\"position\":2,\"name\":\"Arredamento dell&#8217;ufficio: Idee e suggerimenti per l&#8217;arredamento\"}]},{\"@type\":\"WebSite\",\"@id\":\"https:\\\/\\\/www.kunstloft.it\\\/rivista\\\/#website\",\"url\":\"https:\\\/\\\/www.kunstloft.it\\\/rivista\\\/\",\"name\":\"KUNSTLOFT\",\"description\":\"Rivista\",\"publisher\":{\"@id\":\"https:\\\/\\\/www.kunstloft.it\\\/rivista\\\/#organization\"},\"potentialAction\":[{\"@type\":\"SearchAction\",\"target\":{\"@type\":\"EntryPoint\",\"urlTemplate\":\"https:\\\/\\\/www.kunstloft.it\\\/rivista\\\/?s={search_term_string}\"},\"query-input\":{\"@type\":\"PropertyValueSpecification\",\"valueRequired\":true,\"valueName\":\"search_term_string\"}}],\"inLanguage\":\"it-IT\"},{\"@type\":\"Organization\",\"@id\":\"https:\\\/\\\/www.kunstloft.it\\\/rivista\\\/#organization\",\"name\":\"KUNSTLOFT\",\"url\":\"https:\\\/\\\/www.kunstloft.it\\\/rivista\\\/\",\"logo\":{\"@type\":\"ImageObject\",\"inLanguage\":\"it-IT\",\"@id\":\"https:\\\/\\\/www.kunstloft.it\\\/rivista\\\/#\\\/schema\\\/logo\\\/image\\\/\",\"url\":\"https:\\\/\\\/www.kunstloft.it\\\/rivista\\\/wp-content\\\/uploads\\\/2023\\\/06\\\/Logo-Kunstloft-377x377-1.png\",\"contentUrl\":\"https:\\\/\\\/www.kunstloft.it\\\/rivista\\\/wp-content\\\/uploads\\\/2023\\\/06\\\/Logo-Kunstloft-377x377-1.png\",\"width\":377,\"height\":377,\"caption\":\"KUNSTLOFT\"},\"image\":{\"@id\":\"https:\\\/\\\/www.kunstloft.it\\\/rivista\\\/#\\\/schema\\\/logo\\\/image\\\/\"},\"sameAs\":[\"https:\\\/\\\/www.facebook.com\\\/kunstloft.it\\\/\",\"https:\\\/\\\/www.instagram.com\\\/kunstloft\\\/\"]},{\"@type\":\"Person\",\"@id\":\"https:\\\/\\\/www.kunstloft.it\\\/rivista\\\/#\\\/schema\\\/person\\\/f61db74abdbbd108896b2ce33e616706\",\"name\":\"Tamara\",\"image\":{\"@type\":\"ImageObject\",\"inLanguage\":\"it-IT\",\"@id\":\"https:\\\/\\\/secure.gravatar.com\\\/avatar\\\/b251b28608a27805bf72e77541901c0f6f936bb1c7093b9d83d4dca32892bfab?s=96&d=mm&r=g\",\"url\":\"https:\\\/\\\/secure.gravatar.com\\\/avatar\\\/b251b28608a27805bf72e77541901c0f6f936bb1c7093b9d83d4dca32892bfab?s=96&d=mm&r=g\",\"contentUrl\":\"https:\\\/\\\/secure.gravatar.com\\\/avatar\\\/b251b28608a27805bf72e77541901c0f6f936bb1c7093b9d83d4dca32892bfab?s=96&d=mm&r=g\",\"caption\":\"Tamara\"},\"url\":\"https:\\\/\\\/www.kunstloft.it\\\/rivista\\\/author\\\/tamara_f\\\/\"}]}<\/script>\n<!-- \/ Yoast SEO plugin. -->","yoast_head_json":{"title":"Arredamento dell'ufficio: Idee per l'arredamento e 7 consigli utili","description":"Dall'ufficio di casa alla sala conferenze - come arredare l'ufficio: idee per \u2713 murales \u2713 colori \u2713 FAQs \u25ba Arreda subito il tuo ufficio!","robots":{"index":"index","follow":"follow","max-snippet":"max-snippet:-1","max-image-preview":"max-image-preview:large","max-video-preview":"max-video-preview:-1"},"canonical":"https:\/\/www.kunstloft.it\/rivista\/arredamento-per-ufficio\/","og_locale":"it_IT","og_type":"article","og_title":"Arredamento dell'ufficio: Idee per l'arredamento e 7 consigli utili","og_description":"Dall'ufficio di casa alla sala conferenze - come arredare l'ufficio: idee per \u2713 murales \u2713 colori \u2713 FAQs \u25ba Arreda subito il tuo ufficio!","og_url":"https:\/\/www.kunstloft.it\/rivista\/arredamento-per-ufficio\/","og_site_name":"KUNSTLOFT","article_publisher":"https:\/\/www.facebook.com\/kunstloft.it\/","article_published_time":"2022-07-14T12:16:19+00:00","article_modified_time":"2024-11-07T11:36:08+00:00","og_image":[{"width":958,"height":631,"url":"https:\/\/www.kunstloft.it\/rivista\/wp-content\/uploads\/2022\/07\/A-modern-office-with-a-wooden-desk-a-computer-and-an-abstract-painting-in-warm-orange-black-and-white-tones-that-creates-a-stylish-workspace.png","type":"image\/png"}],"author":"Tamara","twitter_card":"summary_large_image","twitter_misc":{"Scritto da":"Tamara"},"schema":{"@context":"https:\/\/schema.org","@graph":[{"@type":"Article","@id":"https:\/\/www.kunstloft.it\/rivista\/arredamento-per-ufficio\/#article","isPartOf":{"@id":"https:\/\/www.kunstloft.it\/rivista\/arredamento-per-ufficio\/"},"author":{"name":"Tamara","@id":"https:\/\/www.kunstloft.it\/rivista\/#\/schema\/person\/f61db74abdbbd108896b2ce33e616706"},"headline":"Arredamento dell&#8217;ufficio: Idee e suggerimenti per l&#8217;arredamento","datePublished":"2022-07-14T12:16:19+00:00","dateModified":"2024-11-07T11:36:08+00:00","mainEntityOfPage":{"@id":"https:\/\/www.kunstloft.it\/rivista\/arredamento-per-ufficio\/"},"wordCount":2704,"publisher":{"@id":"https:\/\/www.kunstloft.it\/rivista\/#organization"},"image":{"@id":"https:\/\/www.kunstloft.it\/rivista\/arredamento-per-ufficio\/#primaryimage"},"thumbnailUrl":"https:\/\/www.kunstloft.it\/rivista\/wp-content\/uploads\/2022\/07\/A-modern-office-with-a-wooden-desk-a-computer-and-an-abstract-painting-in-warm-orange-black-and-white-tones-that-creates-a-stylish-workspace.png","articleSection":["Decorare e arredare"],"inLanguage":"it-IT"},{"@type":"WebPage","@id":"https:\/\/www.kunstloft.it\/rivista\/arredamento-per-ufficio\/","url":"https:\/\/www.kunstloft.it\/rivista\/arredamento-per-ufficio\/","name":"Arredamento dell'ufficio: Idee per l'arredamento e 7 consigli utili","isPartOf":{"@id":"https:\/\/www.kunstloft.it\/rivista\/#website"},"primaryImageOfPage":{"@id":"https:\/\/www.kunstloft.it\/rivista\/arredamento-per-ufficio\/#primaryimage"},"image":{"@id":"https:\/\/www.kunstloft.it\/rivista\/arredamento-per-ufficio\/#primaryimage"},"thumbnailUrl":"https:\/\/www.kunstloft.it\/rivista\/wp-content\/uploads\/2022\/07\/A-modern-office-with-a-wooden-desk-a-computer-and-an-abstract-painting-in-warm-orange-black-and-white-tones-that-creates-a-stylish-workspace.png","datePublished":"2022-07-14T12:16:19+00:00","dateModified":"2024-11-07T11:36:08+00:00","description":"Dall'ufficio di casa alla sala conferenze - come arredare l'ufficio: idee per \u2713 murales \u2713 colori \u2713 FAQs \u25ba Arreda subito il tuo ufficio!","breadcrumb":{"@id":"https:\/\/www.kunstloft.it\/rivista\/arredamento-per-ufficio\/#breadcrumb"},"inLanguage":"it-IT","potentialAction":[{"@type":"ReadAction","target":["https:\/\/www.kunstloft.it\/rivista\/arredamento-per-ufficio\/"]}]},{"@type":"ImageObject","inLanguage":"it-IT","@id":"https:\/\/www.kunstloft.it\/rivista\/arredamento-per-ufficio\/#primaryimage","url":"https:\/\/www.kunstloft.it\/rivista\/wp-content\/uploads\/2022\/07\/A-modern-office-with-a-wooden-desk-a-computer-and-an-abstract-painting-in-warm-orange-black-and-white-tones-that-creates-a-stylish-workspace.png","contentUrl":"https:\/\/www.kunstloft.it\/rivista\/wp-content\/uploads\/2022\/07\/A-modern-office-with-a-wooden-desk-a-computer-and-an-abstract-painting-in-warm-orange-black-and-white-tones-that-creates-a-stylish-workspace.png","width":958,"height":631,"caption":"A modern office with a wooden desk, a computer and an abstract painting in warm orange, black and white tones that creates a stylish workspace"},{"@type":"BreadcrumbList","@id":"https:\/\/www.kunstloft.it\/rivista\/arredamento-per-ufficio\/#breadcrumb","itemListElement":[{"@type":"ListItem","position":1,"name":"Home","item":"https:\/\/www.kunstloft.it\/rivista\/"},{"@type":"ListItem","position":2,"name":"Arredamento dell&#8217;ufficio: Idee e suggerimenti per l&#8217;arredamento"}]},{"@type":"WebSite","@id":"https:\/\/www.kunstloft.it\/rivista\/#website","url":"https:\/\/www.kunstloft.it\/rivista\/","name":"KUNSTLOFT","description":"Rivista","publisher":{"@id":"https:\/\/www.kunstloft.it\/rivista\/#organization"},"potentialAction":[{"@type":"SearchAction","target":{"@type":"EntryPoint","urlTemplate":"https:\/\/www.kunstloft.it\/rivista\/?s={search_term_string}"},"query-input":{"@type":"PropertyValueSpecification","valueRequired":true,"valueName":"search_term_string"}}],"inLanguage":"it-IT"},{"@type":"Organization","@id":"https:\/\/www.kunstloft.it\/rivista\/#organization","name":"KUNSTLOFT","url":"https:\/\/www.kunstloft.it\/rivista\/","logo":{"@type":"ImageObject","inLanguage":"it-IT","@id":"https:\/\/www.kunstloft.it\/rivista\/#\/schema\/logo\/image\/","url":"https:\/\/www.kunstloft.it\/rivista\/wp-content\/uploads\/2023\/06\/Logo-Kunstloft-377x377-1.png","contentUrl":"https:\/\/www.kunstloft.it\/rivista\/wp-content\/uploads\/2023\/06\/Logo-Kunstloft-377x377-1.png","width":377,"height":377,"caption":"KUNSTLOFT"},"image":{"@id":"https:\/\/www.kunstloft.it\/rivista\/#\/schema\/logo\/image\/"},"sameAs":["https:\/\/www.facebook.com\/kunstloft.it\/","https:\/\/www.instagram.com\/kunstloft\/"]},{"@type":"Person","@id":"https:\/\/www.kunstloft.it\/rivista\/#\/schema\/person\/f61db74abdbbd108896b2ce33e616706","name":"Tamara","image":{"@type":"ImageObject","inLanguage":"it-IT","@id":"https:\/\/secure.gravatar.com\/avatar\/b251b28608a27805bf72e77541901c0f6f936bb1c7093b9d83d4dca32892bfab?s=96&d=mm&r=g","url":"https:\/\/secure.gravatar.com\/avatar\/b251b28608a27805bf72e77541901c0f6f936bb1c7093b9d83d4dca32892bfab?s=96&d=mm&r=g","contentUrl":"https:\/\/secure.gravatar.com\/avatar\/b251b28608a27805bf72e77541901c0f6f936bb1c7093b9d83d4dca32892bfab?s=96&d=mm&r=g","caption":"Tamara"},"url":"https:\/\/www.kunstloft.it\/rivista\/author\/tamara_f\/"}]}},"_links":{"self":[{"href":"https:\/\/www.kunstloft.it\/rivista\/wp-json\/wp\/v2\/posts\/398","targetHints":{"allow":["GET"]}}],"collection":[{"href":"https:\/\/www.kunstloft.it\/rivista\/wp-json\/wp\/v2\/posts"}],"about":[{"href":"https:\/\/www.kunstloft.it\/rivista\/wp-json\/wp\/v2\/types\/post"}],"author":[{"embeddable":true,"href":"https:\/\/www.kunstloft.it\/rivista\/wp-json\/wp\/v2\/users\/10"}],"replies":[{"embeddable":true,"href":"https:\/\/www.kunstloft.it\/rivista\/wp-json\/wp\/v2\/comments?post=398"}],"version-history":[{"count":33,"href":"https:\/\/www.kunstloft.it\/rivista\/wp-json\/wp\/v2\/posts\/398\/revisions"}],"predecessor-version":[{"id":47085,"href":"https:\/\/www.kunstloft.it\/rivista\/wp-json\/wp\/v2\/posts\/398\/revisions\/47085"}],"wp:featuredmedia":[{"embeddable":true,"href":"https:\/\/www.kunstloft.it\/rivista\/wp-json\/wp\/v2\/media\/47081"}],"wp:attachment":[{"href":"https:\/\/www.kunstloft.it\/rivista\/wp-json\/wp\/v2\/media?parent=398"}],"wp:term":[{"taxonomy":"category","embeddable":true,"href":"https:\/\/www.kunstloft.it\/rivista\/wp-json\/wp\/v2\/categories?post=398"},{"taxonomy":"post_tag","embeddable":true,"href":"https:\/\/www.kunstloft.it\/rivista\/wp-json\/wp\/v2\/tags?post=398"}],"curies":[{"name":"wp","href":"https:\/\/api.w.org\/{rel}","templated":true}]}}