{"id":45952,"date":"2024-06-13T14:02:00","date_gmt":"2024-06-13T12:02:00","guid":{"rendered":"https:\/\/www.kunstloft.co.uk\/magazine\/?p=29975"},"modified":"2025-09-10T17:08:20","modified_gmt":"2025-09-10T15:08:20","slug":"7-palette-colori-estate-senza-tempo","status":"publish","type":"post","link":"https:\/\/www.kunstloft.it\/rivista\/7-palette-colori-estate-senza-tempo\/","title":{"rendered":"7 Palette Colori Estate Senza Tempo Da Provare"},"content":{"rendered":"\t\t<div data-elementor-type=\"wp-post\" data-elementor-id=\"45952\" class=\"elementor elementor-45952\">\n\t\t\t\t\t\t<section class=\"elementor-section elementor-top-section elementor-element elementor-element-c2485f6 elementor-section-boxed elementor-section-height-default elementor-section-height-default\" data-id=\"c2485f6\" data-element_type=\"section\" data-e-type=\"section\">\n\t\t\t\t\t\t<div class=\"elementor-container elementor-column-gap-default\">\n\t\t\t\t\t<div class=\"elementor-column elementor-col-100 elementor-top-column elementor-element elementor-element-282a76c\" data-id=\"282a76c\" data-element_type=\"column\" data-e-type=\"column\">\n\t\t\t<div class=\"elementor-widget-wrap elementor-element-populated\">\n\t\t\t\t\t\t<div class=\"elementor-element elementor-element-b9ed986 elementor-widget elementor-widget-heading\" data-id=\"b9ed986\" data-element_type=\"widget\" data-e-type=\"widget\" data-widget_type=\"heading.default\">\n\t\t\t\t<div class=\"elementor-widget-container\">\n\t\t\t\t\t<h1 class=\"elementor-heading-title elementor-size-default\">7 Palette Colori Estate senza Tempo Da Provare<\/h1>\t\t\t\t<\/div>\n\t\t\t\t<\/div>\n\t\t\t\t<div class=\"elementor-element elementor-element-413d678 elementor-widget elementor-widget-text-editor\" data-id=\"413d678\" data-element_type=\"widget\" data-e-type=\"widget\" data-widget_type=\"text-editor.default\">\n\t\t\t\t<div class=\"elementor-widget-container\">\n\t\t\t\t\t\t\t\t\t<p><strong>L&#8217;estate<\/strong> \u00e8 il momento perfetto per rinfrescare gli interni della casa con colori che riflettono il calore e la vivacit\u00e0 della stagione. Ma piuttosto che seguire le tendenze passeggere, optate per palette di colori senza tempo che saranno sempre chic. Le <strong>palette di colori senza tempo<\/strong> offrono il doppio vantaggio di essere eleganti e durature, garantendo che la vostra casa rimanga alla moda senza la necessit\u00e0 di aggiornarla costantemente. Queste tonalit\u00e0 classiche possono essere combinate con diversi elementi di design e accessori, rendendole incredibilmente versatili. Scegliendo colori che resistono alla prova del tempo, si crea una base bella e duratura. In questo articolo vi presenteremo i classici colori estivi che non passano mai di moda e che faranno apparire la vostra casa elegante e senza sforzo anno dopo anno.<\/p>\t\t\t\t\t\t\t\t<\/div>\n\t\t\t\t<\/div>\n\t\t\t\t<div class=\"elementor-element elementor-element-b41f1db elementor-widget elementor-widget-image\" data-id=\"b41f1db\" data-element_type=\"widget\" data-e-type=\"widget\" data-widget_type=\"image.default\">\n\t\t\t\t<div class=\"elementor-widget-container\">\n\t\t\t\t\t\t\t\t\t\t\t\t\t\t\t<img fetchpriority=\"high\" decoding=\"async\" width=\"950\" height=\"633\" src=\"https:\/\/www.kunstloft.it\/rivista\/wp-content\/uploads\/2024\/09\/Four-living-areas-each-with-a-different-timeless-summer-color-palette-combination.-Each-living-area-should-have-a-contemporary-soft-sofa-a-coffee-ta-1024x682.webp\" class=\"attachment-large size-large wp-image-46011\" alt=\"Four living areas, each with a different timeless summer color palette combination.\" srcset=\"https:\/\/www.kunstloft.it\/rivista\/wp-content\/uploads\/2024\/09\/Four-living-areas-each-with-a-different-timeless-summer-color-palette-combination.-Each-living-area-should-have-a-contemporary-soft-sofa-a-coffee-ta-1024x682.webp 1024w, https:\/\/www.kunstloft.it\/rivista\/wp-content\/uploads\/2024\/09\/Four-living-areas-each-with-a-different-timeless-summer-color-palette-combination.-Each-living-area-should-have-a-contemporary-soft-sofa-a-coffee-ta-300x200.webp 300w, https:\/\/www.kunstloft.it\/rivista\/wp-content\/uploads\/2024\/09\/Four-living-areas-each-with-a-different-timeless-summer-color-palette-combination.-Each-living-area-should-have-a-contemporary-soft-sofa-a-coffee-ta-768x512.webp 768w, https:\/\/www.kunstloft.it\/rivista\/wp-content\/uploads\/2024\/09\/Four-living-areas-each-with-a-different-timeless-summer-color-palette-combination.-Each-living-area-should-have-a-contemporary-soft-sofa-a-coffee-ta-640x427.webp 640w, https:\/\/www.kunstloft.it\/rivista\/wp-content\/uploads\/2024\/09\/Four-living-areas-each-with-a-different-timeless-summer-color-palette-combination.-Each-living-area-should-have-a-contemporary-soft-sofa-a-coffee-ta.webp 1280w\" sizes=\"100vw\" \/>\t\t\t\t\t\t\t\t\t\t\t\t\t\t\t<\/div>\n\t\t\t\t<\/div>\n\t\t\t\t\t<\/div>\n\t\t<\/div>\n\t\t\t\t\t<\/div>\n\t\t<\/section>\n\t\t\t\t<section class=\"elementor-section elementor-top-section elementor-element elementor-element-e17f7db elementor-section-boxed elementor-section-height-default elementor-section-height-default\" data-id=\"e17f7db\" data-element_type=\"section\" data-e-type=\"section\">\n\t\t\t\t\t\t<div class=\"elementor-container elementor-column-gap-default\">\n\t\t\t\t\t<div class=\"elementor-column elementor-col-100 elementor-top-column elementor-element elementor-element-441a71c\" data-id=\"441a71c\" data-element_type=\"column\" data-e-type=\"column\">\n\t\t\t<div class=\"elementor-widget-wrap elementor-element-populated\">\n\t\t\t\t\t\t<section class=\"elementor-section elementor-inner-section elementor-element elementor-element-1f26a3c elementor-section-boxed elementor-section-height-default elementor-section-height-default\" data-id=\"1f26a3c\" data-element_type=\"section\" data-e-type=\"section\">\n\t\t\t\t\t\t<div class=\"elementor-container elementor-column-gap-default\">\n\t\t\t\t\t<div class=\"elementor-column elementor-col-100 elementor-inner-column elementor-element elementor-element-fc4c2fa\" data-id=\"fc4c2fa\" data-element_type=\"column\" data-e-type=\"column\">\n\t\t\t<div class=\"elementor-widget-wrap elementor-element-populated\">\n\t\t\t\t\t\t<div class=\"elementor-element elementor-element-58b171a elementor-widget elementor-widget-heading\" data-id=\"58b171a\" data-element_type=\"widget\" data-e-type=\"widget\" data-widget_type=\"heading.default\">\n\t\t\t\t<div class=\"elementor-widget-container\">\n\t\t\t\t\t<h3 class=\"elementor-heading-title elementor-size-default\">Indice dei Contenuti<\/h3>\t\t\t\t<\/div>\n\t\t\t\t<\/div>\n\t\t\t\t<div class=\"elementor-element elementor-element-9b87e02 elementor-widget elementor-widget-text-editor\" data-id=\"9b87e02\" data-element_type=\"widget\" data-e-type=\"widget\" data-widget_type=\"text-editor.default\">\n\t\t\t\t<div class=\"elementor-widget-container\">\n\t\t\t\t\t\t\t\t\t<ul><li><a href=\"#palettedicoloriestate\">Perch\u00e9 l&#8217;intramontabile palette di colori estate<\/a><\/li><li><a href=\"#7classichepalettecoloriestate\">7 classiche palette colori estate<\/a><ul><li><a href=\"#Colorineutri\">Colori neutri<\/a><\/li><li><a href=\"#Colorivivacieaudaci\">Colori vivaci e audaci<\/a><\/li><li><a href=\"#Coloripastello\">Colori pastello<\/a><\/li><li><a href=\"#Coloridellaterra\">Colori della terra<\/a><\/li><li><a href=\"#Bluebianco\">Blu e bianco<\/a><\/li><li><a href=\"#Verdeegiallo\">Verde e giallo<\/a><\/li><li><a href=\"#Coralloeturchese\">Corallo e turchese<\/a><\/li><\/ul><\/li><li><a href=\"#Motivietexture\">Motivi e texture<\/a><\/li><li><a href=\"#Accessoristagionali\">Accessori stagionali<\/a><\/li><li><a href=\"#decorazionidell'estatedaKunstLoft\">Acquistate le vostre decorazioni dell&#8217;estate da KunstLoft<\/a><\/li><li><a href=\"#Createunlookd'estatefresco\">Create un look d&#8217;estate fresco e vivace per la vostra casa<\/a><\/li><li><a href=\"#Domandefrequenti\">Domande frequenti<\/a><\/li><\/ul>\t\t\t\t\t\t\t\t<\/div>\n\t\t\t\t<\/div>\n\t\t\t\t\t<\/div>\n\t\t<\/div>\n\t\t\t\t\t<\/div>\n\t\t<\/section>\n\t\t\t\t\t<\/div>\n\t\t<\/div>\n\t\t\t\t\t<\/div>\n\t\t<\/section>\n\t\t\t\t<section class=\"elementor-section elementor-top-section elementor-element elementor-element-679da72 elementor-section-boxed elementor-section-height-default elementor-section-height-default\" data-id=\"679da72\" data-element_type=\"section\" data-e-type=\"section\">\n\t\t\t\t\t\t<div class=\"elementor-container elementor-column-gap-default\">\n\t\t\t\t\t<div class=\"elementor-column elementor-col-100 elementor-top-column elementor-element elementor-element-1d80278\" data-id=\"1d80278\" data-element_type=\"column\" data-e-type=\"column\">\n\t\t\t<div class=\"elementor-widget-wrap elementor-element-populated\">\n\t\t\t\t\t\t<div class=\"elementor-element elementor-element-3b7a789 elementor-widget elementor-widget-heading\" data-id=\"3b7a789\" data-element_type=\"widget\" data-e-type=\"widget\" id=\"palettedicoloriestate\" data-widget_type=\"heading.default\">\n\t\t\t\t<div class=\"elementor-widget-container\">\n\t\t\t\t\t<h2 class=\"elementor-heading-title elementor-size-default\">Perch\u00e9 l'intramontabile palette di colori estate<\/h2>\t\t\t\t<\/div>\n\t\t\t\t<\/div>\n\t\t\t\t<div class=\"elementor-element elementor-element-f658233 elementor-widget elementor-widget-text-editor\" data-id=\"f658233\" data-element_type=\"widget\" data-e-type=\"widget\" data-widget_type=\"text-editor.default\">\n\t\t\t\t<div class=\"elementor-widget-container\">\n\t\t\t\t\t\t\t\t\t<p>Le intramontabili palette colori estate sono un&#8217;ottima scelta per qualsiasi casa, in quanto forniscono una base sempre di tendenza, per cui non \u00e8 necessario riarredare spesso. Queste tonalit\u00e0 classiche sono versatili e si integrano perfettamente con diversi stili di design e tendenze, rendendole incredibilmente adattabili. Scegliendo colori senza tempo, si crea un senso di armonia ed equilibrio nella casa, facendo sembrare lo spazio coeso e ben pensato. Inoltre, queste palette contengono spesso toni neutri che costituiscono lo sfondo perfetto per gli <a href=\"https:\/\/www.kunstloft.it\/estate\/\">accenti stagionali<\/a> o i cambiamenti di arredamento. Le palette colori estate senza tempo aumentano anche il valore della casa, rendendola pi\u00f9 attraente per i potenziali acquirenti che apprezzano un&#8217;estetica ben progettata e duratura. In definitiva, investire in combinazioni di colori classiche vi far\u00e0 risparmiare tempo, fatica e denaro nel lungo periodo, mantenendo la vostra casa elegante e raffinata.<\/p>\t\t\t\t\t\t\t\t<\/div>\n\t\t\t\t<\/div>\n\t\t\t\t\t<\/div>\n\t\t<\/div>\n\t\t\t\t\t<\/div>\n\t\t<\/section>\n\t\t\t\t<section class=\"elementor-section elementor-top-section elementor-element elementor-element-640b7f1 elementor-section-boxed elementor-section-height-default elementor-section-height-default\" data-id=\"640b7f1\" data-element_type=\"section\" data-e-type=\"section\">\n\t\t\t\t\t\t<div class=\"elementor-container elementor-column-gap-default\">\n\t\t\t\t\t<div class=\"elementor-column elementor-col-100 elementor-top-column elementor-element elementor-element-b40b49e\" data-id=\"b40b49e\" data-element_type=\"column\" data-e-type=\"column\">\n\t\t\t<div class=\"elementor-widget-wrap elementor-element-populated\">\n\t\t\t\t\t\t<div class=\"elementor-element elementor-element-a40d80f elementor-widget elementor-widget-image\" data-id=\"a40d80f\" data-element_type=\"widget\" data-e-type=\"widget\" data-widget_type=\"image.default\">\n\t\t\t\t<div class=\"elementor-widget-container\">\n\t\t\t\t\t\t\t\t\t\t\t\t\t\t\t\t<a href=\"https:\/\/www.kunstloft.it\/9813-dipinto-acrilico-sunset-by-the-sea\/\">\n\t\t\t\t\t\t\t<img decoding=\"async\" width=\"950\" height=\"553\" src=\"https:\/\/www.kunstloft.it\/rivista\/wp-content\/uploads\/2024\/09\/A-photo-realistic-living-scene-in-a-timeless-summer-color-palette-combination-1024x596.webp\" class=\"attachment-large size-large wp-image-45999\" alt=\"A photo-realistic scene of life in a timeless summer colour scheme\" srcset=\"https:\/\/www.kunstloft.it\/rivista\/wp-content\/uploads\/2024\/09\/A-photo-realistic-living-scene-in-a-timeless-summer-color-palette-combination-1024x596.webp 1024w, https:\/\/www.kunstloft.it\/rivista\/wp-content\/uploads\/2024\/09\/A-photo-realistic-living-scene-in-a-timeless-summer-color-palette-combination-300x175.webp 300w, https:\/\/www.kunstloft.it\/rivista\/wp-content\/uploads\/2024\/09\/A-photo-realistic-living-scene-in-a-timeless-summer-color-palette-combination-768x447.webp 768w, https:\/\/www.kunstloft.it\/rivista\/wp-content\/uploads\/2024\/09\/A-photo-realistic-living-scene-in-a-timeless-summer-color-palette-combination-1536x895.webp 1536w, https:\/\/www.kunstloft.it\/rivista\/wp-content\/uploads\/2024\/09\/A-photo-realistic-living-scene-in-a-timeless-summer-color-palette-combination-640x373.webp 640w, https:\/\/www.kunstloft.it\/rivista\/wp-content\/uploads\/2024\/09\/A-photo-realistic-living-scene-in-a-timeless-summer-color-palette-combination.webp 1724w\" sizes=\"100vw\" \/>\t\t\t\t\t\t\t\t<\/a>\n\t\t\t\t\t\t\t\t\t\t\t\t\t\t\t<\/div>\n\t\t\t\t<\/div>\n\t\t\t\t<section class=\"elementor-section elementor-inner-section elementor-element elementor-element-2e99380 elementor-section-boxed elementor-section-height-default elementor-section-height-default\" data-id=\"2e99380\" data-element_type=\"section\" data-e-type=\"section\">\n\t\t\t\t\t\t<div class=\"elementor-container elementor-column-gap-default\">\n\t\t\t\t\t<div class=\"elementor-column elementor-col-100 elementor-inner-column elementor-element elementor-element-add5484\" data-id=\"add5484\" data-element_type=\"column\" data-e-type=\"column\">\n\t\t\t<div class=\"elementor-widget-wrap elementor-element-populated\">\n\t\t\t\t\t\t<div class=\"elementor-element elementor-element-025d75f elementor-widget__width-auto elementor-widget elementor-widget-image\" data-id=\"025d75f\" data-element_type=\"widget\" data-e-type=\"widget\" data-widget_type=\"image.default\">\n\t\t\t\t<div class=\"elementor-widget-container\">\n\t\t\t\t\t\t\t\t\t\t\t\t\t\t\t\t<a href=\"https:\/\/www.kunstloft.co.uk\/wordpress\/en_UK\/gb\/wp-content\/uploads\/2024\/09\/pastel-beige-acrylic-canvas-paintings-modern-art.webp\" data-elementor-open-lightbox=\"yes\" data-elementor-lightbox-title=\"painting on canvas acrylic beige pastel modern art\" data-elementor-lightbox-description=\"painting on canvas acrylic beige pastel modern art\" data-e-action-hash=\"#elementor-action%3Aaction%3Dlightbox%26settings%3DeyJpZCI6NDYwMTYsInVybCI6Imh0dHBzOlwvXC93d3cua3Vuc3Rsb2Z0Lml0XC9yaXZpc3RhXC93cC1jb250ZW50XC91cGxvYWRzXC8yMDI0XC8wOVwvcGFzdGVsLWJlaWdlLWFjcnlsaWMtY2FudmFzLXBhaW50aW5ncy1tb2Rlcm4tYXJ0LndlYnAifQ%3D%3D\">\n\t\t\t\t\t\t\t<img decoding=\"async\" width=\"600\" height=\"400\" src=\"https:\/\/www.kunstloft.it\/rivista\/wp-content\/uploads\/2024\/09\/pastel-beige-acrylic-canvas-paintings-modern-art.webp\" class=\"attachment-medium_large size-medium_large wp-image-46016\" alt=\"painting on canvas acrylic beige pastel modern art\" srcset=\"https:\/\/www.kunstloft.it\/rivista\/wp-content\/uploads\/2024\/09\/pastel-beige-acrylic-canvas-paintings-modern-art.webp 600w, https:\/\/www.kunstloft.it\/rivista\/wp-content\/uploads\/2024\/09\/pastel-beige-acrylic-canvas-paintings-modern-art-300x200.webp 300w\" sizes=\"100vw\" \/>\t\t\t\t\t\t\t\t<\/a>\n\t\t\t\t\t\t\t\t\t\t\t\t\t\t\t<\/div>\n\t\t\t\t<\/div>\n\t\t\t\t<div class=\"elementor-element elementor-element-71a4ad7 elementor-widget__width-auto elementor-widget elementor-widget-image\" data-id=\"71a4ad7\" data-element_type=\"widget\" data-e-type=\"widget\" data-widget_type=\"image.default\">\n\t\t\t\t<div class=\"elementor-widget-container\">\n\t\t\t\t\t\t\t\t\t\t\t\t\t\t\t\t<a href=\"https:\/\/www.kunstloft.co.uk\/wordpress\/en_UK\/gb\/wp-content\/uploads\/2024\/09\/pastel-beige-acrylic-paintings-acrylic-canvas-paintings-modern-art.webp\" data-elementor-open-lightbox=\"yes\" data-elementor-lightbox-title=\"pastel-beige-acrylic painting on canvas modern art detail 2\" data-elementor-lightbox-description=\"pastel-beige-acrylic painting on canvas modern art detail 2\" data-e-action-hash=\"#elementor-action%3Aaction%3Dlightbox%26settings%3DeyJpZCI6NDYwMTUsInVybCI6Imh0dHBzOlwvXC93d3cua3Vuc3Rsb2Z0Lml0XC9yaXZpc3RhXC93cC1jb250ZW50XC91cGxvYWRzXC8yMDI0XC8wOVwvcGFzdGVsLWJlaWdlLWFjcnlsaWMtcGFpbnRpbmdzLWFjcnlsaWMtY2FudmFzLXBhaW50aW5ncy1tb2Rlcm4tYXJ0LndlYnAifQ%3D%3D\">\n\t\t\t\t\t\t\t<img loading=\"lazy\" decoding=\"async\" width=\"600\" height=\"400\" src=\"https:\/\/www.kunstloft.it\/rivista\/wp-content\/uploads\/2024\/09\/pastel-beige-acrylic-paintings-acrylic-canvas-paintings-modern-art.webp\" class=\"attachment-medium_large size-medium_large wp-image-46015\" alt=\"pastel-beige-acrylic painting on canvas modern art detail 2\" srcset=\"https:\/\/www.kunstloft.it\/rivista\/wp-content\/uploads\/2024\/09\/pastel-beige-acrylic-paintings-acrylic-canvas-paintings-modern-art.webp 600w, https:\/\/www.kunstloft.it\/rivista\/wp-content\/uploads\/2024\/09\/pastel-beige-acrylic-paintings-acrylic-canvas-paintings-modern-art-300x200.webp 300w\" sizes=\"100vw\" \/>\t\t\t\t\t\t\t\t<\/a>\n\t\t\t\t\t\t\t\t\t\t\t\t\t\t\t<\/div>\n\t\t\t\t<\/div>\n\t\t\t\t\t<\/div>\n\t\t<\/div>\n\t\t\t\t\t<\/div>\n\t\t<\/section>\n\t\t\t\t<div class=\"elementor-element elementor-element-fe814c2 elementor-widget elementor-widget-text-editor\" data-id=\"fe814c2\" data-element_type=\"widget\" data-e-type=\"widget\" data-widget_type=\"text-editor.default\">\n\t\t\t\t<div class=\"elementor-widget-container\">\n\t\t\t\t\t\t\t\t\t<p style=\"text-align: center;\"><a href=\"https:\/\/www.kunstloft.it\/9813-dipinto-acrilico-sunset-by-the-sea\/\" target=\"_blank\" rel=\"noopener\">Quadro dipinto a mano &#8216;Sunset by the Sea&#8217; 90x60cm<\/a><\/p>\t\t\t\t\t\t\t\t<\/div>\n\t\t\t\t<\/div>\n\t\t\t\t\t<\/div>\n\t\t<\/div>\n\t\t\t\t\t<\/div>\n\t\t<\/section>\n\t\t\t\t<section class=\"elementor-section elementor-top-section elementor-element elementor-element-e6fc296 elementor-section-boxed elementor-section-height-default elementor-section-height-default\" data-id=\"e6fc296\" data-element_type=\"section\" data-e-type=\"section\">\n\t\t\t\t\t\t<div class=\"elementor-container elementor-column-gap-default\">\n\t\t\t\t\t<div class=\"elementor-column elementor-col-100 elementor-top-column elementor-element elementor-element-b29b82c\" data-id=\"b29b82c\" data-element_type=\"column\" data-e-type=\"column\">\n\t\t\t<div class=\"elementor-widget-wrap elementor-element-populated\">\n\t\t\t\t\t\t<div class=\"elementor-element elementor-element-65edec6 elementor-widget elementor-widget-heading\" data-id=\"65edec6\" data-element_type=\"widget\" data-e-type=\"widget\" id=\"7classichepalettecoloriestate\" data-widget_type=\"heading.default\">\n\t\t\t\t<div class=\"elementor-widget-container\">\n\t\t\t\t\t<h2 class=\"elementor-heading-title elementor-size-default\">7 classiche palette colori estate<\/h2>\t\t\t\t<\/div>\n\t\t\t\t<\/div>\n\t\t\t\t<div class=\"elementor-element elementor-element-1deaa39 elementor-widget elementor-widget-text-editor\" data-id=\"1deaa39\" data-element_type=\"widget\" data-e-type=\"widget\" data-widget_type=\"text-editor.default\">\n\t\t\t\t<div class=\"elementor-widget-container\">\n\t\t\t\t\t\t\t\t\t<p>I classici colori estivi sono quelli che evocano sensazioni di calore, relax e felicit\u00e0. Spesso contengono toni che ricordano la spiaggia, il sole e la natura. Questi colori sono intramontabili e versatili e garantiscono che la vostra casa rimanga elegante per gli anni a venire.<\/p>\t\t\t\t\t\t\t\t<\/div>\n\t\t\t\t<\/div>\n\t\t\t\t\t<\/div>\n\t\t<\/div>\n\t\t\t\t\t<\/div>\n\t\t<\/section>\n\t\t\t\t<section class=\"elementor-section elementor-top-section elementor-element elementor-element-cc23af1 elementor-section-boxed elementor-section-height-default elementor-section-height-default\" data-id=\"cc23af1\" data-element_type=\"section\" data-e-type=\"section\">\n\t\t\t\t\t\t<div class=\"elementor-container elementor-column-gap-default\">\n\t\t\t\t\t<div class=\"elementor-column elementor-col-100 elementor-top-column elementor-element elementor-element-d737ba4\" data-id=\"d737ba4\" data-element_type=\"column\" data-e-type=\"column\">\n\t\t\t<div class=\"elementor-widget-wrap elementor-element-populated\">\n\t\t\t\t\t\t<div class=\"elementor-element elementor-element-27e9807 elementor-widget elementor-widget-heading\" data-id=\"27e9807\" data-element_type=\"widget\" data-e-type=\"widget\" id=\"Colorineutri\" data-widget_type=\"heading.default\">\n\t\t\t\t<div class=\"elementor-widget-container\">\n\t\t\t\t\t<h3 class=\"elementor-heading-title elementor-size-default\">Colori neutri<\/h3>\t\t\t\t<\/div>\n\t\t\t\t<\/div>\n\t\t\t\t<div class=\"elementor-element elementor-element-0a48adf elementor-widget elementor-widget-text-editor\" data-id=\"0a48adf\" data-element_type=\"widget\" data-e-type=\"widget\" data-widget_type=\"text-editor.default\">\n\t\t\t\t<div class=\"elementor-widget-container\">\n\t\t\t\t\t\t\t\t\t<p>I <strong>toni neutri<\/strong> sono gli eroi non celebrati di un design senza tempo e costituiscono uno sfondo versatile ed elegante per qualsiasi ambiente. Tonalit\u00e0 come il bianco, il beige e il grigio sono rilassanti e sofisticate, ideali per creare un&#8217;atmosfera tranquilla. Questi colori possono essere abbinati senza problemi a diversi stili, dal moderno al tradizionale, e garantiscono che la stanza rimanga coesa. I colori neutri sono perfetti anche per aggiungere un tocco di colore con gli accessori, in modo da poter aggiornare facilmente l&#8217;arredamento con l&#8217;alternarsi delle stagioni. In una classica tavolozza estiva, le pareti neutre abbinate ad accenti vivaci come cuscini o opere d&#8217;arte possono ravvivare immediatamente una stanza. I toni neutri possono anche far sembrare gli ambienti pi\u00f9 aperti e ariosi, migliorando il flusso generale e il comfort della casa.<\/p>\t\t\t\t\t\t\t\t<\/div>\n\t\t\t\t<\/div>\n\t\t\t\t<div class=\"elementor-element elementor-element-33485a0 elementor-widget elementor-widget-image\" data-id=\"33485a0\" data-element_type=\"widget\" data-e-type=\"widget\" data-widget_type=\"image.default\">\n\t\t\t\t<div class=\"elementor-widget-container\">\n\t\t\t\t\t\t\t\t\t\t\t\t\t\t\t\t<a href=\"https:\/\/www.kunstloft.it\/8748-dipinto-acrilico-country-beauty\/\">\n\t\t\t\t\t\t\t<img loading=\"lazy\" decoding=\"async\" width=\"950\" height=\"707\" src=\"https:\/\/www.kunstloft.it\/rivista\/wp-content\/uploads\/2024\/09\/A-Scandinavian-inspired-living-room-featuring-minimalist-furniture-cozy-textiles-and-warm-wood-accents-1024x762.webp\" class=\"attachment-large size-large wp-image-46024\" alt=\"A Scandinavian-inspired living room with minimalist furniture, cosy textiles and touches of warm wood.\" srcset=\"https:\/\/www.kunstloft.it\/rivista\/wp-content\/uploads\/2024\/09\/A-Scandinavian-inspired-living-room-featuring-minimalist-furniture-cozy-textiles-and-warm-wood-accents-1024x762.webp 1024w, https:\/\/www.kunstloft.it\/rivista\/wp-content\/uploads\/2024\/09\/A-Scandinavian-inspired-living-room-featuring-minimalist-furniture-cozy-textiles-and-warm-wood-accents-300x223.webp 300w, https:\/\/www.kunstloft.it\/rivista\/wp-content\/uploads\/2024\/09\/A-Scandinavian-inspired-living-room-featuring-minimalist-furniture-cozy-textiles-and-warm-wood-accents-768x571.webp 768w, https:\/\/www.kunstloft.it\/rivista\/wp-content\/uploads\/2024\/09\/A-Scandinavian-inspired-living-room-featuring-minimalist-furniture-cozy-textiles-and-warm-wood-accents-640x476.webp 640w, https:\/\/www.kunstloft.it\/rivista\/wp-content\/uploads\/2024\/09\/A-Scandinavian-inspired-living-room-featuring-minimalist-furniture-cozy-textiles-and-warm-wood-accents.webp 1328w\" sizes=\"100vw\" \/>\t\t\t\t\t\t\t\t<\/a>\n\t\t\t\t\t\t\t\t\t\t\t\t\t\t\t<\/div>\n\t\t\t\t<\/div>\n\t\t\t\t<div class=\"elementor-element elementor-element-2985d90 elementor-widget elementor-widget-text-editor\" data-id=\"2985d90\" data-element_type=\"widget\" data-e-type=\"widget\" data-widget_type=\"text-editor.default\">\n\t\t\t\t<div class=\"elementor-widget-container\">\n\t\t\t\t\t\t\t\t\t<p style=\"text-align: center;\"><a href=\"https:\/\/www.kunstloft.it\/8748-dipinto-acrilico-country-beauty\/\" target=\"_blank\" rel=\"noopener\">Quadro dipinto a mano &#8216;Country Beauty&#8217; 60x90cm<\/a><\/p>\t\t\t\t\t\t\t\t<\/div>\n\t\t\t\t<\/div>\n\t\t\t\t\t<\/div>\n\t\t<\/div>\n\t\t\t\t\t<\/div>\n\t\t<\/section>\n\t\t\t\t<section class=\"elementor-section elementor-top-section elementor-element elementor-element-b6e247c elementor-section-boxed elementor-section-height-default elementor-section-height-default\" data-id=\"b6e247c\" data-element_type=\"section\" data-e-type=\"section\">\n\t\t\t\t\t\t<div class=\"elementor-container elementor-column-gap-default\">\n\t\t\t\t\t<div class=\"elementor-column elementor-col-100 elementor-top-column elementor-element elementor-element-cd0824b\" data-id=\"cd0824b\" data-element_type=\"column\" data-e-type=\"column\">\n\t\t\t<div class=\"elementor-widget-wrap elementor-element-populated\">\n\t\t\t\t\t\t<div class=\"elementor-element elementor-element-7f5f0ab elementor-widget-divider--view-line_text elementor-widget-divider--element-align-center elementor-widget elementor-widget-divider\" data-id=\"7f5f0ab\" data-element_type=\"widget\" data-e-type=\"widget\" data-widget_type=\"divider.default\">\n\t\t\t\t<div class=\"elementor-widget-container\">\n\t\t\t\t\t\t\t<div class=\"elementor-divider\">\n\t\t\t<span class=\"elementor-divider-separator\">\n\t\t\t\t\t\t\t<span class=\"elementor-divider__text elementor-divider__element\">\n\t\t\t\tQUADRI DIPINTI A MANO CHE COMPLETANO LA PALETTE DI COLORI ESTIVI IN TONALIT\u00c0 NEUTRE\t\t\t\t<\/span>\n\t\t\t\t\t\t<\/span>\n\t\t<\/div>\n\t\t\t\t\t\t<\/div>\n\t\t\t\t<\/div>\n\t\t\t\t\t<\/div>\n\t\t<\/div>\n\t\t\t\t\t<\/div>\n\t\t<\/section>\n\t\t\t\t<section class=\"elementor-section elementor-top-section elementor-element elementor-element-2bee9bc elementor-section-boxed elementor-section-height-default elementor-section-height-default\" data-id=\"2bee9bc\" data-element_type=\"section\" data-e-type=\"section\">\n\t\t\t\t\t\t<div class=\"elementor-container elementor-column-gap-default\">\n\t\t\t\t\t<div class=\"elementor-column elementor-col-25 elementor-top-column elementor-element elementor-element-5e444c7\" data-id=\"5e444c7\" data-element_type=\"column\" data-e-type=\"column\">\n\t\t\t<div class=\"elementor-widget-wrap elementor-element-populated\">\n\t\t\t\t\t\t<div class=\"elementor-element elementor-element-c872ad1 elementor-widget elementor-widget-image\" data-id=\"c872ad1\" data-element_type=\"widget\" data-e-type=\"widget\" data-widget_type=\"image.default\">\n\t\t\t\t<div class=\"elementor-widget-container\">\n\t\t\t\t\t\t\t\t\t\t\t\t\t\t\t\t<a href=\"https:\/\/www.kunstloft.it\/1713-dipinto-acrilico-bushy-reflection\/\">\n\t\t\t\t\t\t\t<img loading=\"lazy\" decoding=\"async\" width=\"600\" height=\"400\" src=\"https:\/\/www.kunstloft.it\/rivista\/wp-content\/uploads\/2024\/09\/abstract-trees-nature-colourful-modern-acrylic-painting-oil-picture-oil-painting.webp\" class=\"attachment-large size-large wp-image-45996\" alt=\"abstract trees nature colourful modern acrylic painting oil painting\" srcset=\"https:\/\/www.kunstloft.it\/rivista\/wp-content\/uploads\/2024\/09\/abstract-trees-nature-colourful-modern-acrylic-painting-oil-picture-oil-painting.webp 600w, https:\/\/www.kunstloft.it\/rivista\/wp-content\/uploads\/2024\/09\/abstract-trees-nature-colourful-modern-acrylic-painting-oil-picture-oil-painting-300x200.webp 300w\" sizes=\"100vw\" \/>\t\t\t\t\t\t\t\t<\/a>\n\t\t\t\t\t\t\t\t\t\t\t\t\t\t\t<\/div>\n\t\t\t\t<\/div>\n\t\t\t\t<div class=\"elementor-element elementor-element-6989232 elementor-widget elementor-widget-text-editor\" data-id=\"6989232\" data-element_type=\"widget\" data-e-type=\"widget\" data-widget_type=\"text-editor.default\">\n\t\t\t\t<div class=\"elementor-widget-container\">\n\t\t\t\t\t\t\t\t\t<p style=\"text-align: center;\"><a href=\"https:\/\/www.kunstloft.it\/1713-dipinto-acrilico-bushy-reflection\/\" target=\"_blank\" rel=\"noopener\">Quadro dipinto a mano <br\/>&#8216;Bushy Reflection&#8217;<\/a><\/p>\t\t\t\t\t\t\t\t<\/div>\n\t\t\t\t<\/div>\n\t\t\t\t\t<\/div>\n\t\t<\/div>\n\t\t\t\t<div class=\"elementor-column elementor-col-25 elementor-top-column elementor-element elementor-element-054fd10\" data-id=\"054fd10\" data-element_type=\"column\" data-e-type=\"column\">\n\t\t\t<div class=\"elementor-widget-wrap elementor-element-populated\">\n\t\t\t\t\t\t<div class=\"elementor-element elementor-element-b1c5c33 elementor-widget elementor-widget-image\" data-id=\"b1c5c33\" data-element_type=\"widget\" data-e-type=\"widget\" data-widget_type=\"image.default\">\n\t\t\t\t<div class=\"elementor-widget-container\">\n\t\t\t\t\t\t\t\t\t\t\t\t\t\t\t\t<a href=\"https:\/\/www.kunstloft.it\/1720-dipinto-acrilico-october-dunes\/\">\n\t\t\t\t\t\t\t<img loading=\"lazy\" decoding=\"async\" width=\"600\" height=\"400\" src=\"https:\/\/www.kunstloft.it\/rivista\/wp-content\/uploads\/2024\/09\/beach-sea-beige-holiday-water-modern-acrylic-painting-oil-picture.webp\" class=\"attachment-large size-large wp-image-46003\" alt=\"beach sea beige holiday water modern acrylic oil painting\" srcset=\"https:\/\/www.kunstloft.it\/rivista\/wp-content\/uploads\/2024\/09\/beach-sea-beige-holiday-water-modern-acrylic-painting-oil-picture.webp 600w, https:\/\/www.kunstloft.it\/rivista\/wp-content\/uploads\/2024\/09\/beach-sea-beige-holiday-water-modern-acrylic-painting-oil-picture-300x200.webp 300w\" sizes=\"100vw\" \/>\t\t\t\t\t\t\t\t<\/a>\n\t\t\t\t\t\t\t\t\t\t\t\t\t\t\t<\/div>\n\t\t\t\t<\/div>\n\t\t\t\t<div class=\"elementor-element elementor-element-96104a8 elementor-widget elementor-widget-text-editor\" data-id=\"96104a8\" data-element_type=\"widget\" data-e-type=\"widget\" data-widget_type=\"text-editor.default\">\n\t\t\t\t<div class=\"elementor-widget-container\">\n\t\t\t\t\t\t\t\t\t<p style=\"text-align: center;\"><a href=\"https:\/\/www.kunstloft.it\/1720-dipinto-acrilico-october-dunes\/\" target=\"_blank\" rel=\"noopener\">Quadro dipinto a mano &#8216;October Dunes&#8217;<\/a><\/p>\t\t\t\t\t\t\t\t<\/div>\n\t\t\t\t<\/div>\n\t\t\t\t\t<\/div>\n\t\t<\/div>\n\t\t\t\t<div class=\"elementor-column elementor-col-25 elementor-top-column elementor-element elementor-element-b38cf53\" data-id=\"b38cf53\" data-element_type=\"column\" data-e-type=\"column\">\n\t\t\t<div class=\"elementor-widget-wrap elementor-element-populated\">\n\t\t\t\t\t\t<div class=\"elementor-element elementor-element-19df6b5 elementor-widget elementor-widget-image\" data-id=\"19df6b5\" data-element_type=\"widget\" data-e-type=\"widget\" data-widget_type=\"image.default\">\n\t\t\t\t<div class=\"elementor-widget-container\">\n\t\t\t\t\t\t\t\t\t\t\t\t\t\t\t\t<a href=\"https:\/\/www.kunstloft.it\/12149-dipinto-acrilico-on-the-sea\/\">\n\t\t\t\t\t\t\t<img loading=\"lazy\" decoding=\"async\" width=\"600\" height=\"400\" src=\"https:\/\/www.kunstloft.it\/rivista\/wp-content\/uploads\/2024\/09\/ships-boats-grey-beige-acrylic-paintings-acrylic-canvas-paintings-modern-art.webp\" class=\"attachment-large size-large wp-image-46018\" alt=\"ships boats grey beige acrylic canvas paintings modern art\" srcset=\"https:\/\/www.kunstloft.it\/rivista\/wp-content\/uploads\/2024\/09\/ships-boats-grey-beige-acrylic-paintings-acrylic-canvas-paintings-modern-art.webp 600w, https:\/\/www.kunstloft.it\/rivista\/wp-content\/uploads\/2024\/09\/ships-boats-grey-beige-acrylic-paintings-acrylic-canvas-paintings-modern-art-300x200.webp 300w\" sizes=\"100vw\" \/>\t\t\t\t\t\t\t\t<\/a>\n\t\t\t\t\t\t\t\t\t\t\t\t\t\t\t<\/div>\n\t\t\t\t<\/div>\n\t\t\t\t<div class=\"elementor-element elementor-element-338a61c elementor-widget elementor-widget-text-editor\" data-id=\"338a61c\" data-element_type=\"widget\" data-e-type=\"widget\" data-widget_type=\"text-editor.default\">\n\t\t\t\t<div class=\"elementor-widget-container\">\n\t\t\t\t\t\t\t\t\t<p style=\"text-align: center;\"><a href=\"https:\/\/www.kunstloft.it\/12149-dipinto-acrilico-on-the-sea\/\" target=\"_blank\" rel=\"noopener\">Quadro dipinto a mano <br\/>&#8216;On the Sea&#8217;<\/a><\/p>\t\t\t\t\t\t\t\t<\/div>\n\t\t\t\t<\/div>\n\t\t\t\t\t<\/div>\n\t\t<\/div>\n\t\t\t\t<div class=\"elementor-column elementor-col-25 elementor-top-column elementor-element elementor-element-b41e3f7\" data-id=\"b41e3f7\" data-element_type=\"column\" data-e-type=\"column\">\n\t\t\t<div class=\"elementor-widget-wrap elementor-element-populated\">\n\t\t\t\t\t\t<div class=\"elementor-element elementor-element-0eadd03 elementor-widget elementor-widget-image\" data-id=\"0eadd03\" data-element_type=\"widget\" data-e-type=\"widget\" data-widget_type=\"image.default\">\n\t\t\t\t<div class=\"elementor-widget-container\">\n\t\t\t\t\t\t\t\t\t\t\t\t\t\t\t\t<a href=\"https:\/\/www.kunstloft.it\/3242-dipinto-acrilico-little-family\/\">\n\t\t\t\t\t\t\t<img loading=\"lazy\" decoding=\"async\" width=\"600\" height=\"400\" src=\"https:\/\/www.kunstloft.it\/rivista\/wp-content\/uploads\/2024\/09\/modern-birds-branch-colourful-acrylic-paintings-acrylic-canvas-paintings-modern-art.webp\" class=\"attachment-large size-large wp-image-46013\" alt=\"modern birds branch colourful acrylic painting on canvas modern art\" srcset=\"https:\/\/www.kunstloft.it\/rivista\/wp-content\/uploads\/2024\/09\/modern-birds-branch-colourful-acrylic-paintings-acrylic-canvas-paintings-modern-art.webp 600w, https:\/\/www.kunstloft.it\/rivista\/wp-content\/uploads\/2024\/09\/modern-birds-branch-colourful-acrylic-paintings-acrylic-canvas-paintings-modern-art-300x200.webp 300w\" sizes=\"100vw\" \/>\t\t\t\t\t\t\t\t<\/a>\n\t\t\t\t\t\t\t\t\t\t\t\t\t\t\t<\/div>\n\t\t\t\t<\/div>\n\t\t\t\t<div class=\"elementor-element elementor-element-ab8b2a9 elementor-widget elementor-widget-text-editor\" data-id=\"ab8b2a9\" data-element_type=\"widget\" data-e-type=\"widget\" data-widget_type=\"text-editor.default\">\n\t\t\t\t<div class=\"elementor-widget-container\">\n\t\t\t\t\t\t\t\t\t<p style=\"text-align: center;\"><a href=\"https:\/\/www.kunstloft.it\/3242-dipinto-acrilico-little-family\/\" target=\"_blank\" rel=\"noopener\">Quadro dipinto a mano <br\/>&#8216;Little Family&#8217;<\/a><\/p>\t\t\t\t\t\t\t\t<\/div>\n\t\t\t\t<\/div>\n\t\t\t\t\t<\/div>\n\t\t<\/div>\n\t\t\t\t\t<\/div>\n\t\t<\/section>\n\t\t\t\t<section class=\"elementor-section elementor-top-section elementor-element elementor-element-6533ef0 elementor-section-boxed elementor-section-height-default elementor-section-height-default\" data-id=\"6533ef0\" data-element_type=\"section\" data-e-type=\"section\">\n\t\t\t\t\t\t<div class=\"elementor-container elementor-column-gap-default\">\n\t\t\t\t\t<div class=\"elementor-column elementor-col-100 elementor-top-column elementor-element elementor-element-9483b3c\" data-id=\"9483b3c\" data-element_type=\"column\" data-e-type=\"column\">\n\t\t\t<div class=\"elementor-widget-wrap elementor-element-populated\">\n\t\t\t\t\t\t<div class=\"elementor-element elementor-element-e58cde2 elementor-widget elementor-widget-heading\" data-id=\"e58cde2\" data-element_type=\"widget\" data-e-type=\"widget\" id=\"Colorivivacieaudaci\" data-widget_type=\"heading.default\">\n\t\t\t\t<div class=\"elementor-widget-container\">\n\t\t\t\t\t<h3 class=\"elementor-heading-title elementor-size-default\">Colori vivaci e audaci<\/h3>\t\t\t\t<\/div>\n\t\t\t\t<\/div>\n\t\t\t\t<div class=\"elementor-element elementor-element-9bba31d elementor-widget elementor-widget-text-editor\" data-id=\"9bba31d\" data-element_type=\"widget\" data-e-type=\"widget\" data-widget_type=\"text-editor.default\">\n\t\t\t\t<div class=\"elementor-widget-container\">\n\t\t\t\t\t\t\t\t\t<p>I <a href=\"https:\/\/www.kunstloft.it\/rivista\/9-palette-di-colori-di-primavera-per-la-vostra-casa\/#Audace\">colori vivaci e audaci<\/a> sono sinonimo della vivacit\u00e0 e dell&#8217;energia dell&#8217;estate e conferiscono immediatamente un&#8217;atmosfera vivace e allegra a qualsiasi ambiente. Pensate al blu acceso del mare, al giallo vibrante del sole e al rosso intenso dei fiori estivi. Questi colori possono apportare un elemento dinamico e accattivante alla vostra casa, che attirer\u00e0 l&#8217;attenzione e porter\u00e0 gioia. Tuttavia, l&#8217;equilibrio \u00e8 fondamentale quando si utilizzano tinte forti; usandole con parsimonia come colori d&#8217;accento si pu\u00f2 evitare di sovrastare l&#8217;ambiente. Considerate una parete d&#8217;accento luminosa, <a href=\"https:\/\/www.kunstloft.it\/561-dipinto-acrilico-futuro-luminoso\/\">opere d&#8217;arte colorate<\/a> o pezzi decorativi vivaci per dare energia alla stanza senza sovrastarla. In questo modo, potrete godere dell&#8217;effetto edificante dei colori vivaci mantenendo un ambiente armonioso ed elegante.<\/p>\t\t\t\t\t\t\t\t<\/div>\n\t\t\t\t<\/div>\n\t\t\t\t<div class=\"elementor-element elementor-element-ee8ac17 elementor-widget elementor-widget-image\" data-id=\"ee8ac17\" data-element_type=\"widget\" data-e-type=\"widget\" data-widget_type=\"image.default\">\n\t\t\t\t<div class=\"elementor-widget-container\">\n\t\t\t\t\t\t\t\t\t\t\t\t\t\t\t\t<a href=\"https:\/\/www.kunstloft.it\/10969-dipinto-olio-wave-energy\/\">\n\t\t\t\t\t\t\t<img loading=\"lazy\" decoding=\"async\" width=\"950\" height=\"620\" src=\"https:\/\/www.kunstloft.it\/rivista\/wp-content\/uploads\/2024\/09\/A-photo-realistic-living-scene-in-a-timeless-summer-color-palette-of-bright-and-bold-tones-1024x668.webp\" class=\"attachment-large size-large wp-image-46000\" alt=\"A photo-realistic scene of life in a timeless summer colour palette of bold, vivid tones.\" srcset=\"https:\/\/www.kunstloft.it\/rivista\/wp-content\/uploads\/2024\/09\/A-photo-realistic-living-scene-in-a-timeless-summer-color-palette-of-bright-and-bold-tones-1024x668.webp 1024w, https:\/\/www.kunstloft.it\/rivista\/wp-content\/uploads\/2024\/09\/A-photo-realistic-living-scene-in-a-timeless-summer-color-palette-of-bright-and-bold-tones-300x196.webp 300w, https:\/\/www.kunstloft.it\/rivista\/wp-content\/uploads\/2024\/09\/A-photo-realistic-living-scene-in-a-timeless-summer-color-palette-of-bright-and-bold-tones-768x501.webp 768w, https:\/\/www.kunstloft.it\/rivista\/wp-content\/uploads\/2024\/09\/A-photo-realistic-living-scene-in-a-timeless-summer-color-palette-of-bright-and-bold-tones-640x418.webp 640w, https:\/\/www.kunstloft.it\/rivista\/wp-content\/uploads\/2024\/09\/A-photo-realistic-living-scene-in-a-timeless-summer-color-palette-of-bright-and-bold-tones.webp 1280w\" sizes=\"100vw\" \/>\t\t\t\t\t\t\t\t<\/a>\n\t\t\t\t\t\t\t\t\t\t\t\t\t\t\t<\/div>\n\t\t\t\t<\/div>\n\t\t\t\t<section class=\"elementor-section elementor-inner-section elementor-element elementor-element-3cdad75 elementor-section-boxed elementor-section-height-default elementor-section-height-default\" data-id=\"3cdad75\" data-element_type=\"section\" data-e-type=\"section\">\n\t\t\t\t\t\t<div class=\"elementor-container elementor-column-gap-default\">\n\t\t\t\t\t<div class=\"elementor-column elementor-col-100 elementor-inner-column elementor-element elementor-element-5c70009\" data-id=\"5c70009\" data-element_type=\"column\" data-e-type=\"column\">\n\t\t\t<div class=\"elementor-widget-wrap elementor-element-populated\">\n\t\t\t\t\t\t<div class=\"elementor-element elementor-element-c0207b4 elementor-widget__width-auto elementor-widget elementor-widget-image\" data-id=\"c0207b4\" data-element_type=\"widget\" data-e-type=\"widget\" data-widget_type=\"image.default\">\n\t\t\t\t<div class=\"elementor-widget-container\">\n\t\t\t\t\t\t\t\t\t\t\t\t\t\t\t\t<a href=\"https:\/\/www.kunstloft.co.uk\/wordpress\/en_UK\/gb\/wp-content\/uploads\/2024\/09\/figurative-abstraction-colourful-oil-painted-oil-paintings-hand-painted-unique-modern-art.webp\" data-elementor-open-lightbox=\"yes\" data-elementor-lightbox-title=\"figurative abstraction colourful hand painted oil paintings unique modern art\" data-elementor-lightbox-description=\"figurative abstraction colourful hand painted oil paintings unique modern art\" data-e-action-hash=\"#elementor-action%3Aaction%3Dlightbox%26settings%3DeyJpZCI6NDYwMDksInVybCI6Imh0dHBzOlwvXC93d3cua3Vuc3Rsb2Z0Lml0XC9yaXZpc3RhXC93cC1jb250ZW50XC91cGxvYWRzXC8yMDI0XC8wOVwvZmlndXJhdGl2ZS1hYnN0cmFjdGlvbi1jb2xvdXJmdWwtb2lsLXBhaW50ZWQtb2lsLXBhaW50aW5ncy1oYW5kLXBhaW50ZWQtdW5pcXVlLW1vZGVybi1hcnQud2VicCJ9\">\n\t\t\t\t\t\t\t<img loading=\"lazy\" decoding=\"async\" width=\"600\" height=\"400\" src=\"https:\/\/www.kunstloft.it\/rivista\/wp-content\/uploads\/2024\/09\/figurative-abstraction-colourful-oil-painted-oil-paintings-hand-painted-unique-modern-art.webp\" class=\"attachment-medium_large size-medium_large wp-image-46009\" alt=\"figurative abstraction colourful hand painted oil paintings unique modern art\" srcset=\"https:\/\/www.kunstloft.it\/rivista\/wp-content\/uploads\/2024\/09\/figurative-abstraction-colourful-oil-painted-oil-paintings-hand-painted-unique-modern-art.webp 600w, https:\/\/www.kunstloft.it\/rivista\/wp-content\/uploads\/2024\/09\/figurative-abstraction-colourful-oil-painted-oil-paintings-hand-painted-unique-modern-art-300x200.webp 300w\" sizes=\"100vw\" \/>\t\t\t\t\t\t\t\t<\/a>\n\t\t\t\t\t\t\t\t\t\t\t\t\t\t\t<\/div>\n\t\t\t\t<\/div>\n\t\t\t\t<div class=\"elementor-element elementor-element-9b7af40 elementor-widget__width-auto elementor-widget elementor-widget-image\" data-id=\"9b7af40\" data-element_type=\"widget\" data-e-type=\"widget\" data-widget_type=\"image.default\">\n\t\t\t\t<div class=\"elementor-widget-container\">\n\t\t\t\t\t\t\t\t\t\t\t\t\t\t\t\t<a href=\"https:\/\/www.kunstloft.co.uk\/wordpress\/en_UK\/gb\/wp-content\/uploads\/2024\/09\/figurative-abstraction-colourful-oil-painted-paintings-hand-painted-unique-modern-art.webp\" data-elementor-open-lightbox=\"yes\" data-elementor-lightbox-title=\"figurative abstraction colourful hand painted oil paintings unique modern art\" data-elementor-lightbox-description=\"figurative abstraction colourful hand painted oil paintings unique modern art\" data-e-action-hash=\"#elementor-action%3Aaction%3Dlightbox%26settings%3DeyJpZCI6NDYwMTAsInVybCI6Imh0dHBzOlwvXC93d3cua3Vuc3Rsb2Z0Lml0XC9yaXZpc3RhXC93cC1jb250ZW50XC91cGxvYWRzXC8yMDI0XC8wOVwvZmlndXJhdGl2ZS1hYnN0cmFjdGlvbi1jb2xvdXJmdWwtb2lsLXBhaW50ZWQtcGFpbnRpbmdzLWhhbmQtcGFpbnRlZC11bmlxdWUtbW9kZXJuLWFydC53ZWJwIn0%3D\">\n\t\t\t\t\t\t\t<img loading=\"lazy\" decoding=\"async\" width=\"600\" height=\"400\" src=\"https:\/\/www.kunstloft.it\/rivista\/wp-content\/uploads\/2024\/09\/figurative-abstraction-colourful-oil-painted-paintings-hand-painted-unique-modern-art.webp\" class=\"attachment-medium_large size-medium_large wp-image-46010\" alt=\"figurative abstraction colourful hand painted oil paintings unique modern art\" srcset=\"https:\/\/www.kunstloft.it\/rivista\/wp-content\/uploads\/2024\/09\/figurative-abstraction-colourful-oil-painted-paintings-hand-painted-unique-modern-art.webp 600w, https:\/\/www.kunstloft.it\/rivista\/wp-content\/uploads\/2024\/09\/figurative-abstraction-colourful-oil-painted-paintings-hand-painted-unique-modern-art-300x200.webp 300w\" sizes=\"100vw\" \/>\t\t\t\t\t\t\t\t<\/a>\n\t\t\t\t\t\t\t\t\t\t\t\t\t\t\t<\/div>\n\t\t\t\t<\/div>\n\t\t\t\t\t<\/div>\n\t\t<\/div>\n\t\t\t\t\t<\/div>\n\t\t<\/section>\n\t\t\t\t<div class=\"elementor-element elementor-element-72cbea6 elementor-widget elementor-widget-text-editor\" data-id=\"72cbea6\" data-element_type=\"widget\" data-e-type=\"widget\" data-widget_type=\"text-editor.default\">\n\t\t\t\t<div class=\"elementor-widget-container\">\n\t\t\t\t\t\t\t\t\t<p style=\"text-align: center;\"><a href=\"https:\/\/www.kunstloft.it\/10969-dipinto-olio-wave-energy\/\" target=\"_blank\" rel=\"noopener\">XXL Dipinti a olio &#8216;Wave Energy&#8217; 180x120cm<\/a><\/p>\t\t\t\t\t\t\t\t<\/div>\n\t\t\t\t<\/div>\n\t\t\t\t\t<\/div>\n\t\t<\/div>\n\t\t\t\t\t<\/div>\n\t\t<\/section>\n\t\t\t\t<section class=\"elementor-section elementor-top-section elementor-element elementor-element-a4de44c elementor-section-boxed elementor-section-height-default elementor-section-height-default\" data-id=\"a4de44c\" data-element_type=\"section\" data-e-type=\"section\">\n\t\t\t\t\t\t<div class=\"elementor-container elementor-column-gap-default\">\n\t\t\t\t\t<div class=\"elementor-column elementor-col-100 elementor-top-column elementor-element elementor-element-3790a7c\" data-id=\"3790a7c\" data-element_type=\"column\" data-e-type=\"column\">\n\t\t\t<div class=\"elementor-widget-wrap elementor-element-populated\">\n\t\t\t\t\t\t<div class=\"elementor-element elementor-element-cb0672b elementor-widget elementor-widget-heading\" data-id=\"cb0672b\" data-element_type=\"widget\" data-e-type=\"widget\" id=\"Coloripastello\" data-widget_type=\"heading.default\">\n\t\t\t\t<div class=\"elementor-widget-container\">\n\t\t\t\t\t<h3 class=\"elementor-heading-title elementor-size-default\">Colori pastello<\/h3>\t\t\t\t<\/div>\n\t\t\t\t<\/div>\n\t\t\t\t<div class=\"elementor-element elementor-element-b6d5f49 elementor-widget elementor-widget-text-editor\" data-id=\"b6d5f49\" data-element_type=\"widget\" data-e-type=\"widget\" data-widget_type=\"text-editor.default\">\n\t\t\t\t<div class=\"elementor-widget-container\">\n\t\t\t\t\t\t\t\t\t<p>I <a href=\"https:\/\/www.kunstloft.it\/rivista\/9-palette-di-colori-di-primavera-per-la-vostra-casa\/#Pastello\">colori pastello<\/a> sono tenui, calmanti e perfetti per creare un&#8217;atmosfera estiva e rilassata nella vostra casa. Colori come il verde menta, l&#8217;azzurro baby e il rosa tenue trasmettono un senso di calma e serenit\u00e0 e sono quindi ideali per le stanze in cui ci si vuole rilassare. Questi colori tenui fanno apparire gli ambienti pi\u00f9 aperti e ariosi e contribuiscono a creare un&#8217;atmosfera leggera e ariosa. I colori pastello sono incredibilmente versatili e possono essere utilizzati in vari elementi di design, dalle pareti ai mobili e agli accessori. Si abbinano magnificamente ai colori neutri e possono essere arricchiti con motivi e trame sottili per una maggiore profondit\u00e0. L&#8217;uso dei colori pastello in una camera da letto o in un soggiorno crea un rifugio tranquillo che cattura l&#8217;essenza della morbida bellezza dell&#8217;estate.<\/p>\t\t\t\t\t\t\t\t<\/div>\n\t\t\t\t<\/div>\n\t\t\t\t\t<\/div>\n\t\t<\/div>\n\t\t\t\t\t<\/div>\n\t\t<\/section>\n\t\t\t\t<section class=\"elementor-section elementor-top-section elementor-element elementor-element-e1c73fd elementor-section-boxed elementor-section-height-default elementor-section-height-default\" data-id=\"e1c73fd\" data-element_type=\"section\" data-e-type=\"section\">\n\t\t\t\t\t\t<div class=\"elementor-container elementor-column-gap-default\">\n\t\t\t\t\t<div class=\"elementor-column elementor-col-50 elementor-top-column elementor-element elementor-element-e692c82\" data-id=\"e692c82\" data-element_type=\"column\" data-e-type=\"column\">\n\t\t\t<div class=\"elementor-widget-wrap elementor-element-populated\">\n\t\t\t\t\t\t<div class=\"elementor-element elementor-element-c21abc3 elementor-widget elementor-widget-image\" data-id=\"c21abc3\" data-element_type=\"widget\" data-e-type=\"widget\" data-widget_type=\"image.default\">\n\t\t\t\t<div class=\"elementor-widget-container\">\n\t\t\t\t\t\t\t\t\t\t\t\t\t\t\t\t<a href=\"https:\/\/www.kunstloft.it\/4821-dipinto-acrilico-beach-beauty\/\">\n\t\t\t\t\t\t\t<img loading=\"lazy\" decoding=\"async\" width=\"950\" height=\"792\" src=\"https:\/\/www.kunstloft.it\/rivista\/wp-content\/uploads\/2024\/09\/A-bright-and-airy-bedroom-with-a-palette-of-soft-pastels-and-pops-of-vibrant-color-3-1024x854.webp\" class=\"attachment-large size-large wp-image-45971\" alt=\"A light and airy bedroom with a palette of soft pastels and touches of vibrant summer colours.\" srcset=\"https:\/\/www.kunstloft.it\/rivista\/wp-content\/uploads\/2024\/09\/A-bright-and-airy-bedroom-with-a-palette-of-soft-pastels-and-pops-of-vibrant-color-3-1024x854.webp 1024w, https:\/\/www.kunstloft.it\/rivista\/wp-content\/uploads\/2024\/09\/A-bright-and-airy-bedroom-with-a-palette-of-soft-pastels-and-pops-of-vibrant-color-3-300x250.webp 300w, https:\/\/www.kunstloft.it\/rivista\/wp-content\/uploads\/2024\/09\/A-bright-and-airy-bedroom-with-a-palette-of-soft-pastels-and-pops-of-vibrant-color-3-768x640.webp 768w, https:\/\/www.kunstloft.it\/rivista\/wp-content\/uploads\/2024\/09\/A-bright-and-airy-bedroom-with-a-palette-of-soft-pastels-and-pops-of-vibrant-color-3-640x534.webp 640w, https:\/\/www.kunstloft.it\/rivista\/wp-content\/uploads\/2024\/09\/A-bright-and-airy-bedroom-with-a-palette-of-soft-pastels-and-pops-of-vibrant-color-3.webp 1228w\" sizes=\"100vw\" \/>\t\t\t\t\t\t\t\t<\/a>\n\t\t\t\t\t\t\t\t\t\t\t\t\t\t\t<\/div>\n\t\t\t\t<\/div>\n\t\t\t\t<div class=\"elementor-element elementor-element-cc33025 elementor-widget elementor-widget-text-editor\" data-id=\"cc33025\" data-element_type=\"widget\" data-e-type=\"widget\" data-widget_type=\"text-editor.default\">\n\t\t\t\t<div class=\"elementor-widget-container\">\n\t\t\t\t\t\t\t\t\t<p style=\"text-align: center;\"><a href=\"https:\/\/www.kunstloft.it\/4821-dipinto-acrilico-beach-beauty\/\" target=\"_blank\" rel=\"noopener\">Quadro dipinto a mano &#8216;Venus at the Beach&#8217; 60x90cm<\/a><\/p>\t\t\t\t\t\t\t\t<\/div>\n\t\t\t\t<\/div>\n\t\t\t\t\t<\/div>\n\t\t<\/div>\n\t\t\t\t<div class=\"elementor-column elementor-col-50 elementor-top-column elementor-element elementor-element-0bdfbb7\" data-id=\"0bdfbb7\" data-element_type=\"column\" data-e-type=\"column\">\n\t\t\t<div class=\"elementor-widget-wrap elementor-element-populated\">\n\t\t\t\t\t\t<div class=\"elementor-element elementor-element-26ae6ff elementor-widget elementor-widget-image\" data-id=\"26ae6ff\" data-element_type=\"widget\" data-e-type=\"widget\" data-widget_type=\"image.default\">\n\t\t\t\t<div class=\"elementor-widget-container\">\n\t\t\t\t\t\t\t\t\t\t\t\t\t\t\t\t<a href=\"https:\/\/www.kunstloft.it\/6709-dipinto-acrilico-jolly-theodore\/\">\n\t\t\t\t\t\t\t<img loading=\"lazy\" decoding=\"async\" width=\"950\" height=\"792\" src=\"https:\/\/www.kunstloft.it\/rivista\/wp-content\/uploads\/2024\/09\/A-chic-baby-room-with-a-birch-crib-and-a-soft-pastel-palette-1024x854.webp\" class=\"attachment-large size-large wp-image-45970\" alt=\"A chic nursery with a birch cradle and a palette of pastel summer colours.\" srcset=\"https:\/\/www.kunstloft.it\/rivista\/wp-content\/uploads\/2024\/09\/A-chic-baby-room-with-a-birch-crib-and-a-soft-pastel-palette-1024x854.webp 1024w, https:\/\/www.kunstloft.it\/rivista\/wp-content\/uploads\/2024\/09\/A-chic-baby-room-with-a-birch-crib-and-a-soft-pastel-palette-300x250.webp 300w, https:\/\/www.kunstloft.it\/rivista\/wp-content\/uploads\/2024\/09\/A-chic-baby-room-with-a-birch-crib-and-a-soft-pastel-palette-768x640.webp 768w, https:\/\/www.kunstloft.it\/rivista\/wp-content\/uploads\/2024\/09\/A-chic-baby-room-with-a-birch-crib-and-a-soft-pastel-palette-640x534.webp 640w, https:\/\/www.kunstloft.it\/rivista\/wp-content\/uploads\/2024\/09\/A-chic-baby-room-with-a-birch-crib-and-a-soft-pastel-palette.webp 1228w\" sizes=\"100vw\" \/>\t\t\t\t\t\t\t\t<\/a>\n\t\t\t\t\t\t\t\t\t\t\t\t\t\t\t<\/div>\n\t\t\t\t<\/div>\n\t\t\t\t<div class=\"elementor-element elementor-element-0a34974 elementor-widget elementor-widget-text-editor\" data-id=\"0a34974\" data-element_type=\"widget\" data-e-type=\"widget\" data-widget_type=\"text-editor.default\">\n\t\t\t\t<div class=\"elementor-widget-container\">\n\t\t\t\t\t\t\t\t\t<p style=\"text-align: center;\"><a href=\"https:\/\/www.kunstloft.it\/6709-dipinto-acrilico-jolly-theodore\/\" target=\"_blank\" rel=\"noopener\">Quadro dipinto a mano &#8216;Jolly Theodore&#8217; 70x100cm<\/a><\/p>\t\t\t\t\t\t\t\t<\/div>\n\t\t\t\t<\/div>\n\t\t\t\t\t<\/div>\n\t\t<\/div>\n\t\t\t\t\t<\/div>\n\t\t<\/section>\n\t\t\t\t<section class=\"elementor-section elementor-top-section elementor-element elementor-element-3b1d6b4 elementor-section-boxed elementor-section-height-default elementor-section-height-default\" data-id=\"3b1d6b4\" data-element_type=\"section\" data-e-type=\"section\">\n\t\t\t\t\t\t<div class=\"elementor-container elementor-column-gap-default\">\n\t\t\t\t\t<div class=\"elementor-column elementor-col-100 elementor-top-column elementor-element elementor-element-7ce88e2\" data-id=\"7ce88e2\" data-element_type=\"column\" data-e-type=\"column\">\n\t\t\t<div class=\"elementor-widget-wrap elementor-element-populated\">\n\t\t\t\t\t\t<div class=\"elementor-element elementor-element-807ce38 elementor-widget elementor-widget-heading\" data-id=\"807ce38\" data-element_type=\"widget\" data-e-type=\"widget\" id=\"Coloridellaterra\" data-widget_type=\"heading.default\">\n\t\t\t\t<div class=\"elementor-widget-container\">\n\t\t\t\t\t<h3 class=\"elementor-heading-title elementor-size-default\">Colori della terra<\/h3>\t\t\t\t<\/div>\n\t\t\t\t<\/div>\n\t\t\t\t<div class=\"elementor-element elementor-element-b0c0a89 elementor-widget elementor-widget-text-editor\" data-id=\"b0c0a89\" data-element_type=\"widget\" data-e-type=\"widget\" data-widget_type=\"text-editor.default\">\n\t\t\t\t<div class=\"elementor-widget-container\">\n\t\t\t\t\t\t\t\t\t<p>I colori della terra, come il cotto, il verde oliva e i toni caldi del marrone, portano in casa l&#8217;essenza rilassante della natura e creano un&#8217;atmosfera solida e invitante. Questi colori ricordano i paesaggi estivi ed evocano il calore della terra e la tranquillit\u00e0 degli ambienti naturali. Le <a href=\"https:\/\/www.kunstloft.it\/rivista\/9-palette-di-colori-di-primavera-per-la-vostra-casa\/#Terrosi\">tonalit\u00e0 della terra<\/a> conferiscono alla stanza una sensazione di intimit\u00e0 e serenit\u00e0 e creano lo sfondo perfetto per il relax. Si abbinano particolarmente bene a materiali naturali come il legno, la pietra e il rattan, esaltando l&#8217;atmosfera organica degli interni. L&#8217;abbinamento di questi colori con texture ricche e motivi stratificati pu\u00f2 aggiungere profondit\u00e0 e interesse al vostro design, rendendolo pi\u00f9 dinamico e sofisticato. In salotto, in cucina o all&#8217;aperto, le tonalit\u00e0 della terra contribuiscono a creare un ambiente estivo armonioso e senza tempo.<\/p>\t\t\t\t\t\t\t\t<\/div>\n\t\t\t\t<\/div>\n\t\t\t\t<div class=\"elementor-element elementor-element-a91ccd4 elementor-widget elementor-widget-image\" data-id=\"a91ccd4\" data-element_type=\"widget\" data-e-type=\"widget\" data-widget_type=\"image.default\">\n\t\t\t\t<div class=\"elementor-widget-container\">\n\t\t\t\t\t\t\t\t\t\t\t\t\t\t\t\t<a href=\"https:\/\/www.kunstloft.it\/280-dipinto-acrilico-il-frusciare-del-salice-piangente\/\">\n\t\t\t\t\t\t\t<img loading=\"lazy\" decoding=\"async\" width=\"950\" height=\"590\" src=\"https:\/\/www.kunstloft.it\/rivista\/wp-content\/uploads\/2024\/09\/A-living-room-decorated-in-a-Bohemian-Mid-century-modern-style-with-earthy-colors-design-and-a-gallery-wall-1024x636.webp\" class=\"attachment-large size-large wp-image-45985\" alt=\"A living room decorated in a bohemian mid-century modern style with earthy summer colours.\" srcset=\"https:\/\/www.kunstloft.it\/rivista\/wp-content\/uploads\/2024\/09\/A-living-room-decorated-in-a-Bohemian-Mid-century-modern-style-with-earthy-colors-design-and-a-gallery-wall-1024x636.webp 1024w, https:\/\/www.kunstloft.it\/rivista\/wp-content\/uploads\/2024\/09\/A-living-room-decorated-in-a-Bohemian-Mid-century-modern-style-with-earthy-colors-design-and-a-gallery-wall-300x186.webp 300w, https:\/\/www.kunstloft.it\/rivista\/wp-content\/uploads\/2024\/09\/A-living-room-decorated-in-a-Bohemian-Mid-century-modern-style-with-earthy-colors-design-and-a-gallery-wall-768x477.webp 768w, https:\/\/www.kunstloft.it\/rivista\/wp-content\/uploads\/2024\/09\/A-living-room-decorated-in-a-Bohemian-Mid-century-modern-style-with-earthy-colors-design-and-a-gallery-wall-640x398.webp 640w, https:\/\/www.kunstloft.it\/rivista\/wp-content\/uploads\/2024\/09\/A-living-room-decorated-in-a-Bohemian-Mid-century-modern-style-with-earthy-colors-design-and-a-gallery-wall.webp 1280w\" sizes=\"100vw\" \/>\t\t\t\t\t\t\t\t<\/a>\n\t\t\t\t\t\t\t\t\t\t\t\t\t\t\t<\/div>\n\t\t\t\t<\/div>\n\t\t\t\t<div class=\"elementor-element elementor-element-c388b5f elementor-widget elementor-widget-text-editor\" data-id=\"c388b5f\" data-element_type=\"widget\" data-e-type=\"widget\" data-widget_type=\"text-editor.default\">\n\t\t\t\t<div class=\"elementor-widget-container\">\n\t\t\t\t\t\t\t\t\t<p style=\"text-align: center;\"><a href=\"https:\/\/www.kunstloft.it\/280-dipinto-acrilico-il-frusciare-del-salice-piangente\/\" target=\"_blank\" rel=\"noopener\">Quadro dipinto a mano &#8216;Il frusciare del salice piangente&#8217; 80x80cm<\/a><\/p>\t\t\t\t\t\t\t\t<\/div>\n\t\t\t\t<\/div>\n\t\t\t\t\t<\/div>\n\t\t<\/div>\n\t\t\t\t\t<\/div>\n\t\t<\/section>\n\t\t\t\t<section class=\"elementor-section elementor-top-section elementor-element elementor-element-622404f elementor-section-boxed elementor-section-height-default elementor-section-height-default\" data-id=\"622404f\" data-element_type=\"section\" data-e-type=\"section\">\n\t\t\t\t\t\t<div class=\"elementor-container elementor-column-gap-default\">\n\t\t\t\t\t<div class=\"elementor-column elementor-col-100 elementor-top-column elementor-element elementor-element-6fb955d\" data-id=\"6fb955d\" data-element_type=\"column\" data-e-type=\"column\">\n\t\t\t<div class=\"elementor-widget-wrap elementor-element-populated\">\n\t\t\t\t\t\t<div class=\"elementor-element elementor-element-e5c971d elementor-widget elementor-widget-heading\" data-id=\"e5c971d\" data-element_type=\"widget\" data-e-type=\"widget\" id=\"Bluebianco\" data-widget_type=\"heading.default\">\n\t\t\t\t<div class=\"elementor-widget-container\">\n\t\t\t\t\t<h3 class=\"elementor-heading-title elementor-size-default\">Blu e bianco<\/h3>\t\t\t\t<\/div>\n\t\t\t\t<\/div>\n\t\t\t\t<div class=\"elementor-element elementor-element-e73902d elementor-widget elementor-widget-text-editor\" data-id=\"e73902d\" data-element_type=\"widget\" data-e-type=\"widget\" data-widget_type=\"text-editor.default\">\n\t\t\t\t<div class=\"elementor-widget-container\">\n\t\t\t\t\t\t\t\t\t<p>Il <strong>blu e bianco<\/strong> \u00e8 una classica combinazione di colori estivi che dona senza sforzo un&#8217;atmosfera fresca e nautica a qualsiasi ambiente. Questo binomio senza tempo \u00e8 perfetto per creare un look fresco e pulito che ricorda un rifugio costiero e marittimo. L&#8217;effetto calmante del blu, dal profondo blu navy al morbido azzurro, si combina magnificamente con la purezza del bianco per creare spazi aperti e tranquilli. Le strisce blu e bianche, le ceramiche e i tessuti rafforzano il tema marittimo e aggiungono interesse visivo. Questa combinazione di colori \u00e8 adatta a diversi ambienti, dal soggiorno alla cucina, dal bagno alla camera da letto, ed \u00e8 quindi un&#8217;opzione di design versatile e duratura. Con il blu e il bianco \u00e8 possibile creare un&#8217;atmosfera chic e ventilata che incarna l&#8217;essenza dell&#8217;estate e assicura che la vostra casa rimanga elegante e invitante anno dopo anno.<\/p>\t\t\t\t\t\t\t\t<\/div>\n\t\t\t\t<\/div>\n\t\t\t\t\t<\/div>\n\t\t<\/div>\n\t\t\t\t\t<\/div>\n\t\t<\/section>\n\t\t\t\t<section class=\"elementor-section elementor-top-section elementor-element elementor-element-e5e313c elementor-section-boxed elementor-section-height-default elementor-section-height-default\" data-id=\"e5e313c\" data-element_type=\"section\" data-e-type=\"section\">\n\t\t\t\t\t\t<div class=\"elementor-container elementor-column-gap-default\">\n\t\t\t\t\t<div class=\"elementor-column elementor-col-100 elementor-top-column elementor-element elementor-element-16a2a67\" data-id=\"16a2a67\" data-element_type=\"column\" data-e-type=\"column\">\n\t\t\t<div class=\"elementor-widget-wrap elementor-element-populated\">\n\t\t\t\t\t\t<div class=\"elementor-element elementor-element-715f05d elementor-widget elementor-widget-image\" data-id=\"715f05d\" data-element_type=\"widget\" data-e-type=\"widget\" data-widget_type=\"image.default\">\n\t\t\t\t<div class=\"elementor-widget-container\">\n\t\t\t\t\t\t\t\t\t\t\t\t\t\t\t\t<a href=\"https:\/\/www.kunstloft.it\/4083-dipinto-acrilico-brezza-marina\/\">\n\t\t\t\t\t\t\t<img decoding=\"async\" src=\"https:\/\/www.kunstloft.co.uk\/wordpress\/en_UK\/gb\/wp-content\/uploads\/2024\/06\/Ein-Kuesten-Wohnzimmer-mit-einer-hellblauen-Farbpalette.webp\" title=\"\" alt=\"\" loading=\"lazy\" \/>\t\t\t\t\t\t\t\t<\/a>\n\t\t\t\t\t\t\t\t\t\t\t\t\t\t\t<\/div>\n\t\t\t\t<\/div>\n\t\t\t\t<div class=\"elementor-element elementor-element-d643bdd elementor-widget elementor-widget-text-editor\" data-id=\"d643bdd\" data-element_type=\"widget\" data-e-type=\"widget\" data-widget_type=\"text-editor.default\">\n\t\t\t\t<div class=\"elementor-widget-container\">\n\t\t\t\t\t\t\t\t\t<p style=\"text-align: center;\"><a href=\"https:\/\/www.kunstloft.it\/4083-dipinto-acrilico-brezza-marina\/\" target=\"_blank\" rel=\"noopener\">Quadro dipinto a mano &#8216;Brezza marina&#8217; 60x80cm<\/a><\/p>\t\t\t\t\t\t\t\t<\/div>\n\t\t\t\t<\/div>\n\t\t\t\t\t<\/div>\n\t\t<\/div>\n\t\t\t\t\t<\/div>\n\t\t<\/section>\n\t\t\t\t<section class=\"elementor-section elementor-top-section elementor-element elementor-element-71929f1 elementor-section-boxed elementor-section-height-default elementor-section-height-default\" data-id=\"71929f1\" data-element_type=\"section\" data-e-type=\"section\">\n\t\t\t\t\t\t<div class=\"elementor-container elementor-column-gap-default\">\n\t\t\t\t\t<div class=\"elementor-column elementor-col-100 elementor-top-column elementor-element elementor-element-7ab8fc1\" data-id=\"7ab8fc1\" data-element_type=\"column\" data-e-type=\"column\">\n\t\t\t<div class=\"elementor-widget-wrap elementor-element-populated\">\n\t\t\t\t\t\t<div class=\"elementor-element elementor-element-562752b elementor-widget elementor-widget-heading\" data-id=\"562752b\" data-element_type=\"widget\" data-e-type=\"widget\" id=\"Verdeegiallo\" data-widget_type=\"heading.default\">\n\t\t\t\t<div class=\"elementor-widget-container\">\n\t\t\t\t\t<h3 class=\"elementor-heading-title elementor-size-default\">Verde e giallo<\/h3>\t\t\t\t<\/div>\n\t\t\t\t<\/div>\n\t\t\t\t<div class=\"elementor-element elementor-element-432d5cd elementor-widget elementor-widget-text-editor\" data-id=\"432d5cd\" data-element_type=\"widget\" data-e-type=\"widget\" data-widget_type=\"text-editor.default\">\n\t\t\t\t<div class=\"elementor-widget-container\">\n\t\t\t\t\t\t\t\t\t<p>Il <a href=\"https:\/\/www.kunstloft.it\/rivista\/9-palette-di-colori-di-primavera-per-la-vostra-casa\/#Monocromatiche\">verde e il giallo<\/a> sono colori vivaci che evocano la freschezza e la vitalit\u00e0 di giardini soleggiati e prati rigogliosi e portano un tocco di natura in casa. Questi colori sono perfetti per creare un&#8217;atmosfera luminosa e allegra che rende ogni stanza pi\u00f9 invitante e piena di energia. Verdi tenui come la salvia o la menta possono essere utilizzati sulle pareti e sui mobili per creare uno sfondo rilassante. Le sfumature di giallo, sotto forma di accessori come cuscini, vasi o <a href=\"https:\/\/www.kunstloft.it\/giallo\/\">opere d&#8217;arte<\/a>, possono aggiungere calore e un senso di solarit\u00e0 alla stanza. Questa combinazione \u00e8 particolarmente adatta a cucine, soggiorni e sale da pranzo in cui si desidera un&#8217;atmosfera vivace e invitante. Insieme, il verde e il giallo creano un look armonioso e dinamico che cattura lo spirito dell&#8217;estate e fa sentire la casa rinfrescata e accogliente.<\/p>\t\t\t\t\t\t\t\t<\/div>\n\t\t\t\t<\/div>\n\t\t\t\t<div class=\"elementor-element elementor-element-68b3491 elementor-widget elementor-widget-image\" data-id=\"68b3491\" data-element_type=\"widget\" data-e-type=\"widget\" data-widget_type=\"image.default\">\n\t\t\t\t<div class=\"elementor-widget-container\">\n\t\t\t\t\t\t\t\t\t\t\t\t\t\t\t\t<a href=\"https:\/\/www.kunstloft.it\/2999-dipinto-olio-nature-is-my-church\/\">\n\t\t\t\t\t\t\t<img loading=\"lazy\" decoding=\"async\" width=\"950\" height=\"647\" src=\"https:\/\/www.kunstloft.it\/rivista\/wp-content\/uploads\/2024\/09\/A-modern-living-room-with-a-green-and-yellow-tone-summer-color-palette.-The-room-features-wall-paneling-and-a-59x59-inches-painting-as-a-focal-point-1024x697.webp\" class=\"attachment-large size-large wp-image-45991\" alt=\"A modern living room with a summer colour palette of greens and yellows.\" srcset=\"https:\/\/www.kunstloft.it\/rivista\/wp-content\/uploads\/2024\/09\/A-modern-living-room-with-a-green-and-yellow-tone-summer-color-palette.-The-room-features-wall-paneling-and-a-59x59-inches-painting-as-a-focal-point-1024x697.webp 1024w, https:\/\/www.kunstloft.it\/rivista\/wp-content\/uploads\/2024\/09\/A-modern-living-room-with-a-green-and-yellow-tone-summer-color-palette.-The-room-features-wall-paneling-and-a-59x59-inches-painting-as-a-focal-point-300x204.webp 300w, https:\/\/www.kunstloft.it\/rivista\/wp-content\/uploads\/2024\/09\/A-modern-living-room-with-a-green-and-yellow-tone-summer-color-palette.-The-room-features-wall-paneling-and-a-59x59-inches-painting-as-a-focal-point-768x523.webp 768w, https:\/\/www.kunstloft.it\/rivista\/wp-content\/uploads\/2024\/09\/A-modern-living-room-with-a-green-and-yellow-tone-summer-color-palette.-The-room-features-wall-paneling-and-a-59x59-inches-painting-as-a-focal-point-640x436.webp 640w, https:\/\/www.kunstloft.it\/rivista\/wp-content\/uploads\/2024\/09\/A-modern-living-room-with-a-green-and-yellow-tone-summer-color-palette.-The-room-features-wall-paneling-and-a-59x59-inches-painting-as-a-focal-point.webp 1280w\" sizes=\"100vw\" \/>\t\t\t\t\t\t\t\t<\/a>\n\t\t\t\t\t\t\t\t\t\t\t\t\t\t\t<\/div>\n\t\t\t\t<\/div>\n\t\t\t\t<div class=\"elementor-element elementor-element-332bb47 elementor-widget elementor-widget-text-editor\" data-id=\"332bb47\" data-element_type=\"widget\" data-e-type=\"widget\" data-widget_type=\"text-editor.default\">\n\t\t\t\t<div class=\"elementor-widget-container\">\n\t\t\t\t\t\t\t\t\t<p style=\"text-align: center;\"><a href=\"https:\/\/www.kunstloft.it\/2999-dipinto-olio-nature-is-my-church\/\" target=\"_blank\" rel=\"noopener\">XXL Dipinti a olio &#8216;Nature is my Church&#8217; 150x150cm<\/a><\/p>\t\t\t\t\t\t\t\t<\/div>\n\t\t\t\t<\/div>\n\t\t\t\t\t<\/div>\n\t\t<\/div>\n\t\t\t\t\t<\/div>\n\t\t<\/section>\n\t\t\t\t<section class=\"elementor-section elementor-top-section elementor-element elementor-element-ffdf7d0 elementor-section-boxed elementor-section-height-default elementor-section-height-default\" data-id=\"ffdf7d0\" data-element_type=\"section\" data-e-type=\"section\">\n\t\t\t\t\t\t<div class=\"elementor-container elementor-column-gap-default\">\n\t\t\t\t\t<div class=\"elementor-column elementor-col-100 elementor-top-column elementor-element elementor-element-6193c87\" data-id=\"6193c87\" data-element_type=\"column\" data-e-type=\"column\">\n\t\t\t<div class=\"elementor-widget-wrap elementor-element-populated\">\n\t\t\t\t\t\t<div class=\"elementor-element elementor-element-01d6793 elementor-widget-divider--view-line_text elementor-widget-divider--element-align-center elementor-widget elementor-widget-divider\" data-id=\"01d6793\" data-element_type=\"widget\" data-e-type=\"widget\" data-widget_type=\"divider.default\">\n\t\t\t\t<div class=\"elementor-widget-container\">\n\t\t\t\t\t\t\t<div class=\"elementor-divider\">\n\t\t\t<span class=\"elementor-divider-separator\">\n\t\t\t\t\t\t\t<span class=\"elementor-divider__text elementor-divider__element\">\n\t\t\t\tQUADRI DIPINTI A MANO CHE COMPLETANO LA PALETTE DI COLORI ESTIVI IN TONALIT\u00c0 NEUTRE\t\t\t\t<\/span>\n\t\t\t\t\t\t<\/span>\n\t\t<\/div>\n\t\t\t\t\t\t<\/div>\n\t\t\t\t<\/div>\n\t\t\t\t\t<\/div>\n\t\t<\/div>\n\t\t\t\t\t<\/div>\n\t\t<\/section>\n\t\t\t\t<section class=\"elementor-section elementor-top-section elementor-element elementor-element-ca1d65a elementor-section-boxed elementor-section-height-default elementor-section-height-default\" data-id=\"ca1d65a\" data-element_type=\"section\" data-e-type=\"section\">\n\t\t\t\t\t\t<div class=\"elementor-container elementor-column-gap-default\">\n\t\t\t\t\t<div class=\"elementor-column elementor-col-25 elementor-top-column elementor-element elementor-element-1ce0655\" data-id=\"1ce0655\" data-element_type=\"column\" data-e-type=\"column\">\n\t\t\t<div class=\"elementor-widget-wrap elementor-element-populated\">\n\t\t\t\t\t\t<div class=\"elementor-element elementor-element-ede2f47 elementor-widget elementor-widget-image\" data-id=\"ede2f47\" data-element_type=\"widget\" data-e-type=\"widget\" data-widget_type=\"image.default\">\n\t\t\t\t<div class=\"elementor-widget-container\">\n\t\t\t\t\t\t\t\t\t\t\t\t\t\t\t\t<a href=\"https:\/\/www.kunstloft.it\/8216-dipinto-acrilico-close-to-heaven\/\">\n\t\t\t\t\t\t\t<img loading=\"lazy\" decoding=\"async\" width=\"600\" height=\"400\" src=\"https:\/\/www.kunstloft.it\/rivista\/wp-content\/uploads\/2024\/09\/landscapes-green-beige-acrylic-canvas-paintings-modern-art.webp\" class=\"attachment-large size-large wp-image-46012\" alt=\"landscapes green beige acrylic painting on canvas modern art\" srcset=\"https:\/\/www.kunstloft.it\/rivista\/wp-content\/uploads\/2024\/09\/landscapes-green-beige-acrylic-canvas-paintings-modern-art.webp 600w, https:\/\/www.kunstloft.it\/rivista\/wp-content\/uploads\/2024\/09\/landscapes-green-beige-acrylic-canvas-paintings-modern-art-300x200.webp 300w\" sizes=\"100vw\" \/>\t\t\t\t\t\t\t\t<\/a>\n\t\t\t\t\t\t\t\t\t\t\t\t\t\t\t<\/div>\n\t\t\t\t<\/div>\n\t\t\t\t<div class=\"elementor-element elementor-element-87a7a0e elementor-widget elementor-widget-text-editor\" data-id=\"87a7a0e\" data-element_type=\"widget\" data-e-type=\"widget\" data-widget_type=\"text-editor.default\">\n\t\t\t\t<div class=\"elementor-widget-container\">\n\t\t\t\t\t\t\t\t\t<p style=\"text-align: center;\"><a href=\"https:\/\/www.kunstloft.it\/8216-dipinto-acrilico-close-to-heaven\/\" target=\"_blank\" rel=\"noopener\">Quadro dipinto a mano <br\/>&#8216;Close to Heaven&#8217;<\/a><\/p>\t\t\t\t\t\t\t\t<\/div>\n\t\t\t\t<\/div>\n\t\t\t\t\t<\/div>\n\t\t<\/div>\n\t\t\t\t<div class=\"elementor-column elementor-col-25 elementor-top-column elementor-element elementor-element-ea3ca50\" data-id=\"ea3ca50\" data-element_type=\"column\" data-e-type=\"column\">\n\t\t\t<div class=\"elementor-widget-wrap elementor-element-populated\">\n\t\t\t\t\t\t<div class=\"elementor-element elementor-element-166eacf elementor-widget elementor-widget-image\" data-id=\"166eacf\" data-element_type=\"widget\" data-e-type=\"widget\" data-widget_type=\"image.default\">\n\t\t\t\t<div class=\"elementor-widget-container\">\n\t\t\t\t\t\t\t\t\t\t\t\t\t\t\t\t<a href=\"https:\/\/www.kunstloft.it\/330-dipinto-acrilico-un-soave-saluto-dal-bosco\/\">\n\t\t\t\t\t\t\t<img loading=\"lazy\" decoding=\"async\" width=\"600\" height=\"400\" src=\"https:\/\/www.kunstloft.it\/rivista\/wp-content\/uploads\/2024\/09\/trees-forest-nature-green-modern-acrylic-oil-painting.webp\" class=\"attachment-large size-large wp-image-46020\" alt=\"trees forest nature green modern acrylic oil painting\" srcset=\"https:\/\/www.kunstloft.it\/rivista\/wp-content\/uploads\/2024\/09\/trees-forest-nature-green-modern-acrylic-oil-painting.webp 600w, https:\/\/www.kunstloft.it\/rivista\/wp-content\/uploads\/2024\/09\/trees-forest-nature-green-modern-acrylic-oil-painting-300x200.webp 300w\" sizes=\"100vw\" \/>\t\t\t\t\t\t\t\t<\/a>\n\t\t\t\t\t\t\t\t\t\t\t\t\t\t\t<\/div>\n\t\t\t\t<\/div>\n\t\t\t\t<div class=\"elementor-element elementor-element-13234fd elementor-widget elementor-widget-text-editor\" data-id=\"13234fd\" data-element_type=\"widget\" data-e-type=\"widget\" data-widget_type=\"text-editor.default\">\n\t\t\t\t<div class=\"elementor-widget-container\">\n\t\t\t\t\t\t\t\t\t<p style=\"text-align: center;\"><a href=\"https:\/\/www.kunstloft.it\/330-dipinto-acrilico-un-soave-saluto-dal-bosco\/\" target=\"_blank\" rel=\"noopener\">Quadro dipinto a mano <br\/>&#8216;Un soave saluto dal bosco&#8217;<\/a><\/p>\t\t\t\t\t\t\t\t<\/div>\n\t\t\t\t<\/div>\n\t\t\t\t\t<\/div>\n\t\t<\/div>\n\t\t\t\t<div class=\"elementor-column elementor-col-25 elementor-top-column elementor-element elementor-element-af1f4d5\" data-id=\"af1f4d5\" data-element_type=\"column\" data-e-type=\"column\">\n\t\t\t<div class=\"elementor-widget-wrap elementor-element-populated\">\n\t\t\t\t\t\t<div class=\"elementor-element elementor-element-ae128e2 elementor-widget elementor-widget-image\" data-id=\"ae128e2\" data-element_type=\"widget\" data-e-type=\"widget\" data-widget_type=\"image.default\">\n\t\t\t\t<div class=\"elementor-widget-container\">\n\t\t\t\t\t\t\t\t\t\t\t\t\t\t\t\t<a href=\"https:\/\/www.kunstloft.it\/1718-dipinto-acrilico-greenish-glade\/\">\n\t\t\t\t\t\t\t<img loading=\"lazy\" decoding=\"async\" width=\"600\" height=\"400\" src=\"https:\/\/www.kunstloft.it\/rivista\/wp-content\/uploads\/2024\/09\/tree-nature-green-forest-modern-acrylic-painting-oil-painting.webp\" class=\"attachment-large size-large wp-image-46019\" alt=\"tree nature green forest modern acrylic painting oil painting\" srcset=\"https:\/\/www.kunstloft.it\/rivista\/wp-content\/uploads\/2024\/09\/tree-nature-green-forest-modern-acrylic-painting-oil-painting.webp 600w, https:\/\/www.kunstloft.it\/rivista\/wp-content\/uploads\/2024\/09\/tree-nature-green-forest-modern-acrylic-painting-oil-painting-300x200.webp 300w\" sizes=\"100vw\" \/>\t\t\t\t\t\t\t\t<\/a>\n\t\t\t\t\t\t\t\t\t\t\t\t\t\t\t<\/div>\n\t\t\t\t<\/div>\n\t\t\t\t<div class=\"elementor-element elementor-element-9c035b3 elementor-widget elementor-widget-text-editor\" data-id=\"9c035b3\" data-element_type=\"widget\" data-e-type=\"widget\" data-widget_type=\"text-editor.default\">\n\t\t\t\t<div class=\"elementor-widget-container\">\n\t\t\t\t\t\t\t\t\t<p style=\"text-align: center;\"><a href=\"https:\/\/www.kunstloft.it\/1718-dipinto-acrilico-greenish-glade\/\" target=\"_blank\" rel=\"noopener\">Quadro dipinto a mano &#8216;Greenish Glade&#8217;<\/a><\/p>\t\t\t\t\t\t\t\t<\/div>\n\t\t\t\t<\/div>\n\t\t\t\t\t<\/div>\n\t\t<\/div>\n\t\t\t\t<div class=\"elementor-column elementor-col-25 elementor-top-column elementor-element elementor-element-9391a14\" data-id=\"9391a14\" data-element_type=\"column\" data-e-type=\"column\">\n\t\t\t<div class=\"elementor-widget-wrap elementor-element-populated\">\n\t\t\t\t\t\t<div class=\"elementor-element elementor-element-8b9b590 elementor-widget elementor-widget-image\" data-id=\"8b9b590\" data-element_type=\"widget\" data-e-type=\"widget\" data-widget_type=\"image.default\">\n\t\t\t\t<div class=\"elementor-widget-container\">\n\t\t\t\t\t\t\t\t\t\t\t\t\t\t\t\t<a href=\"https:\/\/www.kunstloft.it\/72-dipinto-acrilico-incontro-di-gufi\/\">\n\t\t\t\t\t\t\t<img loading=\"lazy\" decoding=\"async\" width=\"600\" height=\"400\" src=\"https:\/\/www.kunstloft.it\/rivista\/wp-content\/uploads\/2024\/09\/colourful-owls-with-glasses-up-green-modern-acrylic-painting.webp\" class=\"attachment-large size-large wp-image-46005\" alt=\"colourful owls with glasses up modern green acrylic painting\" srcset=\"https:\/\/www.kunstloft.it\/rivista\/wp-content\/uploads\/2024\/09\/colourful-owls-with-glasses-up-green-modern-acrylic-painting.webp 600w, https:\/\/www.kunstloft.it\/rivista\/wp-content\/uploads\/2024\/09\/colourful-owls-with-glasses-up-green-modern-acrylic-painting-300x200.webp 300w\" sizes=\"100vw\" \/>\t\t\t\t\t\t\t\t<\/a>\n\t\t\t\t\t\t\t\t\t\t\t\t\t\t\t<\/div>\n\t\t\t\t<\/div>\n\t\t\t\t<div class=\"elementor-element elementor-element-d83b4d8 elementor-widget elementor-widget-text-editor\" data-id=\"d83b4d8\" data-element_type=\"widget\" data-e-type=\"widget\" data-widget_type=\"text-editor.default\">\n\t\t\t\t<div class=\"elementor-widget-container\">\n\t\t\t\t\t\t\t\t\t<p style=\"text-align: center;\"><a href=\"https:\/\/www.kunstloft.it\/72-dipinto-acrilico-incontro-di-gufi\/\" target=\"_blank\" rel=\"noopener\">Quadro dipinto a mano &#8216;Incontro di gufi&#8217;<\/a><\/p>\t\t\t\t\t\t\t\t<\/div>\n\t\t\t\t<\/div>\n\t\t\t\t\t<\/div>\n\t\t<\/div>\n\t\t\t\t\t<\/div>\n\t\t<\/section>\n\t\t\t\t<section class=\"elementor-section elementor-top-section elementor-element elementor-element-019aab6 elementor-section-boxed elementor-section-height-default elementor-section-height-default\" data-id=\"019aab6\" data-element_type=\"section\" data-e-type=\"section\">\n\t\t\t\t\t\t<div class=\"elementor-container elementor-column-gap-default\">\n\t\t\t\t\t<div class=\"elementor-column elementor-col-100 elementor-top-column elementor-element elementor-element-bbe683c\" data-id=\"bbe683c\" data-element_type=\"column\" data-e-type=\"column\">\n\t\t\t<div class=\"elementor-widget-wrap elementor-element-populated\">\n\t\t\t\t\t\t<div class=\"elementor-element elementor-element-fce7888 elementor-widget elementor-widget-heading\" data-id=\"fce7888\" data-element_type=\"widget\" data-e-type=\"widget\" id=\"Coralloeturchese\" data-widget_type=\"heading.default\">\n\t\t\t\t<div class=\"elementor-widget-container\">\n\t\t\t\t\t<h3 class=\"elementor-heading-title elementor-size-default\">Corallo e turchese<\/h3>\t\t\t\t<\/div>\n\t\t\t\t<\/div>\n\t\t\t\t<div class=\"elementor-element elementor-element-c78f210 elementor-widget elementor-widget-text-editor\" data-id=\"c78f210\" data-element_type=\"widget\" data-e-type=\"widget\" data-widget_type=\"text-editor.default\">\n\t\t\t\t<div class=\"elementor-widget-container\">\n\t\t\t\t\t\t\t\t\t<p>Il <strong>corallo e il turchese<\/strong> sono colori vivaci ed energici che evocano immediatamente uno stato d&#8217;animo tropicale e balneare e sono perfetti per l&#8217;arredamento estivo. Il corallo conferisce un senso di eccitazione e calore a qualsiasi ambiente con le sue tonalit\u00e0 calde e vibranti, rendendolo una scelta eccellente per pareti d&#8217;accento o pezzi d&#8217;arredamento audaci. Il turchese, che ricorda le acque limpide dell&#8217;oceano, offre un equilibrio rinfrescante e calmante all&#8217;intensit\u00e0 del corallo. Insieme, questi colori creano un contrasto sorprendente ma armonioso, vibrante e rilassante. Abbinate il corallo e il turchese a tessuti come cuscini, tappeti e tende o a mobili e opere d&#8217;arte di grande impatto. Questo duo dinamico non solo illuminer\u00e0 la vostra casa, ma creer\u00e0 anche un&#8217;atmosfera estiva giocosa e spensierata che potrete godervi tutto l&#8217;anno.<\/p>\t\t\t\t\t\t\t\t<\/div>\n\t\t\t\t<\/div>\n\t\t\t\t<div class=\"elementor-element elementor-element-901f103 elementor-widget elementor-widget-image\" data-id=\"901f103\" data-element_type=\"widget\" data-e-type=\"widget\" data-widget_type=\"image.default\">\n\t\t\t\t<div class=\"elementor-widget-container\">\n\t\t\t\t\t\t\t\t\t\t\t\t\t\t\t\t<a href=\"https:\/\/www.kunstloft.it\/8832-dipinto-olio-sapphire-ocean\/\">\n\t\t\t\t\t\t\t<img loading=\"lazy\" decoding=\"async\" width=\"950\" height=\"607\" src=\"https:\/\/www.kunstloft.it\/rivista\/wp-content\/uploads\/2024\/09\/A-photo-realistic-living-scene-in-a-timeless-summer-color-palette-of-coral-and-turquoise-tones-Copy-1024x654.webp\" class=\"attachment-large size-large wp-image-46001\" alt=\"A photo realistic living scene in a timeless summer color palette of coral and turquoise tones\" srcset=\"https:\/\/www.kunstloft.it\/rivista\/wp-content\/uploads\/2024\/09\/A-photo-realistic-living-scene-in-a-timeless-summer-color-palette-of-coral-and-turquoise-tones-Copy-1024x654.webp 1024w, https:\/\/www.kunstloft.it\/rivista\/wp-content\/uploads\/2024\/09\/A-photo-realistic-living-scene-in-a-timeless-summer-color-palette-of-coral-and-turquoise-tones-Copy-300x192.webp 300w, https:\/\/www.kunstloft.it\/rivista\/wp-content\/uploads\/2024\/09\/A-photo-realistic-living-scene-in-a-timeless-summer-color-palette-of-coral-and-turquoise-tones-Copy-768x491.webp 768w, https:\/\/www.kunstloft.it\/rivista\/wp-content\/uploads\/2024\/09\/A-photo-realistic-living-scene-in-a-timeless-summer-color-palette-of-coral-and-turquoise-tones-Copy-640x409.webp 640w, https:\/\/www.kunstloft.it\/rivista\/wp-content\/uploads\/2024\/09\/A-photo-realistic-living-scene-in-a-timeless-summer-color-palette-of-coral-and-turquoise-tones-Copy.webp 1280w\" sizes=\"100vw\" \/>\t\t\t\t\t\t\t\t<\/a>\n\t\t\t\t\t\t\t\t\t\t\t\t\t\t\t<\/div>\n\t\t\t\t<\/div>\n\t\t\t\t<div class=\"elementor-element elementor-element-940c461 elementor-widget elementor-widget-text-editor\" data-id=\"940c461\" data-element_type=\"widget\" data-e-type=\"widget\" data-widget_type=\"text-editor.default\">\n\t\t\t\t<div class=\"elementor-widget-container\">\n\t\t\t\t\t\t\t\t\t<p style=\"text-align: center;\"><a href=\"https:\/\/www.kunstloft.it\/8832-dipinto-olio-sapphire-ocean\/\" target=\"_blank\" rel=\"noopener\">XXL Dipinti a olio &#8216;Sapphire Ocean&#8217; 180x120cm<\/a><\/p>\t\t\t\t\t\t\t\t<\/div>\n\t\t\t\t<\/div>\n\t\t\t\t\t<\/div>\n\t\t<\/div>\n\t\t\t\t\t<\/div>\n\t\t<\/section>\n\t\t\t\t<section class=\"elementor-section elementor-top-section elementor-element elementor-element-8e944cf elementor-section-boxed elementor-section-height-default elementor-section-height-default\" data-id=\"8e944cf\" data-element_type=\"section\" data-e-type=\"section\">\n\t\t\t\t\t\t<div class=\"elementor-container elementor-column-gap-default\">\n\t\t\t\t\t<div class=\"elementor-column elementor-col-100 elementor-top-column elementor-element elementor-element-51ba10e\" data-id=\"51ba10e\" data-element_type=\"column\" data-e-type=\"column\">\n\t\t\t<div class=\"elementor-widget-wrap elementor-element-populated\">\n\t\t\t\t\t\t<div class=\"elementor-element elementor-element-6e5dff6 elementor-widget elementor-widget-heading\" data-id=\"6e5dff6\" data-element_type=\"widget\" data-e-type=\"widget\" id=\"Motivietexture\" data-widget_type=\"heading.default\">\n\t\t\t\t<div class=\"elementor-widget-container\">\n\t\t\t\t\t<h2 class=\"elementor-heading-title elementor-size-default\">Motivi e texture<\/h2>\t\t\t\t<\/div>\n\t\t\t\t<\/div>\n\t\t\t\t<div class=\"elementor-element elementor-element-7d85b88 elementor-widget elementor-widget-text-editor\" data-id=\"7d85b88\" data-element_type=\"widget\" data-e-type=\"widget\" data-widget_type=\"text-editor.default\">\n\t\t\t\t<div class=\"elementor-widget-container\">\n\t\t\t\t\t\t\t\t\t<p>Incorporare motivi e texture \u00e8 un modo fantastico per aggiungere profondit\u00e0 e interesse visivo ai colori estivi. Motivi come fiori, strisce e forme geometriche possono esaltare la vivacit\u00e0 dei colori scelti e creare un aspetto dinamico e stratificato. Le trame come il rattan, il vimini, il lino e il cotone aggiungono un elemento tattile all&#8217;arredamento e rendono gli ambienti pi\u00f9 accoglienti. Mescolare motivi e trame diverse pu\u00f2 evitare che una stanza appaia piatta o monotona, conferendole invece un carattere ricco e sfaccettato. Ad esempio, un tappeto a righe bianche e blu pu\u00f2 essere abbinato a cuscini floreali e a una sedia in rattan per creare un&#8217;estetica coesa ma varia. L&#8217;uso ponderato di motivi e texture far\u00e0 s\u00ec che la vostra casa sia vibrante e invitante, catturando l&#8217;essenza di una casa estiva senza tempo.<\/p>\t\t\t\t\t\t\t\t<\/div>\n\t\t\t\t<\/div>\n\t\t\t\t\t<\/div>\n\t\t<\/div>\n\t\t\t\t\t<\/div>\n\t\t<\/section>\n\t\t\t\t<section class=\"elementor-section elementor-top-section elementor-element elementor-element-ecb0a45 elementor-section-boxed elementor-section-height-default elementor-section-height-default\" data-id=\"ecb0a45\" data-element_type=\"section\" data-e-type=\"section\">\n\t\t\t\t\t\t<div class=\"elementor-container elementor-column-gap-default\">\n\t\t\t\t\t<div class=\"elementor-column elementor-col-100 elementor-top-column elementor-element elementor-element-c38236a\" data-id=\"c38236a\" data-element_type=\"column\" data-e-type=\"column\">\n\t\t\t<div class=\"elementor-widget-wrap elementor-element-populated\">\n\t\t\t\t\t\t<div class=\"elementor-element elementor-element-ece6ef8 elementor-widget elementor-widget-heading\" data-id=\"ece6ef8\" data-element_type=\"widget\" data-e-type=\"widget\" id=\"Accessoristagionali\" data-widget_type=\"heading.default\">\n\t\t\t\t<div class=\"elementor-widget-container\">\n\t\t\t\t\t<h2 class=\"elementor-heading-title elementor-size-default\">Accessori stagionali<\/h2>\t\t\t\t<\/div>\n\t\t\t\t<\/div>\n\t\t\t\t<div class=\"elementor-element elementor-element-404456d elementor-widget elementor-widget-text-editor\" data-id=\"404456d\" data-element_type=\"widget\" data-e-type=\"widget\" data-widget_type=\"text-editor.default\">\n\t\t\t\t<div class=\"elementor-widget-container\">\n\t\t\t\t\t\t\t\t\t<p>Uno dei modi pi\u00f9 semplici ed efficaci per rinfrescare la casa per l&#8217;estate \u00e8 aggiornare gli <a href=\"https:\/\/www.kunstloft.it\/accessori-casa\/\">accessori<\/a>. Sostituite le pesanti coperte invernali con tessuti leggeri e ariosi, come il lino o il cotone, per creare un&#8217;atmosfera pi\u00f9 leggera. Aggiungete un tocco stagionale alla vostra stanza con cuscini colorati, <a href=\"https:\/\/www.kunstloft.it\/tappeti-moderni\/\">tappeti vivaci<\/a> e <a href=\"https:\/\/www.kunstloft.it\/estate\/\">opere d&#8217;arte dell&#8217;estate<\/a>. Fiori freschi o piante in vaso portano un tocco di natura in casa e sottolineano l&#8217;atmosfera estiva. Prendete in considerazione l&#8217;idea di apparecchiare i tavoli con tovaglie e stoviglie vivaci ed estive per riflettere l&#8217;energia della stagione. Questi piccoli e semplici cambiamenti possono fare una grande differenza nell&#8217;aspetto e nell&#8217;atmosfera della vostra casa, facendola sentire rinfrescata e pronta per il calore e la vivacit\u00e0 dell&#8217;estate.<\/p>\t\t\t\t\t\t\t\t<\/div>\n\t\t\t\t<\/div>\n\t\t\t\t\t<\/div>\n\t\t<\/div>\n\t\t\t\t\t<\/div>\n\t\t<\/section>\n\t\t\t\t<section class=\"elementor-section elementor-top-section elementor-element elementor-element-b729d7d elementor-section-boxed elementor-section-height-default elementor-section-height-default\" data-id=\"b729d7d\" data-element_type=\"section\" data-e-type=\"section\">\n\t\t\t\t\t\t<div class=\"elementor-container elementor-column-gap-default\">\n\t\t\t\t\t<div class=\"elementor-column elementor-col-100 elementor-top-column elementor-element elementor-element-6462adb\" data-id=\"6462adb\" data-element_type=\"column\" data-e-type=\"column\">\n\t\t\t<div class=\"elementor-widget-wrap elementor-element-populated\">\n\t\t\t\t\t\t<div class=\"elementor-element elementor-element-4da2c53 elementor-widget elementor-widget-heading\" data-id=\"4da2c53\" data-element_type=\"widget\" data-e-type=\"widget\" id=\"decorazionidell&#039;estatedaKunstLoft\" data-widget_type=\"heading.default\">\n\t\t\t\t<div class=\"elementor-widget-container\">\n\t\t\t\t\t<h2 class=\"elementor-heading-title elementor-size-default\">Acquistate le vostre decorazioni dell'estate da KunstLoft<\/h2>\t\t\t\t<\/div>\n\t\t\t\t<\/div>\n\t\t\t\t<div class=\"elementor-element elementor-element-39d9602 elementor-widget elementor-widget-text-editor\" data-id=\"39d9602\" data-element_type=\"widget\" data-e-type=\"widget\" data-widget_type=\"text-editor.default\">\n\t\t\t\t<div class=\"elementor-widget-container\">\n\t\t\t\t\t\t\t\t\t<p>Trasformate la vostra casa con gli <a href=\"https:\/\/www.kunstloft.it\/estate\/\">splendidi arredi dell&#8217;estate di KunstLoft<\/a>, dove troverete una selezione curata di pezzi vivaci e senza tempo. Dall&#8217;elegante arte da parete ai cuscini colorati e <a href=\"https:\/\/www.kunstloft.it\/lampade-decorative\/\">all&#8217;illuminazione elegante<\/a>, la nostra collezione porta il calore e la bellezza dell&#8217;estate in ogni stanza. Scoprite gli accessori perfetti per completare la vostra classica palette di colori estate e ravvivare la vostra casa. Non perdetevi le nostre <a href=\"https:\/\/www.kunstloft.it\/saldi\/\">offerte esclusive<\/a> e i nostri consigli di design: <a href=\"https:\/\/www.kunstloft.it\/newsletter\">iscrivetevi alla nostra newsletter settimanale<\/a> per ricevere gli ultimi aggiornamenti e le ultime ispirazioni. <a href=\"https:\/\/www.kunstloft.it\/\">Acquistate ora su KunstLoft<\/a> e create uno spazio elegante e invitante che celebri l&#8217;essenza dell&#8217;estate.<\/p>\t\t\t\t\t\t\t\t<\/div>\n\t\t\t\t<\/div>\n\t\t\t\t\t<\/div>\n\t\t<\/div>\n\t\t\t\t\t<\/div>\n\t\t<\/section>\n\t\t\t\t<section class=\"elementor-section elementor-top-section elementor-element elementor-element-13a3d69 elementor-section-boxed elementor-section-height-default elementor-section-height-default\" data-id=\"13a3d69\" data-element_type=\"section\" data-e-type=\"section\">\n\t\t\t\t\t\t<div class=\"elementor-container elementor-column-gap-default\">\n\t\t\t\t\t<div class=\"elementor-column elementor-col-100 elementor-top-column elementor-element elementor-element-aaa84b1\" data-id=\"aaa84b1\" data-element_type=\"column\" data-e-type=\"column\">\n\t\t\t<div class=\"elementor-widget-wrap elementor-element-populated\">\n\t\t\t\t\t\t<div class=\"elementor-element elementor-element-290bea6 elementor-widget elementor-widget-heading\" data-id=\"290bea6\" data-element_type=\"widget\" data-e-type=\"widget\" data-widget_type=\"heading.default\">\n\t\t\t\t<div class=\"elementor-widget-container\">\n\t\t\t\t\t<h3 class=\"elementor-heading-title elementor-size-default\">TROVA ALTRI DIPINTI ACRILICI ISPIRATI ALL'ESTATE<\/h3>\t\t\t\t<\/div>\n\t\t\t\t<\/div>\n\t\t\t\t<div class=\"elementor-element elementor-element-c1211ba elementor-arrows-position-inside elementor-pagination-position-outside elementor-widget elementor-widget-image-carousel\" data-id=\"c1211ba\" data-element_type=\"widget\" data-e-type=\"widget\" data-settings=\"{&quot;slides_to_show&quot;:&quot;5&quot;,&quot;slides_to_show_tablet&quot;:&quot;3&quot;,&quot;navigation&quot;:&quot;both&quot;,&quot;autoplay&quot;:&quot;yes&quot;,&quot;pause_on_hover&quot;:&quot;yes&quot;,&quot;pause_on_interaction&quot;:&quot;yes&quot;,&quot;autoplay_speed&quot;:5000,&quot;infinite&quot;:&quot;yes&quot;,&quot;speed&quot;:500}\" data-widget_type=\"image-carousel.default\">\n\t\t\t\t<div class=\"elementor-widget-container\">\n\t\t\t\t\t\t\t<div class=\"elementor-image-carousel-wrapper swiper\" role=\"region\" aria-roledescription=\"carousel\" aria-label=\"Carosello d&#039;immagini\" dir=\"ltr\">\n\t\t\t<div class=\"elementor-image-carousel swiper-wrapper\" aria-live=\"off\">\n\t\t\t\t\t\t\t\t<div class=\"swiper-slide\" role=\"group\" aria-roledescription=\"slide\" aria-label=\"1 di 11\"><figure class=\"swiper-slide-inner\"><img decoding=\"async\" class=\"swiper-slide-image\" src=\"https:\/\/www.kunstloft.it\/rivista\/wp-content\/uploads\/2024\/09\/family-happiness-children-love-water-blue-modern-acrylic-painting-oil-picture-150x150.webp\" alt=\"family happiness children love water blue modern acrylic oil painting\" \/><\/figure><\/div><div class=\"swiper-slide\" role=\"group\" aria-roledescription=\"slide\" aria-label=\"2 di 11\"><figure class=\"swiper-slide-inner\"><img decoding=\"async\" class=\"swiper-slide-image\" src=\"https:\/\/www.kunstloft.it\/rivista\/wp-content\/uploads\/2024\/09\/animals-zoo-bus-colourful-modern-modern-acrylic-painting-150x150.webp\" alt=\"animals zoo bus colourful acrylic paint modern\" \/><\/figure><\/div><div class=\"swiper-slide\" role=\"group\" aria-roledescription=\"slide\" aria-label=\"3 di 11\"><figure class=\"swiper-slide-inner\"><img decoding=\"async\" class=\"swiper-slide-image\" src=\"https:\/\/www.kunstloft.it\/rivista\/wp-content\/uploads\/2024\/09\/animals-elephant-coloured-acrylic-pictures-canvas-pictures-modern-art-150x150.webp\" alt=\"animals elephant acrylic paintings colourful canvas modern art\" \/><\/figure><\/div><div class=\"swiper-slide\" role=\"group\" aria-roledescription=\"slide\" aria-label=\"4 di 11\"><figure class=\"swiper-slide-inner\"><img decoding=\"async\" class=\"swiper-slide-image\" src=\"https:\/\/www.kunstloft.it\/rivista\/wp-content\/uploads\/2024\/09\/elephant-balloon-flying-colourful-air-modern-acrylic-painting-150x150.webp\" alt=\"balloon flying elephant air coloured modern acrylic paint\" \/><\/figure><\/div><div class=\"swiper-slide\" role=\"group\" aria-roledescription=\"slide\" aria-label=\"5 di 11\"><figure class=\"swiper-slide-inner\"><img decoding=\"async\" class=\"swiper-slide-image\" src=\"https:\/\/www.kunstloft.it\/rivista\/wp-content\/uploads\/2024\/09\/dogs-birds-colourful-glasses-funny-modern-acrylic-painting-150x150.webp\" alt=\"dogs birds funny coloured glasses modern acrylic painting\" \/><\/figure><\/div><div class=\"swiper-slide\" role=\"group\" aria-roledescription=\"slide\" aria-label=\"6 di 11\"><figure class=\"swiper-slide-inner\"><img decoding=\"async\" class=\"swiper-slide-image\" src=\"https:\/\/www.kunstloft.it\/rivista\/wp-content\/uploads\/2024\/09\/abstract-sea-beach-blue-beige-acrylic-paintings-canvas-modern-art-150x150.webp\" alt=\"abstract sea beach blue beige acrylic canvas modern art\" \/><\/figure><\/div><div class=\"swiper-slide\" role=\"group\" aria-roledescription=\"slide\" aria-label=\"7 di 11\"><figure class=\"swiper-slide-inner\"><img decoding=\"async\" class=\"swiper-slide-image\" src=\"https:\/\/www.kunstloft.it\/rivista\/wp-content\/uploads\/2024\/09\/Boat-beach-beige-blue-metal-painting-metal-wall-painting-wall-decoration-wall-sculpture-150x150.webp\" alt=\"Boat beach beige blue metal paint metal wall decor wall sculpture\" \/><\/figure><\/div><div class=\"swiper-slide\" role=\"group\" aria-roledescription=\"slide\" aria-label=\"8 di 11\"><figure class=\"swiper-slide-inner\"><img decoding=\"async\" class=\"swiper-slide-image\" src=\"https:\/\/www.kunstloft.it\/rivista\/wp-content\/uploads\/2024\/09\/beach-sea-beige-holiday-water-modern-acrylic-painting-oil-picture-150x150.webp\" alt=\"beach sea beige holiday water modern acrylic oil painting\" \/><\/figure><\/div><div class=\"swiper-slide\" role=\"group\" aria-roledescription=\"slide\" aria-label=\"9 di 11\"><figure class=\"swiper-slide-inner\"><img decoding=\"async\" class=\"swiper-slide-image\" src=\"https:\/\/www.kunstloft.it\/rivista\/wp-content\/uploads\/2024\/09\/beach-holiday-sea-landscape-modern-acrylic-painting-150x150.webp\" alt=\"beach holidays sea landscape modern acrylic painting\" \/><\/figure><\/div><div class=\"swiper-slide\" role=\"group\" aria-roledescription=\"slide\" aria-label=\"10 di 11\"><figure class=\"swiper-slide-inner\"><img decoding=\"async\" class=\"swiper-slide-image\" src=\"https:\/\/www.kunstloft.it\/rivista\/wp-content\/uploads\/2024\/09\/modern-sea-blue-grey-acrylic-canvas-paintings-modern-art-150x150.webp\" alt=\"modern acrylic painting navy blue grey modern art\" \/><\/figure><\/div><div class=\"swiper-slide\" role=\"group\" aria-roledescription=\"slide\" aria-label=\"11 di 11\"><figure class=\"swiper-slide-inner\"><img decoding=\"async\" class=\"swiper-slide-image\" src=\"https:\/\/www.kunstloft.it\/rivista\/wp-content\/uploads\/2024\/09\/ships-boats-blue-white-acrylic-canvas-paintings-modern-art-150x150.webp\" alt=\"boats blue white acrylic painting on canvas modern art\" \/><\/figure><\/div>\t\t\t<\/div>\n\t\t\t\t\t\t\t\t\t\t\t\t<div class=\"elementor-swiper-button elementor-swiper-button-prev\" role=\"button\" tabindex=\"0\">\n\t\t\t\t\t\t<i aria-hidden=\"true\" class=\"eicon-chevron-left\"><\/i>\t\t\t\t\t<\/div>\n\t\t\t\t\t<div class=\"elementor-swiper-button elementor-swiper-button-next\" role=\"button\" tabindex=\"0\">\n\t\t\t\t\t\t<i aria-hidden=\"true\" class=\"eicon-chevron-right\"><\/i>\t\t\t\t\t<\/div>\n\t\t\t\t\n\t\t\t\t\t\t\t\t\t<div class=\"swiper-pagination\"><\/div>\n\t\t\t\t\t\t\t\t\t<\/div>\n\t\t\t\t\t\t<\/div>\n\t\t\t\t<\/div>\n\t\t\t\t<div class=\"elementor-element elementor-element-1f53da1 elementor-align-center elementor-widget elementor-widget-button\" data-id=\"1f53da1\" data-element_type=\"widget\" data-e-type=\"widget\" data-widget_type=\"button.default\">\n\t\t\t\t<div class=\"elementor-widget-container\">\n\t\t\t\t\t\t\t\t\t<div class=\"elementor-button-wrapper\">\n\t\t\t\t\t<a class=\"elementor-button elementor-button-link elementor-size-md\" href=\"https:\/\/www.kunstloft.it\/estate\/\" target=\"_blank\">\n\t\t\t\t\t\t<span class=\"elementor-button-content-wrapper\">\n\t\t\t\t\t\t\t\t\t<span class=\"elementor-button-text\">Visita il negozio KunstLoft<\/span>\n\t\t\t\t\t<\/span>\n\t\t\t\t\t<\/a>\n\t\t\t\t<\/div>\n\t\t\t\t\t\t\t\t<\/div>\n\t\t\t\t<\/div>\n\t\t\t\t\t<\/div>\n\t\t<\/div>\n\t\t\t\t\t<\/div>\n\t\t<\/section>\n\t\t\t\t<section class=\"elementor-section elementor-top-section elementor-element elementor-element-c516d03 elementor-section-boxed elementor-section-height-default elementor-section-height-default\" data-id=\"c516d03\" data-element_type=\"section\" data-e-type=\"section\">\n\t\t\t\t\t\t<div class=\"elementor-container elementor-column-gap-default\">\n\t\t\t\t\t<div class=\"elementor-column elementor-col-100 elementor-top-column elementor-element elementor-element-c31dcc3\" data-id=\"c31dcc3\" data-element_type=\"column\" data-e-type=\"column\">\n\t\t\t<div class=\"elementor-widget-wrap elementor-element-populated\">\n\t\t\t\t\t\t<div class=\"elementor-element elementor-element-a91c595 elementor-widget elementor-widget-heading\" data-id=\"a91c595\" data-element_type=\"widget\" data-e-type=\"widget\" id=\"Createunlookd&#039;estatefresco\" data-widget_type=\"heading.default\">\n\t\t\t\t<div class=\"elementor-widget-container\">\n\t\t\t\t\t<h2 class=\"elementor-heading-title elementor-size-default\">Create un look d'estate fresco e vivace per la vostra casa<\/h2>\t\t\t\t<\/div>\n\t\t\t\t<\/div>\n\t\t\t\t<div class=\"elementor-element elementor-element-3bda3ca elementor-widget elementor-widget-text-editor\" data-id=\"3bda3ca\" data-element_type=\"widget\" data-e-type=\"widget\" data-widget_type=\"text-editor.default\">\n\t\t\t\t<div class=\"elementor-widget-container\">\n\t\t\t\t\t\t\t\t\t<p>I colori dell&#8217;estate classica sono un modo fantastico per garantire che la vostra casa rimanga elegante e invitante anno dopo anno. Comprendendo la teoria dei colori e scegliendo tonalit\u00e0 senza tempo, \u00e8 possibile creare uno spazio che risulti fresco e vivace ogni estate. Dalle tonalit\u00e0 neutre e pastello alle audaci tonalit\u00e0 luminose e terrose, queste palette offrono una base versatile che pu\u00f2 essere adattata a diversi stili e tendenze di design. Combinando questi colori con motivi, trame e accessori stagionali, potrete trasformare la vostra casa in un&#8217;oasi estiva. Sia che stiate modernizzando il soggiorno, la camera da letto o lo spazio esterno, queste palette senza tempo manterranno il vostro arredamento chic ed elegante. Fate vostre queste combinazioni di colori classici e date alla vostra casa un rinnovamento dell&#8217;estate che resister\u00e0 alla prova del tempo.<\/p>\t\t\t\t\t\t\t\t<\/div>\n\t\t\t\t<\/div>\n\t\t\t\t\t<\/div>\n\t\t<\/div>\n\t\t\t\t\t<\/div>\n\t\t<\/section>\n\t\t\t\t<section class=\"elementor-section elementor-top-section elementor-element elementor-element-8285232 elementor-section-boxed elementor-section-height-default elementor-section-height-default\" data-id=\"8285232\" data-element_type=\"section\" data-e-type=\"section\">\n\t\t\t\t\t\t<div class=\"elementor-container elementor-column-gap-default\">\n\t\t\t\t\t<div class=\"elementor-column elementor-col-100 elementor-top-column elementor-element elementor-element-50c12bc\" data-id=\"50c12bc\" data-element_type=\"column\" data-e-type=\"column\">\n\t\t\t<div class=\"elementor-widget-wrap elementor-element-populated\">\n\t\t\t\t\t\t<div class=\"elementor-element elementor-element-5000a63 elementor-widget elementor-widget-heading\" data-id=\"5000a63\" data-element_type=\"widget\" data-e-type=\"widget\" id=\"Domandefrequenti\" data-widget_type=\"heading.default\">\n\t\t\t\t<div class=\"elementor-widget-container\">\n\t\t\t\t\t<h2 class=\"elementor-heading-title elementor-size-default\">Domande frequenti<\/h2>\t\t\t\t<\/div>\n\t\t\t\t<\/div>\n\t\t\t\t<div class=\"elementor-element elementor-element-b13374f elementor-widget elementor-widget-toggle\" data-id=\"b13374f\" data-element_type=\"widget\" data-e-type=\"widget\" data-widget_type=\"toggle.default\">\n\t\t\t\t<div class=\"elementor-widget-container\">\n\t\t\t\t\t\t\t<div class=\"elementor-toggle\">\n\t\t\t\t\t\t\t<div class=\"elementor-toggle-item\">\n\t\t\t\t\t<div id=\"elementor-tab-title-1851\" class=\"elementor-tab-title\" data-tab=\"1\" role=\"button\" aria-controls=\"elementor-tab-content-1851\" aria-expanded=\"false\">\n\t\t\t\t\t\t\t\t\t\t\t\t<span class=\"elementor-toggle-icon elementor-toggle-icon-left\" aria-hidden=\"true\">\n\t\t\t\t\t\t\t\t\t\t\t\t\t\t\t<span class=\"elementor-toggle-icon-closed\"><i class=\"fas fa-caret-right\"><\/i><\/span>\n\t\t\t\t\t\t\t\t<span class=\"elementor-toggle-icon-opened\"><i class=\"elementor-toggle-icon-opened fas fa-caret-up\"><\/i><\/span>\n\t\t\t\t\t\t\t\t\t\t\t\t\t<\/span>\n\t\t\t\t\t\t\t\t\t\t\t\t<a class=\"elementor-toggle-title\" tabindex=\"0\">Come posso introdurre una palette colori senza tempo per l'estate senza riprogettare completamente la mia casa?<\/a>\n\t\t\t\t\t<\/div>\n\n\t\t\t\t\t<div id=\"elementor-tab-content-1851\" class=\"elementor-tab-content elementor-clearfix\" data-tab=\"1\" role=\"region\" aria-labelledby=\"elementor-tab-title-1851\"><p>\u00c8 possibile introdurre una tavolozza di colori dell&#8217;estate senza tempo aggiornando piccoli elementi come cuscini, tappeti, tende e altri accessori. Anche l&#8217;aggiunta di fiori freschi, piante in vaso e opere d&#8217;arte dell&#8217;estate pu\u00f2 trasformare il vostro spazio senza una revisione completa. In questo modo, potrete dare alla vostra casa una svolta stagionale senza troppi sforzi.<\/p><\/div>\n\t\t\t\t<\/div>\n\t\t\t\t\t\t\t<div class=\"elementor-toggle-item\">\n\t\t\t\t\t<div id=\"elementor-tab-title-1852\" class=\"elementor-tab-title\" data-tab=\"2\" role=\"button\" aria-controls=\"elementor-tab-content-1852\" aria-expanded=\"false\">\n\t\t\t\t\t\t\t\t\t\t\t\t<span class=\"elementor-toggle-icon elementor-toggle-icon-left\" aria-hidden=\"true\">\n\t\t\t\t\t\t\t\t\t\t\t\t\t\t\t<span class=\"elementor-toggle-icon-closed\"><i class=\"fas fa-caret-right\"><\/i><\/span>\n\t\t\t\t\t\t\t\t<span class=\"elementor-toggle-icon-opened\"><i class=\"elementor-toggle-icon-opened fas fa-caret-up\"><\/i><\/span>\n\t\t\t\t\t\t\t\t\t\t\t\t\t<\/span>\n\t\t\t\t\t\t\t\t\t\t\t\t<a class=\"elementor-toggle-title\" tabindex=\"0\">Quali sono le migliori combinazioni di colori per un look estivo classico?<\/a>\n\t\t\t\t\t<\/div>\n\n\t\t\t\t\t<div id=\"elementor-tab-content-1852\" class=\"elementor-tab-content elementor-clearfix\" data-tab=\"2\" role=\"region\" aria-labelledby=\"elementor-tab-title-1852\"><p>Alcune delle migliori combinazioni di colori per un classico look dell&#8217;estate sono il blu e il bianco per un&#8217;atmosfera nautica, il verde e il giallo per un&#8217;atmosfera solare da giardino e il corallo e il turchese per un vibrante tocco tropicale. Queste combinazioni di colori evocano l&#8217;essenza dell&#8217;estate e possono essere facilmente integrate in diversi ambienti e stili di interni per creare un&#8217;atmosfera fresca e invitante.<\/p><\/div>\n\t\t\t\t<\/div>\n\t\t\t\t\t\t\t<div class=\"elementor-toggle-item\">\n\t\t\t\t\t<div id=\"elementor-tab-title-1853\" class=\"elementor-tab-title\" data-tab=\"3\" role=\"button\" aria-controls=\"elementor-tab-content-1853\" aria-expanded=\"false\">\n\t\t\t\t\t\t\t\t\t\t\t\t<span class=\"elementor-toggle-icon elementor-toggle-icon-left\" aria-hidden=\"true\">\n\t\t\t\t\t\t\t\t\t\t\t\t\t\t\t<span class=\"elementor-toggle-icon-closed\"><i class=\"fas fa-caret-right\"><\/i><\/span>\n\t\t\t\t\t\t\t\t<span class=\"elementor-toggle-icon-opened\"><i class=\"elementor-toggle-icon-opened fas fa-caret-up\"><\/i><\/span>\n\t\t\t\t\t\t\t\t\t\t\t\t\t<\/span>\n\t\t\t\t\t\t\t\t\t\t\t\t<a class=\"elementor-toggle-title\" tabindex=\"0\">Come scegliere i modelli e le texture giusti per completare la mia palette colori estate?<\/a>\n\t\t\t\t\t<\/div>\n\n\t\t\t\t\t<div id=\"elementor-tab-content-1853\" class=\"elementor-tab-content elementor-clearfix\" data-tab=\"3\" role=\"region\" aria-labelledby=\"elementor-tab-title-1853\"><p>Quando scegliete i motivi e le texture per completare la vostra palette di colori estate, mescolate e abbinate elementi diversi per aggiungere profondit\u00e0 e interesse allo spazio. Ad esempio, le stampe floreali, le righe e le forme geometriche possono completare le vostre scelte cromatiche, mentre le texture come il rattan, il vimini, il lino e il cotone aggiungono una sensazione tattile e accogliente. Una combinazione ponderata di questi elementi rende gli interni vivaci e accattivanti e trasmette un&#8217;estetica estiva senza tempo.<\/p><\/div>\n\t\t\t\t<\/div>\n\t\t\t\t\t\t\t\t<\/div>\n\t\t\t\t\t\t<\/div>\n\t\t\t\t<\/div>\n\t\t\t\t\t<\/div>\n\t\t<\/div>\n\t\t\t\t\t<\/div>\n\t\t<\/section>\n\t\t\t\t<section class=\"elementor-section elementor-top-section elementor-element elementor-element-4e2553a elementor-section-boxed elementor-section-height-default elementor-section-height-default\" data-id=\"4e2553a\" data-element_type=\"section\" data-e-type=\"section\">\n\t\t\t\t\t\t<div class=\"elementor-container elementor-column-gap-default\">\n\t\t\t\t\t<div class=\"elementor-column elementor-col-100 elementor-top-column elementor-element elementor-element-74a10fa\" data-id=\"74a10fa\" data-element_type=\"column\" data-e-type=\"column\">\n\t\t\t<div class=\"elementor-widget-wrap elementor-element-populated\">\n\t\t\t\t\t\t<div class=\"elementor-element elementor-element-6908cd5 elementor-widget elementor-widget-spacer\" data-id=\"6908cd5\" data-element_type=\"widget\" data-e-type=\"widget\" data-widget_type=\"spacer.default\">\n\t\t\t\t<div class=\"elementor-widget-container\">\n\t\t\t\t\t\t\t<div class=\"elementor-spacer\">\n\t\t\t<div class=\"elementor-spacer-inner\"><\/div>\n\t\t<\/div>\n\t\t\t\t\t\t<\/div>\n\t\t\t\t<\/div>\n\t\t\t\t\t<\/div>\n\t\t<\/div>\n\t\t\t\t\t<\/div>\n\t\t<\/section>\n\t\t\t\t<section class=\"elementor-section elementor-top-section elementor-element elementor-element-37110ab elementor-section-boxed elementor-section-height-default elementor-section-height-default\" data-id=\"37110ab\" data-element_type=\"section\" data-e-type=\"section\">\n\t\t\t\t\t\t<div class=\"elementor-container elementor-column-gap-default\">\n\t\t\t\t\t<div class=\"elementor-column elementor-col-100 elementor-top-column elementor-element elementor-element-7201a37\" data-id=\"7201a37\" data-element_type=\"column\" data-e-type=\"column\">\n\t\t\t<div class=\"elementor-widget-wrap elementor-element-populated\">\n\t\t\t\t\t\t<div class=\"elementor-element elementor-element-d747fd0 elementor-widget elementor-widget-heading\" data-id=\"d747fd0\" data-element_type=\"widget\" data-e-type=\"widget\" data-widget_type=\"heading.default\">\n\t\t\t\t<div class=\"elementor-widget-container\">\n\t\t\t\t\t<h3 class=\"elementor-heading-title elementor-size-medium\">Articoli correlati per Palette colori estate<\/h3>\t\t\t\t<\/div>\n\t\t\t\t<\/div>\n\t\t\t\t<div class=\"elementor-element elementor-element-5932191 elementor-widget elementor-widget-text-editor\" data-id=\"5932191\" data-element_type=\"widget\" data-e-type=\"widget\" data-widget_type=\"text-editor.default\">\n\t\t\t\t<div class=\"elementor-widget-container\">\n\t\t\t\t\t\t\t\t\t<ul><li><a href=\"https:\/\/www.kunstloft.it\/rivista\/palette-di-colori-romantici-per-san-valentino\/\"><span data-sheets-root=\"1\" data-sheets-value=\"{&quot;1&quot;:2,&quot;2&quot;:&quot;Romantic Color Palette for your Home this Valentine\u2019s Day&quot;}\" data-sheets-userformat=\"{&quot;2&quot;:769,&quot;3&quot;:{&quot;1&quot;:0},&quot;11&quot;:4,&quot;12&quot;:0}\">Palette di colori romantici per la vostra casa a San Valentino<\/span><\/a><\/li><li><a href=\"https:\/\/www.kunstloft.it\/rivista\/migliori-combinazioni-di-colori-con-il-verde\/\"><span data-sheets-root=\"1\" data-sheets-value=\"{&quot;1&quot;:2,&quot;2&quot;:&quot;La Guida definitiva alle migliori Combinazioni di Colori con il Verde&quot;}\" data-sheets-userformat=\"{&quot;2&quot;:769,&quot;3&quot;:{&quot;1&quot;:0},&quot;11&quot;:4,&quot;12&quot;:0}\">La Guida definitiva alle migliori Combinazioni di Colori con il Verde<\/span><\/a><\/li><li><a href=\"https:\/\/www.kunstloft.it\/rivista\/colour-blocking-nel-design-dinterni\/\"><span data-sheets-root=\"1\" data-sheets-value=\"{&quot;1&quot;:2,&quot;2&quot;:&quot;Colour Blocking: La rivoluzione dell'interior design&quot;}\" data-sheets-userformat=\"{&quot;2&quot;:769,&quot;3&quot;:{&quot;1&quot;:0},&quot;11&quot;:4,&quot;12&quot;:0}\">Colour Blocking: La rivoluzione dell&#8217;interior design<\/span><\/a><\/li><li><a href=\"https:\/\/www.kunstloft.it\/rivista\/peach-fuzz-il-colore-dellanno-2024\/\"><span data-sheets-root=\"1\" data-sheets-value=\"{&quot;1&quot;:2,&quot;2&quot;:&quot;Peach Fuzz: come il colore dell'anno 2024 cambier\u00e0 la vostra casa&quot;}\" data-sheets-userformat=\"{&quot;2&quot;:769,&quot;3&quot;:{&quot;1&quot;:0},&quot;11&quot;:4,&quot;12&quot;:0}\">Peach Fuzz: come il colore dell&#8217;anno 2024 cambier\u00e0 la vostra casa<\/span><\/a><\/li><li><a href=\"https:\/\/www.kunstloft.it\/rivista\/tendenza-colore-2023-pantone\/\"><span data-sheets-root=\"1\" data-sheets-value=\"{&quot;1&quot;:2,&quot;2&quot;:&quot;Viva il magenta. I nostri consigli di interior design per il colore di tendenza del 2023.&quot;}\" data-sheets-userformat=\"{&quot;2&quot;:897,&quot;3&quot;:{&quot;1&quot;:0},&quot;10&quot;:1,&quot;11&quot;:4,&quot;12&quot;:0}\">Viva il magenta. I nostri consigli di interior design per il colore di tendenza del 2023<\/span><\/a><\/li><\/ul>\t\t\t\t\t\t\t\t<\/div>\n\t\t\t\t<\/div>\n\t\t\t\t\t<\/div>\n\t\t<\/div>\n\t\t\t\t\t<\/div>\n\t\t<\/section>\n\t\t\t\t<section class=\"elementor-section elementor-top-section elementor-element elementor-element-9ad32f9 elementor-section-boxed elementor-section-height-default elementor-section-height-default\" data-id=\"9ad32f9\" data-element_type=\"section\" data-e-type=\"section\">\n\t\t\t\t\t\t<div class=\"elementor-container elementor-column-gap-default\">\n\t\t\t\t\t<div class=\"elementor-column elementor-col-100 elementor-top-column elementor-element elementor-element-c7064d0\" data-id=\"c7064d0\" data-element_type=\"column\" data-e-type=\"column\">\n\t\t\t<div class=\"elementor-widget-wrap elementor-element-populated\">\n\t\t\t\t\t\t<div class=\"elementor-element elementor-element-e008ab7 elementor-widget elementor-widget-spacer\" data-id=\"e008ab7\" data-element_type=\"widget\" data-e-type=\"widget\" data-widget_type=\"spacer.default\">\n\t\t\t\t<div class=\"elementor-widget-container\">\n\t\t\t\t\t\t\t<div class=\"elementor-spacer\">\n\t\t\t<div class=\"elementor-spacer-inner\"><\/div>\n\t\t<\/div>\n\t\t\t\t\t\t<\/div>\n\t\t\t\t<\/div>\n\t\t\t\t\t<\/div>\n\t\t<\/div>\n\t\t\t\t\t<\/div>\n\t\t<\/section>\n\t\t\t\t<section class=\"elementor-section elementor-top-section elementor-element elementor-element-9ea091b elementor-section-boxed elementor-section-height-default elementor-section-height-default\" data-id=\"9ea091b\" data-element_type=\"section\" data-e-type=\"section\">\n\t\t\t\t\t\t<div class=\"elementor-container elementor-column-gap-default\">\n\t\t\t\t\t<div class=\"elementor-column elementor-col-100 elementor-top-column elementor-element elementor-element-534e4b2\" data-id=\"534e4b2\" data-element_type=\"column\" data-e-type=\"column\">\n\t\t\t<div class=\"elementor-widget-wrap elementor-element-populated\">\n\t\t\t\t\t\t<div class=\"elementor-element elementor-element-48c15bb elementor-widget elementor-widget-shortcode\" data-id=\"48c15bb\" data-element_type=\"widget\" data-e-type=\"widget\" data-widget_type=\"shortcode.default\">\n\t\t\t\t<div class=\"elementor-widget-container\">\n\t\t\t\t\t\t\t<div class=\"elementor-shortcode\"><div style='display:none;' class='shareaholic-canvas' data-app='follow_buttons' data-title='7 Palette Colori Estate Senza Tempo Da Provare' data-link='https:\/\/www.kunstloft.it\/rivista\/7-palette-colori-estate-senza-tempo\/' data-summary='Scoprite la magia dei colori dell&#039;estate senza tempo, che portano calore e vivacit\u00e0 alla vostra casa anno dopo anno. In questo articolo presentiamo tonalit\u00e0 classiche come pastelli rilassanti, colori audaci e toni della terra che evocano senza sforzo lo spirito dell&#039;estate. Scoprite come creare un&#039;atmosfera elegante, rinfrescante e invitante con queste combinazioni di colori intramontabili. Che si tratti di rinnovare il soggiorno, la camera da letto o lo spazio esterno, queste' data-app-id='28699039'><\/div><\/div>\n\t\t\t\t\t\t<\/div>\n\t\t\t\t<\/div>\n\t\t\t\t\t<\/div>\n\t\t<\/div>\n\t\t\t\t\t<\/div>\n\t\t<\/section>\n\t\t\t\t<section class=\"elementor-section elementor-top-section elementor-element elementor-element-2645b1b elementor-section-boxed elementor-section-height-default elementor-section-height-default\" data-id=\"2645b1b\" data-element_type=\"section\" data-e-type=\"section\">\n\t\t\t\t\t\t<div class=\"elementor-container elementor-column-gap-default\">\n\t\t\t\t\t<div class=\"elementor-column elementor-col-100 elementor-top-column elementor-element elementor-element-f91ace5\" data-id=\"f91ace5\" data-element_type=\"column\" data-e-type=\"column\">\n\t\t\t<div class=\"elementor-widget-wrap elementor-element-populated\">\n\t\t\t\t\t\t<div class=\"elementor-element elementor-element-6b8d4b6 elementor-widget elementor-widget-spacer\" data-id=\"6b8d4b6\" data-element_type=\"widget\" data-e-type=\"widget\" data-widget_type=\"spacer.default\">\n\t\t\t\t<div class=\"elementor-widget-container\">\n\t\t\t\t\t\t\t<div class=\"elementor-spacer\">\n\t\t\t<div class=\"elementor-spacer-inner\"><\/div>\n\t\t<\/div>\n\t\t\t\t\t\t<\/div>\n\t\t\t\t<\/div>\n\t\t\t\t\t<\/div>\n\t\t<\/div>\n\t\t\t\t\t<\/div>\n\t\t<\/section>\n\t\t\t\t<section class=\"elementor-section elementor-top-section elementor-element elementor-element-1d3d2ba elementor-section-boxed elementor-section-height-default elementor-section-height-default\" data-id=\"1d3d2ba\" data-element_type=\"section\" data-e-type=\"section\">\n\t\t\t\t\t\t<div class=\"elementor-container elementor-column-gap-default\">\n\t\t\t\t\t<div class=\"elementor-column elementor-col-100 elementor-top-column elementor-element elementor-element-226dd1f\" data-id=\"226dd1f\" data-element_type=\"column\" data-e-type=\"column\" data-settings=\"{&quot;background_background&quot;:&quot;gradient&quot;}\">\n\t\t\t<div class=\"elementor-widget-wrap elementor-element-populated\">\n\t\t\t\t\t\t<div class=\"elementor-element elementor-element-0576fc0 elementor-widget elementor-widget-text-editor\" data-id=\"0576fc0\" data-element_type=\"widget\" data-e-type=\"widget\" data-widget_type=\"text-editor.default\">\n\t\t\t\t<div class=\"elementor-widget-container\">\n\t\t\t\t\t\t\t\t\t<p><strong>Crediti d&#8217;immagine:<\/strong> @KunstLoft\u00a0<\/p>\t\t\t\t\t\t\t\t<\/div>\n\t\t\t\t<\/div>\n\t\t\t\t\t<\/div>\n\t\t<\/div>\n\t\t\t\t\t<\/div>\n\t\t<\/section>\n\t\t\t\t<\/div>\n\t\t","protected":false},"excerpt":{"rendered":"<p>Scoprite la magia dei colori dell&#8217;estate senza tempo, che portano calore e vivacit\u00e0 alla vostra casa anno dopo anno. In questo articolo presentiamo tonalit\u00e0 classiche come pastelli rilassanti, colori audaci e toni della terra che evocano senza sforzo lo spirito dell&#8217;estate. Scoprite come creare un&#8217;atmosfera elegante, rinfrescante e invitante con queste combinazioni di colori intramontabili. Che si tratti di rinnovare il soggiorno, la camera da letto o lo spazio esterno, queste palette senza tempo renderanno la vostra casa chic e invitante a prescindere dalla stagione. Godetevi la bellezza dell&#8217;estate con colori che non passano mai di moda.<\/p>\n","protected":false},"author":11,"featured_media":46011,"comment_status":"closed","ping_status":"open","sticky":false,"template":"","format":"standard","meta":{"footnotes":""},"categories":[4],"tags":[],"class_list":["post-45952","post","type-post","status-publish","format-standard","has-post-thumbnail","hentry","category-conoscenza-dellarte"],"yoast_head":"<!-- This site is optimized with the Yoast SEO plugin v27.3 - https:\/\/yoast.com\/product\/yoast-seo-wordpress\/ -->\n<title>7 Palette Colori Estate Senza Tempo Da Provare<\/title>\n<meta name=\"description\" content=\"Scoprite 7 intramontabili palette colori estate che renderanno la vostra casa fresca ed elegante. Scoprite come incorporare queste tonalit\u00e0 classiche nei vostri interni.\" \/>\n<meta name=\"robots\" content=\"index, follow, max-snippet:-1, max-image-preview:large, max-video-preview:-1\" \/>\n<link rel=\"canonical\" href=\"https:\/\/www.kunstloft.it\/rivista\/7-palette-colori-estate-senza-tempo\/\" \/>\n<meta property=\"og:locale\" content=\"it_IT\" \/>\n<meta property=\"og:type\" content=\"article\" \/>\n<meta property=\"og:title\" content=\"7 Palette Colori Estate Senza Tempo Da Provare\" \/>\n<meta property=\"og:description\" content=\"Scoprite 7 intramontabili palette colori estate che renderanno la vostra casa fresca ed elegante. Scoprite come incorporare queste tonalit\u00e0 classiche nei vostri interni.\" \/>\n<meta property=\"og:url\" content=\"https:\/\/www.kunstloft.it\/rivista\/7-palette-colori-estate-senza-tempo\/\" \/>\n<meta property=\"og:site_name\" content=\"KUNSTLOFT\" \/>\n<meta property=\"article:publisher\" content=\"https:\/\/www.facebook.com\/kunstloft.it\/\" \/>\n<meta property=\"article:published_time\" content=\"2024-06-13T12:02:00+00:00\" \/>\n<meta property=\"article:modified_time\" content=\"2025-09-10T15:08:20+00:00\" \/>\n<meta property=\"og:image\" content=\"https:\/\/www.kunstloft.it\/rivista\/wp-content\/uploads\/2024\/09\/Four-living-areas-each-with-a-different-timeless-summer-color-palette-combination.-Each-living-area-should-have-a-contemporary-soft-sofa-a-coffee-ta.webp\" \/>\n\t<meta property=\"og:image:width\" content=\"1280\" \/>\n\t<meta property=\"og:image:height\" content=\"853\" \/>\n\t<meta property=\"og:image:type\" content=\"image\/webp\" \/>\n<meta name=\"author\" content=\"Coleen\" \/>\n<meta name=\"twitter:card\" content=\"summary_large_image\" \/>\n<meta name=\"twitter:label1\" content=\"Scritto da\" \/>\n\t<meta name=\"twitter:data1\" content=\"Coleen\" \/>\n\t<meta name=\"twitter:label2\" content=\"Tempo di lettura stimato\" \/>\n\t<meta name=\"twitter:data2\" content=\"20 minuti\" \/>\n<script type=\"application\/ld+json\" class=\"yoast-schema-graph\">{\"@context\":\"https:\\\/\\\/schema.org\",\"@graph\":[{\"@type\":\"Article\",\"@id\":\"https:\\\/\\\/www.kunstloft.it\\\/rivista\\\/7-palette-colori-estate-senza-tempo\\\/#article\",\"isPartOf\":{\"@id\":\"https:\\\/\\\/www.kunstloft.it\\\/rivista\\\/7-palette-colori-estate-senza-tempo\\\/\"},\"author\":{\"name\":\"Coleen\",\"@id\":\"https:\\\/\\\/www.kunstloft.it\\\/rivista\\\/#\\\/schema\\\/person\\\/ad105a27937e8215455151de82eefa85\"},\"headline\":\"7 Palette Colori Estate Senza Tempo Da Provare\",\"datePublished\":\"2024-06-13T12:02:00+00:00\",\"dateModified\":\"2025-09-10T15:08:20+00:00\",\"mainEntityOfPage\":{\"@id\":\"https:\\\/\\\/www.kunstloft.it\\\/rivista\\\/7-palette-colori-estate-senza-tempo\\\/\"},\"wordCount\":2413,\"publisher\":{\"@id\":\"https:\\\/\\\/www.kunstloft.it\\\/rivista\\\/#organization\"},\"image\":{\"@id\":\"https:\\\/\\\/www.kunstloft.it\\\/rivista\\\/7-palette-colori-estate-senza-tempo\\\/#primaryimage\"},\"thumbnailUrl\":\"https:\\\/\\\/www.kunstloft.it\\\/rivista\\\/wp-content\\\/uploads\\\/2024\\\/09\\\/Four-living-areas-each-with-a-different-timeless-summer-color-palette-combination.-Each-living-area-should-have-a-contemporary-soft-sofa-a-coffee-ta.webp\",\"articleSection\":[\"Conoscenza dell'arte\"],\"inLanguage\":\"it-IT\"},{\"@type\":\"WebPage\",\"@id\":\"https:\\\/\\\/www.kunstloft.it\\\/rivista\\\/7-palette-colori-estate-senza-tempo\\\/\",\"url\":\"https:\\\/\\\/www.kunstloft.it\\\/rivista\\\/7-palette-colori-estate-senza-tempo\\\/\",\"name\":\"7 Palette Colori Estate Senza Tempo Da Provare\",\"isPartOf\":{\"@id\":\"https:\\\/\\\/www.kunstloft.it\\\/rivista\\\/#website\"},\"primaryImageOfPage\":{\"@id\":\"https:\\\/\\\/www.kunstloft.it\\\/rivista\\\/7-palette-colori-estate-senza-tempo\\\/#primaryimage\"},\"image\":{\"@id\":\"https:\\\/\\\/www.kunstloft.it\\\/rivista\\\/7-palette-colori-estate-senza-tempo\\\/#primaryimage\"},\"thumbnailUrl\":\"https:\\\/\\\/www.kunstloft.it\\\/rivista\\\/wp-content\\\/uploads\\\/2024\\\/09\\\/Four-living-areas-each-with-a-different-timeless-summer-color-palette-combination.-Each-living-area-should-have-a-contemporary-soft-sofa-a-coffee-ta.webp\",\"datePublished\":\"2024-06-13T12:02:00+00:00\",\"dateModified\":\"2025-09-10T15:08:20+00:00\",\"description\":\"Scoprite 7 intramontabili palette colori estate che renderanno la vostra casa fresca ed elegante. Scoprite come incorporare queste tonalit\u00e0 classiche nei vostri interni.\",\"breadcrumb\":{\"@id\":\"https:\\\/\\\/www.kunstloft.it\\\/rivista\\\/7-palette-colori-estate-senza-tempo\\\/#breadcrumb\"},\"inLanguage\":\"it-IT\",\"potentialAction\":[{\"@type\":\"ReadAction\",\"target\":[\"https:\\\/\\\/www.kunstloft.it\\\/rivista\\\/7-palette-colori-estate-senza-tempo\\\/\"]}]},{\"@type\":\"ImageObject\",\"inLanguage\":\"it-IT\",\"@id\":\"https:\\\/\\\/www.kunstloft.it\\\/rivista\\\/7-palette-colori-estate-senza-tempo\\\/#primaryimage\",\"url\":\"https:\\\/\\\/www.kunstloft.it\\\/rivista\\\/wp-content\\\/uploads\\\/2024\\\/09\\\/Four-living-areas-each-with-a-different-timeless-summer-color-palette-combination.-Each-living-area-should-have-a-contemporary-soft-sofa-a-coffee-ta.webp\",\"contentUrl\":\"https:\\\/\\\/www.kunstloft.it\\\/rivista\\\/wp-content\\\/uploads\\\/2024\\\/09\\\/Four-living-areas-each-with-a-different-timeless-summer-color-palette-combination.-Each-living-area-should-have-a-contemporary-soft-sofa-a-coffee-ta.webp\",\"width\":1280,\"height\":853,\"caption\":\"Four living areas, each with a different timeless summer color palette combination.\"},{\"@type\":\"BreadcrumbList\",\"@id\":\"https:\\\/\\\/www.kunstloft.it\\\/rivista\\\/7-palette-colori-estate-senza-tempo\\\/#breadcrumb\",\"itemListElement\":[{\"@type\":\"ListItem\",\"position\":1,\"name\":\"Home\",\"item\":\"https:\\\/\\\/www.kunstloft.it\\\/rivista\\\/\"},{\"@type\":\"ListItem\",\"position\":2,\"name\":\"7 Palette Colori Estate Senza Tempo Da Provare\"}]},{\"@type\":\"WebSite\",\"@id\":\"https:\\\/\\\/www.kunstloft.it\\\/rivista\\\/#website\",\"url\":\"https:\\\/\\\/www.kunstloft.it\\\/rivista\\\/\",\"name\":\"KUNSTLOFT\",\"description\":\"Rivista\",\"publisher\":{\"@id\":\"https:\\\/\\\/www.kunstloft.it\\\/rivista\\\/#organization\"},\"potentialAction\":[{\"@type\":\"SearchAction\",\"target\":{\"@type\":\"EntryPoint\",\"urlTemplate\":\"https:\\\/\\\/www.kunstloft.it\\\/rivista\\\/?s={search_term_string}\"},\"query-input\":{\"@type\":\"PropertyValueSpecification\",\"valueRequired\":true,\"valueName\":\"search_term_string\"}}],\"inLanguage\":\"it-IT\"},{\"@type\":\"Organization\",\"@id\":\"https:\\\/\\\/www.kunstloft.it\\\/rivista\\\/#organization\",\"name\":\"KUNSTLOFT\",\"url\":\"https:\\\/\\\/www.kunstloft.it\\\/rivista\\\/\",\"logo\":{\"@type\":\"ImageObject\",\"inLanguage\":\"it-IT\",\"@id\":\"https:\\\/\\\/www.kunstloft.it\\\/rivista\\\/#\\\/schema\\\/logo\\\/image\\\/\",\"url\":\"https:\\\/\\\/www.kunstloft.it\\\/rivista\\\/wp-content\\\/uploads\\\/2023\\\/06\\\/Logo-Kunstloft-377x377-1.png\",\"contentUrl\":\"https:\\\/\\\/www.kunstloft.it\\\/rivista\\\/wp-content\\\/uploads\\\/2023\\\/06\\\/Logo-Kunstloft-377x377-1.png\",\"width\":377,\"height\":377,\"caption\":\"KUNSTLOFT\"},\"image\":{\"@id\":\"https:\\\/\\\/www.kunstloft.it\\\/rivista\\\/#\\\/schema\\\/logo\\\/image\\\/\"},\"sameAs\":[\"https:\\\/\\\/www.facebook.com\\\/kunstloft.it\\\/\",\"https:\\\/\\\/www.instagram.com\\\/kunstloft\\\/\"]},{\"@type\":\"Person\",\"@id\":\"https:\\\/\\\/www.kunstloft.it\\\/rivista\\\/#\\\/schema\\\/person\\\/ad105a27937e8215455151de82eefa85\",\"name\":\"Coleen\",\"image\":{\"@type\":\"ImageObject\",\"inLanguage\":\"it-IT\",\"@id\":\"https:\\\/\\\/secure.gravatar.com\\\/avatar\\\/c6bb574d79a867e6bbd16c59a1422a9f7e62d389b3847dbc78a68fdedbe6feaf?s=96&d=mm&r=g\",\"url\":\"https:\\\/\\\/secure.gravatar.com\\\/avatar\\\/c6bb574d79a867e6bbd16c59a1422a9f7e62d389b3847dbc78a68fdedbe6feaf?s=96&d=mm&r=g\",\"contentUrl\":\"https:\\\/\\\/secure.gravatar.com\\\/avatar\\\/c6bb574d79a867e6bbd16c59a1422a9f7e62d389b3847dbc78a68fdedbe6feaf?s=96&d=mm&r=g\",\"caption\":\"Coleen\"},\"url\":\"https:\\\/\\\/www.kunstloft.it\\\/rivista\\\/author\\\/coleens\\\/\"}]}<\/script>\n<!-- \/ Yoast SEO plugin. -->","yoast_head_json":{"title":"7 Palette Colori Estate Senza Tempo Da Provare","description":"Scoprite 7 intramontabili palette colori estate che renderanno la vostra casa fresca ed elegante. Scoprite come incorporare queste tonalit\u00e0 classiche nei vostri interni.","robots":{"index":"index","follow":"follow","max-snippet":"max-snippet:-1","max-image-preview":"max-image-preview:large","max-video-preview":"max-video-preview:-1"},"canonical":"https:\/\/www.kunstloft.it\/rivista\/7-palette-colori-estate-senza-tempo\/","og_locale":"it_IT","og_type":"article","og_title":"7 Palette Colori Estate Senza Tempo Da Provare","og_description":"Scoprite 7 intramontabili palette colori estate che renderanno la vostra casa fresca ed elegante. Scoprite come incorporare queste tonalit\u00e0 classiche nei vostri interni.","og_url":"https:\/\/www.kunstloft.it\/rivista\/7-palette-colori-estate-senza-tempo\/","og_site_name":"KUNSTLOFT","article_publisher":"https:\/\/www.facebook.com\/kunstloft.it\/","article_published_time":"2024-06-13T12:02:00+00:00","article_modified_time":"2025-09-10T15:08:20+00:00","og_image":[{"width":1280,"height":853,"url":"https:\/\/www.kunstloft.it\/rivista\/wp-content\/uploads\/2024\/09\/Four-living-areas-each-with-a-different-timeless-summer-color-palette-combination.-Each-living-area-should-have-a-contemporary-soft-sofa-a-coffee-ta.webp","type":"image\/webp"}],"author":"Coleen","twitter_card":"summary_large_image","twitter_misc":{"Scritto da":"Coleen","Tempo di lettura stimato":"20 minuti"},"schema":{"@context":"https:\/\/schema.org","@graph":[{"@type":"Article","@id":"https:\/\/www.kunstloft.it\/rivista\/7-palette-colori-estate-senza-tempo\/#article","isPartOf":{"@id":"https:\/\/www.kunstloft.it\/rivista\/7-palette-colori-estate-senza-tempo\/"},"author":{"name":"Coleen","@id":"https:\/\/www.kunstloft.it\/rivista\/#\/schema\/person\/ad105a27937e8215455151de82eefa85"},"headline":"7 Palette Colori Estate Senza Tempo Da Provare","datePublished":"2024-06-13T12:02:00+00:00","dateModified":"2025-09-10T15:08:20+00:00","mainEntityOfPage":{"@id":"https:\/\/www.kunstloft.it\/rivista\/7-palette-colori-estate-senza-tempo\/"},"wordCount":2413,"publisher":{"@id":"https:\/\/www.kunstloft.it\/rivista\/#organization"},"image":{"@id":"https:\/\/www.kunstloft.it\/rivista\/7-palette-colori-estate-senza-tempo\/#primaryimage"},"thumbnailUrl":"https:\/\/www.kunstloft.it\/rivista\/wp-content\/uploads\/2024\/09\/Four-living-areas-each-with-a-different-timeless-summer-color-palette-combination.-Each-living-area-should-have-a-contemporary-soft-sofa-a-coffee-ta.webp","articleSection":["Conoscenza dell'arte"],"inLanguage":"it-IT"},{"@type":"WebPage","@id":"https:\/\/www.kunstloft.it\/rivista\/7-palette-colori-estate-senza-tempo\/","url":"https:\/\/www.kunstloft.it\/rivista\/7-palette-colori-estate-senza-tempo\/","name":"7 Palette Colori Estate Senza Tempo Da Provare","isPartOf":{"@id":"https:\/\/www.kunstloft.it\/rivista\/#website"},"primaryImageOfPage":{"@id":"https:\/\/www.kunstloft.it\/rivista\/7-palette-colori-estate-senza-tempo\/#primaryimage"},"image":{"@id":"https:\/\/www.kunstloft.it\/rivista\/7-palette-colori-estate-senza-tempo\/#primaryimage"},"thumbnailUrl":"https:\/\/www.kunstloft.it\/rivista\/wp-content\/uploads\/2024\/09\/Four-living-areas-each-with-a-different-timeless-summer-color-palette-combination.-Each-living-area-should-have-a-contemporary-soft-sofa-a-coffee-ta.webp","datePublished":"2024-06-13T12:02:00+00:00","dateModified":"2025-09-10T15:08:20+00:00","description":"Scoprite 7 intramontabili palette colori estate che renderanno la vostra casa fresca ed elegante. Scoprite come incorporare queste tonalit\u00e0 classiche nei vostri interni.","breadcrumb":{"@id":"https:\/\/www.kunstloft.it\/rivista\/7-palette-colori-estate-senza-tempo\/#breadcrumb"},"inLanguage":"it-IT","potentialAction":[{"@type":"ReadAction","target":["https:\/\/www.kunstloft.it\/rivista\/7-palette-colori-estate-senza-tempo\/"]}]},{"@type":"ImageObject","inLanguage":"it-IT","@id":"https:\/\/www.kunstloft.it\/rivista\/7-palette-colori-estate-senza-tempo\/#primaryimage","url":"https:\/\/www.kunstloft.it\/rivista\/wp-content\/uploads\/2024\/09\/Four-living-areas-each-with-a-different-timeless-summer-color-palette-combination.-Each-living-area-should-have-a-contemporary-soft-sofa-a-coffee-ta.webp","contentUrl":"https:\/\/www.kunstloft.it\/rivista\/wp-content\/uploads\/2024\/09\/Four-living-areas-each-with-a-different-timeless-summer-color-palette-combination.-Each-living-area-should-have-a-contemporary-soft-sofa-a-coffee-ta.webp","width":1280,"height":853,"caption":"Four living areas, each with a different timeless summer color palette combination."},{"@type":"BreadcrumbList","@id":"https:\/\/www.kunstloft.it\/rivista\/7-palette-colori-estate-senza-tempo\/#breadcrumb","itemListElement":[{"@type":"ListItem","position":1,"name":"Home","item":"https:\/\/www.kunstloft.it\/rivista\/"},{"@type":"ListItem","position":2,"name":"7 Palette Colori Estate Senza Tempo Da Provare"}]},{"@type":"WebSite","@id":"https:\/\/www.kunstloft.it\/rivista\/#website","url":"https:\/\/www.kunstloft.it\/rivista\/","name":"KUNSTLOFT","description":"Rivista","publisher":{"@id":"https:\/\/www.kunstloft.it\/rivista\/#organization"},"potentialAction":[{"@type":"SearchAction","target":{"@type":"EntryPoint","urlTemplate":"https:\/\/www.kunstloft.it\/rivista\/?s={search_term_string}"},"query-input":{"@type":"PropertyValueSpecification","valueRequired":true,"valueName":"search_term_string"}}],"inLanguage":"it-IT"},{"@type":"Organization","@id":"https:\/\/www.kunstloft.it\/rivista\/#organization","name":"KUNSTLOFT","url":"https:\/\/www.kunstloft.it\/rivista\/","logo":{"@type":"ImageObject","inLanguage":"it-IT","@id":"https:\/\/www.kunstloft.it\/rivista\/#\/schema\/logo\/image\/","url":"https:\/\/www.kunstloft.it\/rivista\/wp-content\/uploads\/2023\/06\/Logo-Kunstloft-377x377-1.png","contentUrl":"https:\/\/www.kunstloft.it\/rivista\/wp-content\/uploads\/2023\/06\/Logo-Kunstloft-377x377-1.png","width":377,"height":377,"caption":"KUNSTLOFT"},"image":{"@id":"https:\/\/www.kunstloft.it\/rivista\/#\/schema\/logo\/image\/"},"sameAs":["https:\/\/www.facebook.com\/kunstloft.it\/","https:\/\/www.instagram.com\/kunstloft\/"]},{"@type":"Person","@id":"https:\/\/www.kunstloft.it\/rivista\/#\/schema\/person\/ad105a27937e8215455151de82eefa85","name":"Coleen","image":{"@type":"ImageObject","inLanguage":"it-IT","@id":"https:\/\/secure.gravatar.com\/avatar\/c6bb574d79a867e6bbd16c59a1422a9f7e62d389b3847dbc78a68fdedbe6feaf?s=96&d=mm&r=g","url":"https:\/\/secure.gravatar.com\/avatar\/c6bb574d79a867e6bbd16c59a1422a9f7e62d389b3847dbc78a68fdedbe6feaf?s=96&d=mm&r=g","contentUrl":"https:\/\/secure.gravatar.com\/avatar\/c6bb574d79a867e6bbd16c59a1422a9f7e62d389b3847dbc78a68fdedbe6feaf?s=96&d=mm&r=g","caption":"Coleen"},"url":"https:\/\/www.kunstloft.it\/rivista\/author\/coleens\/"}]}},"_links":{"self":[{"href":"https:\/\/www.kunstloft.it\/rivista\/wp-json\/wp\/v2\/posts\/45952","targetHints":{"allow":["GET"]}}],"collection":[{"href":"https:\/\/www.kunstloft.it\/rivista\/wp-json\/wp\/v2\/posts"}],"about":[{"href":"https:\/\/www.kunstloft.it\/rivista\/wp-json\/wp\/v2\/types\/post"}],"author":[{"embeddable":true,"href":"https:\/\/www.kunstloft.it\/rivista\/wp-json\/wp\/v2\/users\/11"}],"replies":[{"embeddable":true,"href":"https:\/\/www.kunstloft.it\/rivista\/wp-json\/wp\/v2\/comments?post=45952"}],"version-history":[{"count":10,"href":"https:\/\/www.kunstloft.it\/rivista\/wp-json\/wp\/v2\/posts\/45952\/revisions"}],"predecessor-version":[{"id":46035,"href":"https:\/\/www.kunstloft.it\/rivista\/wp-json\/wp\/v2\/posts\/45952\/revisions\/46035"}],"wp:featuredmedia":[{"embeddable":true,"href":"https:\/\/www.kunstloft.it\/rivista\/wp-json\/wp\/v2\/media\/46011"}],"wp:attachment":[{"href":"https:\/\/www.kunstloft.it\/rivista\/wp-json\/wp\/v2\/media?parent=45952"}],"wp:term":[{"taxonomy":"category","embeddable":true,"href":"https:\/\/www.kunstloft.it\/rivista\/wp-json\/wp\/v2\/categories?post=45952"},{"taxonomy":"post_tag","embeddable":true,"href":"https:\/\/www.kunstloft.it\/rivista\/wp-json\/wp\/v2\/tags?post=45952"}],"curies":[{"name":"wp","href":"https:\/\/api.w.org\/{rel}","templated":true}]}}